{"id":139584,"date":"2026-01-11T14:37:07","date_gmt":"2026-01-11T14:37:07","guid":{"rendered":"https:\/\/www.europesays.com\/fi\/139584\/"},"modified":"2026-01-11T14:37:07","modified_gmt":"2026-01-11T14:37:07","slug":"jari-saario-anteeksi-ilta-sanomat","status":"publish","type":"post","link":"https:\/\/www.europesays.com\/fi\/139584\/","title":{"rendered":"Jari Saario: anteeksi &#8211; Ilta-Sanomat"},"content":{"rendered":"<p>Jari Saario julkaisi tunteikkaan videon.<\/p>\n<p class=\"article-body mb-nof-24 px-nof-16\">Merih\u00e4t\u00e4\u00e4n joutunut soutaja <a class=\"font-bold underline-offset-[0.12em] [text-decoration:var(--person-link-text-decoration)] ![text-decoration-color:var(--person-link-text-decoration-color)]\" href=\"https:\/\/www.is.fi\/haku\/?query=Jari%20Saario\" rel=\"nofollow noopener\" target=\"_blank\">Jari Saario<\/a> julkaisi sunnuntaina tunteikkaan anteeksipyynn\u00f6n Instagramin <a class=\"underline underline-offset-[0.12em] [text-decoration-thickness:var(--generic-link-underline-thickness)] [text-decoration-color:var(--generic-link-underline-color)] [text-decoration-skip-ink:var(--generic-link-underline-skip-ink)] break-words\" href=\"https:\/\/www.instagram.com\/stories\/jari_saario\/3807717337420586366\/\" rel=\"nofollow noopener\" target=\"_blank\">tarinat<\/a>-osiossa.<\/p>\n<p class=\"article-body mb-nof-24 px-nof-16\">\u2013 M\u00e4 haluan pyyt\u00e4\u00e4 anteeksi mun perheelt\u00e4, yhteisty\u00f6kumppaneilta ja ihan jokaiselta seuraajalta. Mit\u00e4 kaikkea varmaan tekin ootte kokenut tossa, kun ei tied\u00e4, miten k\u00e4y, Saario sanoo videolla.<\/p>\n<p class=\"article-body mb-nof-24 px-nof-16\">\u2013 Toi oli ihan k\u00e4sitt\u00e4m\u00e4t\u00f6n tapahtumaketju, miten kaikki sitten eteni viel\u00e4 ihan viimeiseen hetkeen asti. Ihan k\u00e4sitt\u00e4m\u00e4t\u00f6n pelastusoperaatio.<\/p>\n<p class=\"article-body mb-nof-24 px-nof-16\">Saario kertoo my\u00f6s olevansa olosuhteisiin n\u00e4hden hyv\u00e4ss\u00e4 kunnossa. H\u00e4n sanoo, ett\u00e4 h\u00e4nen matkansa jatkuu nyt joko Etel\u00e4-Afrikkaan tai Bangladeshiin.<\/p>\n<p class=\"article-body mb-nof-24 px-nof-16\">Saarion taustajoukkojen sunnuntaina julkaisemassa tiedotteessa kerrotaan, ett\u00e4 Cymona Eagle -alus on matkalla kohti Kapkaupunkia, josta Saarion kotiinpaluu Suomeen voi alkaa.<\/p>\n<p class=\"article-body mb-nof-24 px-nof-16\">Tiedotteessa sanotaan, ett\u00e4 Meripelastuslaitoksen arvion mukaan aluksen matka Kapkaupunkiin kest\u00e4\u00e4 noin viisi vuorokautta, joten se olisi perill\u00e4 16. tammikuuta.<\/p>\n<p class=\"article-body mb-nof-24 px-nof-16\">Saario joutui merih\u00e4t\u00e4\u00e4n perjantai-iltana Suomen aikaa yksinsoutumatkallaan Etel\u00e4-Amerikan etel\u00e4k\u00e4rjest\u00e4 Kap Hornista Afrikan etel\u00e4k\u00e4rkeen Kapkaupunkiin.<\/p>\n<p class=\"article-body mb-nof-24 px-nof-16\">Soutaja pelastettiin kauppa-aluksen kyytiin Atlantin valtamerell\u00e4 sunnuntain vastaisena y\u00f6n\u00e4 Suomen aikaa.<\/p>\n<p><script async src=\"\/\/www.instagram.com\/embed.js\"><\/script><\/p>\n","protected":false},"excerpt":{"rendered":"Jari Saario julkaisi tunteikkaan videon. Merih\u00e4t\u00e4\u00e4n joutunut soutaja Jari Saario julkaisi sunnuntaina tunteikkaan anteeksipyynn\u00f6n Instagramin tarinat-osiossa. \u2013 M\u00e4&hellip;\n","protected":false},"author":2,"featured_media":139585,"comment_status":"","ping_status":"","sticky":false,"template":"","format":"standard","meta":{"footnotes":""},"categories":[136],"tags":[407,137,33,31,30,34,408,32,109],"class_list":{"0":"post-139584","1":"post","2":"type-post","3":"status-publish","4":"format-standard","5":"has-post-thumbnail","7":"category-julkkikset","8":"tag-celebrities","9":"tag-entertainment","10":"tag-fi","11":"tag-finland","12":"tag-finnish","13":"tag-ilta-sanomat","14":"tag-julkkikset","15":"tag-suomi","16":"tag-viihde"},"share_on_mastodon":{"url":"https:\/\/pubeurope.com\/@fi\/115876976540462242","error":""},"_links":{"self":[{"href":"https:\/\/www.europesays.com\/fi\/wp-json\/wp\/v2\/posts\/139584","targetHints":{"allow":["GET"]}}],"collection":[{"href":"https:\/\/www.europesays.com\/fi\/wp-json\/wp\/v2\/posts"}],"about":[{"href":"https:\/\/www.europesays.com\/fi\/wp-json\/wp\/v2\/types\/post"}],"author":[{"embeddable":true,"href":"https:\/\/www.europesays.com\/fi\/wp-json\/wp\/v2\/users\/2"}],"replies":[{"embeddable":true,"href":"https:\/\/www.europesays.com\/fi\/wp-json\/wp\/v2\/comments?post=139584"}],"version-history":[{"count":0,"href":"https:\/\/www.europesays.com\/fi\/wp-json\/wp\/v2\/posts\/139584\/revisions"}],"wp:featuredmedia":[{"embeddable":true,"href":"https:\/\/www.europesays.com\/fi\/wp-json\/wp\/v2\/media\/139585"}],"wp:attachment":[{"href":"https:\/\/www.europesays.com\/fi\/wp-json\/wp\/v2\/media?parent=139584"}],"wp:term":[{"taxonomy":"category","embeddable":true,"href":"https:\/\/www.europesays.com\/fi\/wp-json\/wp\/v2\/categories?post=139584"},{"taxonomy":"post_tag","embeddable":true,"href":"https:\/\/www.europesays.com\/fi\/wp-json\/wp\/v2\/tags?post=139584"}],"curies":[{"name":"wp","href":"https:\/\/api.w.org\/{rel}","templated":true}]}}