{"id":139586,"date":"2026-01-11T14:41:03","date_gmt":"2026-01-11T14:41:03","guid":{"rendered":"https:\/\/www.europesays.com\/fi\/139586\/"},"modified":"2026-01-11T14:41:03","modified_gmt":"2026-01-11T14:41:03","slug":"vappu-pimia-palasi-suomeen-esittelee-upeaa-lomaansa","status":"publish","type":"post","link":"https:\/\/www.europesays.com\/fi\/139586\/","title":{"rendered":"Vappu Pimi\u00e4 palasi Suomeen \u2013 esittelee upeaa lomaansa"},"content":{"rendered":"<p>Juontaja <strong>Vappu Pimi\u00e4<\/strong> vietti perheineen pitk\u00e4n loman. Se suuntautui Kaliforniaan, jossa Vappu kertoo perheell\u00e4 olevan sukua. H\u00e4n kertoo sen julkaisussaan, jossa esittelee samalla perheen upeaa lomaa.<\/p>\n<p>Lue my\u00f6s: <a href=\"https:\/\/www.como.fi\/uutiset\/salakuva-vappu-pimiasta-ja-miehesta-leviaa\/\" title=\"Salakuva Vappu Pimi\u00e4st\u00e4 ja miehest\u00e4 levi\u00e4\u00e4\" class=\"underline-custom !font-montserrat !font-bold !underline-offset-4 !decoration-4 !decoration-red-600 !text-md\" rel=\"nofollow noopener\" target=\"_blank\">Salakuva Vappu Pimi\u00e4st\u00e4 ja miehest\u00e4 levi\u00e4\u00e4<\/a><\/p>\n<p>Lue my\u00f6s: <a href=\"https:\/\/www.como.fi\/uutiset\/vappu-pimia-lunasti-joululahjan-sain-vihdoin-maaniteltua\/\" title=\"Vappu Pimi\u00e4 lunasti joululahjan \u2013 \u201dSain vihdoin maaniteltua\u201d\" class=\"underline-custom !font-montserrat !font-bold !underline-offset-4 !decoration-4 !decoration-red-600 !text-md\" rel=\"nofollow noopener\" target=\"_blank\">Vappu Pimi\u00e4 lunasti joululahjan \u2013 \u201dSain vihdoin maaniteltua\u201d<\/a><\/p>\n<p>\u2013 Kuukausi vier\u00e4hti Los Angelesissa taas yhdess\u00e4 hujauksessa. Oli ihana p\u00e4\u00e4st\u00e4 tuttuihin maisemiin ja tapaamaan Amerikan sukulaisia ja yst\u00e4vi\u00e4 kahden vuoden tauon j\u00e4lkeen, kertoo Pimi\u00e4.<\/p>\n<p>Vappu oli hoksannut loman aikana, miksi Kalifornia on heille juuri paras lomakohde.<\/p>\n<p>\u2013 Tajusin miksi viihdyn niin hyvin Kaliforniassa ja Manhattan Beachill\u00e4; taika lienee nimitt\u00e4in juuri siin\u00e4, ett\u00e4 kun kulmat ovat tutut, niin ei tule valtavaa tarvetta n\u00e4hd\u00e4 ja tehd\u00e4 mit\u00e4\u00e4n uutta ja ihmeellist\u00e4, toteaa Pimi\u00e4.<\/p>\n<p>Vappu perheineen on lent\u00e4nyt jo Suomeen. H\u00e4n kertoo katsoneensa lennolla 100 litraa sahtia -elokuvan, jota h\u00e4n suosittelee kaikille.<\/p>\n<p><a href=\"https:\/\/www.instagram.com\/reel\/DTTO_YngvE1\/?utm_source=ig_web_copy_link&amp;igsh=MzRlODBiNWFlZA==\" target=\"_blank\" rel=\"noreferrer noopener nofollow\">Vapun loman kuvia ja videota n\u00e4kyy t\u00e4\u00e4ll\u00e4<\/a> ja t\u00e4ss\u00e4 alla.<\/p>\n<p>Lue my\u00f6s: <a href=\"https:\/\/www.como.fi\/tilaa-comon-uutiskirje\/\" title=\"Tilaa Comon uutiskirje ja tied\u00e4t mist\u00e4 kahvitauolla puhutaan! Nappaa kotimaan tv-vinkit ja puheenaiheet suoraan s\u00e4hk\u00f6postiin t\u00e4st\u00e4.\" class=\"underline-custom !font-montserrat !font-bold !underline-offset-4 !decoration-4 !decoration-red-600 !text-md\" rel=\"nofollow noopener\" target=\"_blank\">Tilaa Comon uutiskirje ja tied\u00e4t mist\u00e4 kahvitauolla puhutaan! Nappaa kotimaan tv-vinkit ja puheenaiheet suoraan s\u00e4hk\u00f6postiin t\u00e4st\u00e4.<\/a><\/p>\n<p>\t\t\t<script async src=\"\/\/www.instagram.com\/embed.js\"><\/script><\/p>\n","protected":false},"excerpt":{"rendered":"Juontaja Vappu Pimi\u00e4 vietti perheineen pitk\u00e4n loman. Se suuntautui Kaliforniaan, jossa Vappu kertoo perheell\u00e4 olevan sukua. H\u00e4n kertoo&hellip;\n","protected":false},"author":2,"featured_media":139587,"comment_status":"","ping_status":"","sticky":false,"template":"","format":"standard","meta":{"footnotes":""},"categories":[133],"tags":[137,33,31,30,32,206,156,7258,109],"class_list":{"0":"post-139586","1":"post","2":"type-post","3":"status-publish","4":"format-standard","5":"has-post-thumbnail","7":"category-televisiot","8":"tag-entertainment","9":"tag-fi","10":"tag-finland","11":"tag-finnish","12":"tag-suomi","13":"tag-televisiot","14":"tag-tv","15":"tag-vappu-pimiu00e4","16":"tag-viihde"},"share_on_mastodon":{"url":"https:\/\/pubeurope.com\/@fi\/115876992285303242","error":""},"_links":{"self":[{"href":"https:\/\/www.europesays.com\/fi\/wp-json\/wp\/v2\/posts\/139586","targetHints":{"allow":["GET"]}}],"collection":[{"href":"https:\/\/www.europesays.com\/fi\/wp-json\/wp\/v2\/posts"}],"about":[{"href":"https:\/\/www.europesays.com\/fi\/wp-json\/wp\/v2\/types\/post"}],"author":[{"embeddable":true,"href":"https:\/\/www.europesays.com\/fi\/wp-json\/wp\/v2\/users\/2"}],"replies":[{"embeddable":true,"href":"https:\/\/www.europesays.com\/fi\/wp-json\/wp\/v2\/comments?post=139586"}],"version-history":[{"count":0,"href":"https:\/\/www.europesays.com\/fi\/wp-json\/wp\/v2\/posts\/139586\/revisions"}],"wp:featuredmedia":[{"embeddable":true,"href":"https:\/\/www.europesays.com\/fi\/wp-json\/wp\/v2\/media\/139587"}],"wp:attachment":[{"href":"https:\/\/www.europesays.com\/fi\/wp-json\/wp\/v2\/media?parent=139586"}],"wp:term":[{"taxonomy":"category","embeddable":true,"href":"https:\/\/www.europesays.com\/fi\/wp-json\/wp\/v2\/categories?post=139586"},{"taxonomy":"post_tag","embeddable":true,"href":"https:\/\/www.europesays.com\/fi\/wp-json\/wp\/v2\/tags?post=139586"}],"curies":[{"name":"wp","href":"https:\/\/api.w.org\/{rel}","templated":true}]}}