{"id":139590,"date":"2026-01-11T14:46:11","date_gmt":"2026-01-11T14:46:11","guid":{"rendered":"https:\/\/www.europesays.com\/fi\/139590\/"},"modified":"2026-01-11T14:46:11","modified_gmt":"2026-01-11T14:46:11","slug":"golden-globe-palkinnot-jaetaan-ensi-yona-talla-kertaa-palkitaan-myos-podcasteja-uutisia-lyhyesti","status":"publish","type":"post","link":"https:\/\/www.europesays.com\/fi\/139590\/","title":{"rendered":"Golden Globe -palkinnot jaetaan ensi y\u00f6n\u00e4, t\u00e4ll\u00e4 kertaa palkitaan my\u00f6s podcasteja | Uutisia lyhyesti"},"content":{"rendered":"<p class=\"aw-1gybjub aw-5vja16 kEtdKx kmuxyA yle__article__paragraph\">Tuotantoyhti\u00f6ist\u00e4 eniten ehdokkuuksia ker\u00e4si Netflix.<\/p>\n<p><img decoding=\"async\" alt=\"Golden Globe -gaalan juontaja Nikki Glaser hyvin lyhyess\u00e4 mekossa kultaisessa lavasteessa, jota kehyst\u00e4\u00e4 punaiset portaat.\" src=\"https:\/\/www.europesays.com\/fi\/wp-content\/uploads\/2026\/01\/39-15796816963af0e42d58.jpeg\" class=\"aw-1l9m598 hKVVvP\"\/><\/p>\n<p>Avaa kuvien katselu<\/p>\n<p>Nikki Glaser juontaa Golden Globe -palkintogaalan. Kuva: Chris Torres \/ EPA<\/p>\n<p class=\"aw-1gybjub aw-1p7kakr kEtdKx cEmitX yle__article__paragraph\">Vuosittain jaettavat elokuva- ja televisioalan Golden Globe -palkinnot jaetaan ensi y\u00f6n\u00e4 Suomen aikaa Los Angelesissa Yhdysvalloissa. Gaala alkaa kolmelta aamuy\u00f6ll\u00e4 Suomen aikaa.<\/p>\n<p class=\"aw-1gybjub aw-1p7kakr kEtdKx cEmitX yle__article__paragraph\">Ehdokkuudet vuoden 2025 parhaille elokuville ja tv-sarjoille julkaistiin <a class=\"aw-iao6s4 iHOxEa yle__article__link\" href=\"https:\/\/yle.fi\/a\/74-20198552\" role=\"link\" rel=\"nofollow noopener\" target=\"_blank\">joulukuussa<\/a>.<\/p>\n<p class=\"aw-1gybjub aw-1p7kakr kEtdKx cEmitX yle__article__paragraph\">Eniten elokuvapalkintoehdokkuuksia sai <strong class=\"aw-ak79eh KyCXm yle__article__strong\">Paul Thomas Andersonin<\/strong> ohjaama ja k\u00e4sikirjoittama tragikoominen toimintadraama One Battle After Another, jota t\u00e4hditt\u00e4\u00e4 <strong class=\"aw-ak79eh KyCXm yle__article__strong\">Leonardo DiCaprio.<\/strong> Elokuva sai yhdeks\u00e4n ehdokkuutta.<\/p>\n<p class=\"aw-1gybjub aw-1p7kakr kEtdKx cEmitX yle__article__paragraph\">TV-sarjoista draamakomedia The White Lotus sai eniten ehdokkuuksia, kuudessa eri kategoriassa. Kyseess\u00e4 on HBO Max:n sarjan kolmas tuotantokausi.<\/p>\n<p class=\"aw-1gybjub aw-1p7kakr kEtdKx cEmitX yle__article__paragraph\">Niin elokuva- kuin TV-kategorioissa tuotantoyhti\u00f6ist\u00e4 menestyi parhaiten Netflix. Se sai kaikkiaan 35 ehdokkuutta.<\/p>\n<p class=\"aw-1gybjub aw-1p7kakr kEtdKx cEmitX yle__article__paragraph\">Gaalassa palkitaan t\u00e4n\u00e4 vuonna ensi kertaa my\u00f6s podcasteja. Tapahtuman juontaa viime vuoden tapaan koomikko <strong class=\"aw-ak79eh KyCXm yle__article__strong\">Nikki Glaser<\/strong>. Golden Globe -gaalaa ei televisioida Suomessa.<\/p>\n","protected":false},"excerpt":{"rendered":"Tuotantoyhti\u00f6ist\u00e4 eniten ehdokkuuksia ker\u00e4si Netflix. Avaa kuvien katselu Nikki Glaser juontaa Golden Globe -palkintogaalan. Kuva: Chris Torres \/&hellip;\n","protected":false},"author":2,"featured_media":139591,"comment_status":"","ping_status":"","sticky":false,"template":"","format":"standard","meta":{"footnotes":""},"categories":[130],"tags":[21571,155,137,33,31,30,22962,108,32,109],"class_list":{"0":"post-139590","1":"post","2":"type-post","3":"status-publish","4":"format-standard","5":"has-post-thumbnail","7":"category-viihde","8":"tag-elokuvapalkinnot","9":"tag-elokuvat","10":"tag-entertainment","11":"tag-fi","12":"tag-finland","13":"tag-finnish","14":"tag-golden-globe","15":"tag-kulttuuri","16":"tag-suomi","17":"tag-viihde"},"share_on_mastodon":{"url":"https:\/\/pubeurope.com\/@fi\/115877011940999041","error":""},"_links":{"self":[{"href":"https:\/\/www.europesays.com\/fi\/wp-json\/wp\/v2\/posts\/139590","targetHints":{"allow":["GET"]}}],"collection":[{"href":"https:\/\/www.europesays.com\/fi\/wp-json\/wp\/v2\/posts"}],"about":[{"href":"https:\/\/www.europesays.com\/fi\/wp-json\/wp\/v2\/types\/post"}],"author":[{"embeddable":true,"href":"https:\/\/www.europesays.com\/fi\/wp-json\/wp\/v2\/users\/2"}],"replies":[{"embeddable":true,"href":"https:\/\/www.europesays.com\/fi\/wp-json\/wp\/v2\/comments?post=139590"}],"version-history":[{"count":0,"href":"https:\/\/www.europesays.com\/fi\/wp-json\/wp\/v2\/posts\/139590\/revisions"}],"wp:featuredmedia":[{"embeddable":true,"href":"https:\/\/www.europesays.com\/fi\/wp-json\/wp\/v2\/media\/139591"}],"wp:attachment":[{"href":"https:\/\/www.europesays.com\/fi\/wp-json\/wp\/v2\/media?parent=139590"}],"wp:term":[{"taxonomy":"category","embeddable":true,"href":"https:\/\/www.europesays.com\/fi\/wp-json\/wp\/v2\/categories?post=139590"},{"taxonomy":"post_tag","embeddable":true,"href":"https:\/\/www.europesays.com\/fi\/wp-json\/wp\/v2\/tags?post=139590"}],"curies":[{"name":"wp","href":"https:\/\/api.w.org\/{rel}","templated":true}]}}