{"id":139592,"date":"2026-01-11T14:49:13","date_gmt":"2026-01-11T14:49:13","guid":{"rendered":"https:\/\/www.europesays.com\/fi\/139592\/"},"modified":"2026-01-11T14:49:13","modified_gmt":"2026-01-11T14:49:13","slug":"elainlaakari-kaviokuumeen-oireisiin-pitaa-reagoida-heti","status":"publish","type":"post","link":"https:\/\/www.europesays.com\/fi\/139592\/","title":{"rendered":"El\u00e4inl\u00e4\u00e4k\u00e4ri: Kaviokuumeen oireisiin pit\u00e4\u00e4 reagoida heti"},"content":{"rendered":"<p>                                  Mielipiteet<\/p>\n<p>                <img loading=\"lazy\" decoding=\"async\" itemprop=\"contentUrl\" class=\"figure-img img-fluid\"  src=\"https:\/\/www.europesays.com\/fi\/wp-content\/uploads\/2026\/01\/1768142953_745_imengine.public.prod.hil.infomaker.io.jpeg\" width=\"4252\" height=\"2835\"  alt=\"\"\/><\/p>\n<p>                                                    Kuva:<br \/>\n                    Jukka Lehoj\u00e4rvi<\/p>\n<p class=\"ew-preamble\" itemprop=\"description\"><strong id=\"strong-ada41d7a02f839309973328ac1c5e182\">El\u00e4inl\u00e4\u00e4k\u00e4ri-palstalla lukijoiden kysymyksiin vastaavat Nikulan el\u00e4inklinikan asiantuntijat Matleena Rahkonen, Emmilotta Vehvil\u00e4inen, Leena Valtaoja sek\u00e4 Eveliina Lepp\u00e4vuori. L\u00e4het\u00e4 kysymys palstalle osoitteeseen elainlaakari@hillagroup.fi.<\/strong><\/p>\n<dl class=\"authorbox__creator--dl authorbox__creator--dl--top\">\n<dt class=\"authorbox__creator--name\">\n      Leena Valtaoja\n    <\/dt>\n<dd class=\"authorbox__creator--description\">Keskipohjanmaa<\/dd>\n<\/dl>\n<p>      MAINOS &#8211; juttu jatkuu mainoksen j\u00e4lkeen<\/p>\n<p>      MAINOS &#8211; mainos p\u00e4\u00e4ttyy<\/p>\n<p class=\"ew-body\">Ponini on edellisen omistajan mukaan sairastanut kaviokuumeen. Mit\u00e4 t\u00e4m\u00e4 k\u00e4yt\u00e4nn\u00f6ss\u00e4 tarkoittaa, kysyy lukija.<\/p>\n<p class=\"ew-body\">Kaviokuume on tulehdustila pehmytkudoksessa, joka kiinnitt\u00e4\u00e4 kavioluun sarveiskavioon eli ulkoiseen kaviokapseliin. Tulehdus johtaa kiinnityksen heikentymiseen, jolloin kavioluu asento voi k<\/p>\n<p>  <a class=\"btn btn-secondary btn-icon-left\" href=\"#coral_thread\"><br \/>\n    <img decoding=\"async\" src=\"https:\/\/www.keskipohjanmaa.fi\/wp-content\/themes\/hilla-theme\/assets\/img\/icon_comments.svg\" alt=\"\"\/><br \/>\n    Kommentoi<br \/>\n    \u00a0(0)<br \/>\n  <\/a><\/p>\n<p>  <a class=\"btn btn-secondary btn-icon-left mailto_web\" href=\"mailto:toimitus@keskipohjanmaa.fi?subject=Ilmoita%20asiavirheest%C3%A4&amp;body=Otsikko%3A%20El%C3%A4inl%C3%A4%C3%A4k%C3%A4ri%3A%20Kaviokuumeen%20oireisiin%20pit%C3%A4%C3%A4%20reagoida%20heti%0AUuid%3A%204a578a6b-fa02-42b5-8a0f-a4ef17571dc3%0AUrl%3A%20https%3A%2F%2Fwww.keskipohjanmaa.fi%2Fartikkeli%2Felainlaakari-kaviokuumeen-oireisiin-pitaa-reagoida-heti\"><br \/>\n    <img decoding=\"async\" src=\"https:\/\/www.keskipohjanmaa.fi\/wp-content\/themes\/hilla-theme\/assets\/img\/icon_feedback.svg\" alt=\"\"\/><br \/>\n    Ilmoita asiavirheest\u00e4<br \/>\n  <\/a><\/p>\n","protected":false},"excerpt":{"rendered":"Mielipiteet Kuva: Jukka Lehoj\u00e4rvi El\u00e4inl\u00e4\u00e4k\u00e4ri-palstalla lukijoiden kysymyksiin vastaavat Nikulan el\u00e4inklinikan asiantuntijat Matleena Rahkonen, Emmilotta Vehvil\u00e4inen, Leena Valtaoja sek\u00e4&hellip;\n","protected":false},"author":2,"featured_media":139593,"comment_status":"","ping_status":"","sticky":false,"template":"","format":"standard","meta":{"footnotes":""},"categories":[76],"tags":[79,77,33,31,30,32,78],"class_list":{"0":"post-139592","1":"post","2":"type-post","3":"status-publish","4":"format-standard","5":"has-post-thumbnail","7":"category-talous","8":"tag-business","9":"tag-economy","10":"tag-fi","11":"tag-finland","12":"tag-finnish","13":"tag-suomi","14":"tag-talous"},"share_on_mastodon":{"url":"https:\/\/pubeurope.com\/@fi\/115877023916699811","error":""},"_links":{"self":[{"href":"https:\/\/www.europesays.com\/fi\/wp-json\/wp\/v2\/posts\/139592","targetHints":{"allow":["GET"]}}],"collection":[{"href":"https:\/\/www.europesays.com\/fi\/wp-json\/wp\/v2\/posts"}],"about":[{"href":"https:\/\/www.europesays.com\/fi\/wp-json\/wp\/v2\/types\/post"}],"author":[{"embeddable":true,"href":"https:\/\/www.europesays.com\/fi\/wp-json\/wp\/v2\/users\/2"}],"replies":[{"embeddable":true,"href":"https:\/\/www.europesays.com\/fi\/wp-json\/wp\/v2\/comments?post=139592"}],"version-history":[{"count":0,"href":"https:\/\/www.europesays.com\/fi\/wp-json\/wp\/v2\/posts\/139592\/revisions"}],"wp:featuredmedia":[{"embeddable":true,"href":"https:\/\/www.europesays.com\/fi\/wp-json\/wp\/v2\/media\/139593"}],"wp:attachment":[{"href":"https:\/\/www.europesays.com\/fi\/wp-json\/wp\/v2\/media?parent=139592"}],"wp:term":[{"taxonomy":"category","embeddable":true,"href":"https:\/\/www.europesays.com\/fi\/wp-json\/wp\/v2\/categories?post=139592"},{"taxonomy":"post_tag","embeddable":true,"href":"https:\/\/www.europesays.com\/fi\/wp-json\/wp\/v2\/tags?post=139592"}],"curies":[{"name":"wp","href":"https:\/\/api.w.org\/{rel}","templated":true}]}}