{"id":139594,"date":"2026-01-11T14:50:23","date_gmt":"2026-01-11T14:50:23","guid":{"rendered":"https:\/\/www.europesays.com\/fi\/139594\/"},"modified":"2026-01-11T14:50:23","modified_gmt":"2026-01-11T14:50:23","slug":"suomalaisten-suosikkikohteessa-sarja-pommi-iskuja-ulkonaliikkumiskielto-maaratty","status":"publish","type":"post","link":"https:\/\/www.europesays.com\/fi\/139594\/","title":{"rendered":"Suomalaisten suosikkikohteessa sarja pommi-iskuja \u2013 Ulkonaliikkumiskielto m\u00e4\u00e4r\u00e4tty"},"content":{"rendered":"<p>Iskut toteutettiin melkein samanaikaisesti hieman puoleny\u00f6n j\u00e4lkeen sunnuntaina.<\/p>\n<p><img decoding=\"async\" class=\"image image-show image-preview\" src=\"https:\/\/www.europesays.com\/fi\/wp-content\/uploads\/2026\/01\/31285f87fe5c764fc64a5d8c365a5d8875667175e5d7c5a950698d91adb7f13c.jpg\" alt=\"\"\/><img decoding=\"async\" class=\"image image-show\" src=\"https:\/\/www.europesays.com\/fi\/wp-content\/uploads\/2026\/01\/1768143023_872_31285f87fe5c764fc64a5d8c365a5d8875667175e5d7c5a950698d91adb7f13c.jpg\" alt=\"\"\/><\/p>\n<p>11 tankkausasemaa r\u00e4j\u00e4ytettiin tai sytytettiin palamaan Thaimaan etel\u00e4osissa. EPA \/ AOP<\/p>\n<p class=\"paragraph\">Lomakohteena suomalaistenkin suosimassa Thaimaassa on tapahtunut sarja pommi-iskuja ja tuhopolttoja, kertoo uutistoimisto AFP.<\/p>\n<p class=\"paragraph\">Yhteens\u00e4 11 tankkausasemaa sytytettiin tuleen tai r\u00e4j\u00e4ytettiin samanaikaisesti Thaimaan etel\u00e4osissa sijaitsevissa Narathiwatin, Pattanin ja Yalan provinsseissa. Iskut toteutettiin hieman keskiy\u00f6n j\u00e4lkeen sunnuntaina.<\/p>\n<p class=\"paragraph\">Ainakin nelj\u00e4 ihmist\u00e4 on loukkaantunut. Thaimaan armeija vahvisti yhden pelastajan ja kahden tankkausaseman ty\u00f6ntekij\u00e4n loukkaantuneen Pattanissa. Narathiwatin kuvern\u00f6\u00f6rin <strong>Boonchauy Homyamyenin<\/strong> mukaan h\u00e4nen provinssissaan loukkaantui yksi poliisi.<\/p>\n<p class=\"paragraph\">\u2013 Se tapahtui miltei samanaikaisesti. Joukko tuntemattomia miehi\u00e4 tuli ja r\u00e4j\u00e4ytti pommit, jotka vahingoittivat polttoainepumppuja, Homyamyen kertoi AFP:n mukaan.<\/p>\n<p class=\"paragraph\">Ainakin Narathiwatiin on m\u00e4\u00e4r\u00e4tty thaimaalaismedia Bangkok Postin <a href=\"https:\/\/www.bangkokpost.com\/thailand\/general\/3173319\/night-curfew-in-narathiwat-border-controls-tightened\" target=\"_blank\" rel=\"noopener nofollow\">mukaan<\/a> \u00f6inen ulkonaliikkumiskielto ja Malesian vastaisen rajan turvallisuutta on tiukennettu. Maan viranomaiset eiv\u00e4t ole ilmoittaneet pid\u00e4tyksist\u00e4 tai kertoneet, kuka on iskujen takana.<\/p>\n<p>Iskuissa on loukkaantunut ainakin nelj\u00e4 ihmist\u00e4. EPA \/ AOP<\/p>\n<p>Konfliktialue<\/p>\n<p class=\"paragraph\">Kaikki kolme etel\u00e4ist\u00e4 provinssia ovat olleet enemm\u00e4n tai v\u00e4hemm\u00e4n levottomia vuonna 1948 alkaneen kapinalliskonfliktin takia.<\/p>\n<p class=\"paragraph\">Narathiwatin, Pattanin ja Yalan provinsseista p\u00e4\u00e4osin koostuva alue muodosti aikoinaan malajien Patanin sulttaanikunnan, jonka Thaimaan edelt\u00e4j\u00e4, Siamin kuningaskunta, valloitti vuonna 1785.<\/p>\n<p class=\"paragraph\">Alueesta tuli virallisesti osa Thaimaata vuonna 1909, mutta se on edelleen kulttuurisesti huomattavan erilainen muusta maasta. Alueella asuu my\u00f6s edelleen huomattava m\u00e4\u00e4r\u00e4 malajeita, joista suurin osa asuu Malesiassa ja Indonesiassa.<\/p>\n<p class=\"paragraph\">Thaimaan p\u00e4\u00e4ministerin <a href=\"https:\/\/www.iltalehti.fi\/henkilot\/Anutin Charnvirakul\" class=\"article-link-person-page\" rel=\"nofollow noopener\" target=\"_blank\">Anutin Charnvirakulin<\/a> mukaan maan turvallisuusviranomaiset kuitenkin uskovat hy\u00f6kk\u00e4ysten olleen viesti, joka oli ajoitettu sunnuntaina pidett\u00e4vien paikallisten hallintovirkamiesten vaalien aikaan.<\/p>\n<p class=\"paragraph\">Charnvirakulin mukaan turvallisuusviranomaiset eiv\u00e4t usko iskuilla olevan tekemist\u00e4 kapinan kanssa.<\/p>\n","protected":false},"excerpt":{"rendered":"Iskut toteutettiin melkein samanaikaisesti hieman puoleny\u00f6n j\u00e4lkeen sunnuntaina. 11 tankkausasemaa r\u00e4j\u00e4ytettiin tai sytytettiin palamaan Thaimaan etel\u00e4osissa. EPA \/&hellip;\n","protected":false},"author":2,"featured_media":139595,"comment_status":"","ping_status":"","sticky":false,"template":"","format":"standard","meta":{"footnotes":""},"categories":[14],"tags":[35,802,804,820,22,23,26,27,33,31,30,17,24,25,803,28,29,15,18,21,13294,32,19,20,56,16,59,60,61],"class_list":{"0":"post-139594","1":"post","2":"type-post","3":"status-publish","4":"format-standard","5":"has-post-thumbnail","7":"category-ulkomaat","8":"tag-24h","9":"tag-armeijat-ja-aseelliset-joukot","10":"tag-aseelliset-konfliktit","11":"tag-aseet","12":"tag-breaking-news","13":"tag-breakingnews","14":"tag-featured-news","15":"tag-featurednews","16":"tag-fi","17":"tag-finland","18":"tag-finnish","19":"tag-headlines","20":"tag-latest-news","21":"tag-latestnews","22":"tag-levottomuudet-ja-sodat","23":"tag-main-news","24":"tag-mainnews","25":"tag-news","26":"tag-otsikot","27":"tag-paauutiset","28":"tag-rajahdys","29":"tag-suomi","30":"tag-top-stories","31":"tag-topstories","32":"tag-ulkomaat","33":"tag-uutiset","34":"tag-world","35":"tag-world-news","36":"tag-worldnews"},"share_on_mastodon":{"url":"https:\/\/pubeurope.com\/@fi\/115877027762413707","error":""},"_links":{"self":[{"href":"https:\/\/www.europesays.com\/fi\/wp-json\/wp\/v2\/posts\/139594","targetHints":{"allow":["GET"]}}],"collection":[{"href":"https:\/\/www.europesays.com\/fi\/wp-json\/wp\/v2\/posts"}],"about":[{"href":"https:\/\/www.europesays.com\/fi\/wp-json\/wp\/v2\/types\/post"}],"author":[{"embeddable":true,"href":"https:\/\/www.europesays.com\/fi\/wp-json\/wp\/v2\/users\/2"}],"replies":[{"embeddable":true,"href":"https:\/\/www.europesays.com\/fi\/wp-json\/wp\/v2\/comments?post=139594"}],"version-history":[{"count":0,"href":"https:\/\/www.europesays.com\/fi\/wp-json\/wp\/v2\/posts\/139594\/revisions"}],"wp:featuredmedia":[{"embeddable":true,"href":"https:\/\/www.europesays.com\/fi\/wp-json\/wp\/v2\/media\/139595"}],"wp:attachment":[{"href":"https:\/\/www.europesays.com\/fi\/wp-json\/wp\/v2\/media?parent=139594"}],"wp:term":[{"taxonomy":"category","embeddable":true,"href":"https:\/\/www.europesays.com\/fi\/wp-json\/wp\/v2\/categories?post=139594"},{"taxonomy":"post_tag","embeddable":true,"href":"https:\/\/www.europesays.com\/fi\/wp-json\/wp\/v2\/tags?post=139594"}],"curies":[{"name":"wp","href":"https:\/\/api.w.org\/{rel}","templated":true}]}}