{"id":139598,"date":"2026-01-11T14:52:08","date_gmt":"2026-01-11T14:52:08","guid":{"rendered":"https:\/\/www.europesays.com\/fi\/139598\/"},"modified":"2026-01-11T14:52:08","modified_gmt":"2026-01-11T14:52:08","slug":"tilanne-kiristyy-iranissa-sairaalat-tayttyvat-kuolleista","status":"publish","type":"post","link":"https:\/\/www.europesays.com\/fi\/139598\/","title":{"rendered":"Tilanne kiristyy Iranissa \u2013 sairaalat t\u00e4yttyv\u00e4t kuolleista"},"content":{"rendered":"<p>BBC:n mukaan potilaita on ammuttu p\u00e4\u00e4h\u00e4n, silm\u00e4\u00e4n ja syd\u00e4meen.<\/p>\n<p>Iranissa laajoja mielenosoituksia.<\/p>\n<p class=\"article-body mb-nof-24 px-nof-16\">Iranissa osoitetaan jo toista viikkoa mielt\u00e4 hallitusta vastaan. Nyt usean iranilaissairaalan ty\u00f6ntekij\u00e4t kertovat <a class=\"underline underline-offset-[0.12em] [text-decoration-thickness:var(--generic-link-underline-thickness)] [text-decoration-color:var(--generic-link-underline-color)] [text-decoration-skip-ink:var(--generic-link-underline-skip-ink)] break-words\" href=\"https:\/\/www.bbc.com\/news\/articles\/cj9rengvnp9o\" rel=\"nofollow noopener\" target=\"_blank\">BBC:lle<\/a>, ett\u00e4 sairaalat ovat t\u00e4ynn\u00e4 kuolleita tai loukkaantuneita potilaita.<\/p>\n<p class=\"article-body mb-nof-24 px-nof-16\">Sairaaloiden ty\u00f6ntekij\u00e4t ovat hoitaneet potilaita, joilla on ammuksilla ja hauleilla aiheutettuja ampumahaavoja. BBC:n mukaan potilaita on ammuttu p\u00e4\u00e4h\u00e4n, silm\u00e4\u00e4n ja syd\u00e4meen.<\/p>\n<p class=\"article-body mb-nof-24 px-nof-16\">Teheranilaisen sairaalan ty\u00f6ntekij\u00e4n mukaan sairaalassa on niin paljon haavoittuneita, ettei henkil\u00f6kunnalla ole mahdollisuutta elvytt\u00e4\u00e4 heit\u00e4. H\u00e4n kertoo BBC:lle, ett\u00e4 monet ammutuista nuorista eiv\u00e4t ehtineet edes elossa sairaalaan.<\/p>\n<p class=\"article-body mb-nof-24 px-nof-16\">Sairaalassa on ollut niin paljon kuolleita, ett\u00e4 ruumishuone on t\u00e4yttynyt. Kuolleita on t\u00e4ytynyt kasata rukoushuoneeseen.<\/p>\n<p class=\"article-body mb-nof-24 px-nof-16\">Mielenosoitukset saivat alkunsa el\u00e4misen kustannuksen noususta, mutta nyt kadulla vaaditaan maan ylimm\u00e4n johtajan ajatollah <a class=\"font-bold underline-offset-[0.12em] [text-decoration:var(--person-link-text-decoration)] ![text-decoration-color:var(--person-link-text-decoration-color)]\" href=\"https:\/\/www.is.fi\/haku\/?query=Ali%20Khamenein\" rel=\"nofollow noopener\" target=\"_blank\">Ali Khamenein<\/a> uskonnollisen hallinnon p\u00e4\u00e4ttymist\u00e4.<\/p>\n<p class=\"article-body mb-nof-24 px-nof-16\">Mielenosoitukset ovat levinneet yli sataan kaupunkiin ja kyl\u00e4\u00e4n ymp\u00e4ri maan. Satojen uskotaan kuolleen tai loukkaantuneen. Ihmisi\u00e4 on my\u00f6s pid\u00e4tetty.<\/p>\n<p class=\"article-body mb-nof-24 px-nof-16\">Iranin hallitus on m\u00e4\u00e4r\u00e4nnyt maahan internetkatkon torstaista alkaen. Iran syytt\u00e4\u00e4 mielenosoittajia vandalismista.<\/p>\n<p class=\"article-body mb-nof-24 px-nof-16\">My\u00f6s Yhdysvaltain presidentti <a class=\"font-bold underline-offset-[0.12em] [text-decoration:var(--person-link-text-decoration)] ![text-decoration-color:var(--person-link-text-decoration-color)]\" href=\"https:\/\/www.is.fi\/haku\/?query=Donald%20Trump\" rel=\"nofollow noopener\" target=\"_blank\">Donald Trump<\/a> on puuttunut asiaan. H\u00e4n sanoi lauantaina olevansa valmis auttamaan, kun Iran katsoo kohti vapautta.<\/p>\n<p class=\"article-body mb-nof-24 px-nof-16\">Mielenosoittajat ovat vaatineet ajatollahia pois vallasta ja maan johtoon<a class=\"font-bold underline-offset-[0.12em] [text-decoration:var(--person-link-text-decoration)] ![text-decoration-color:var(--person-link-text-decoration-color)]\" href=\"https:\/\/www.is.fi\/haku\/?query=%20Reza%20Pahlavia\" rel=\"nofollow noopener\" target=\"_blank\"> Reza Pahlavia<\/a>, joka on entisen shaahin maanpaossa el\u00e4v\u00e4 poika. Pahlavi on kehottanut kannattajiaan osoittamaan mielt\u00e4\u00e4n.<\/p>\n<p class=\"article-body mb-nof-24 px-nof-16\">Pahlavin is\u00e4 oli l\u00e4nsimielinen shaahi <a class=\"font-bold underline-offset-[0.12em] [text-decoration:var(--person-link-text-decoration)] ![text-decoration-color:var(--person-link-text-decoration-color)]\" href=\"https:\/\/www.is.fi\/haku\/?query=Mohammed%20Reza%20Pahlavi\" rel=\"nofollow noopener\" target=\"_blank\">Mohammed Reza Pahlavi<\/a>. H\u00e4net sy\u00f6stiin vallasta Iranin vallankumouksessa vuonna 1979.<\/p>\n<p class=\"article-body mb-nof-24 px-nof-16\">Vallankumouksen j\u00e4lkeen Iranista tuli islamistinen teokratia, jonka ylin valta kuuluu ajatollahille.<\/p>\n","protected":false},"excerpt":{"rendered":"BBC:n mukaan potilaita on ammuttu p\u00e4\u00e4h\u00e4n, silm\u00e4\u00e4n ja syd\u00e4meen. Iranissa laajoja mielenosoituksia. Iranissa osoitetaan jo toista viikkoa mielt\u00e4&hellip;\n","protected":false},"author":2,"featured_media":139599,"comment_status":"","ping_status":"","sticky":false,"template":"","format":"standard","meta":{"footnotes":""},"categories":[5],"tags":[22,23,26,27,33,31,30,17,34,24,25,28,29,15,18,21,32,19,20,16],"class_list":{"0":"post-139598","1":"post","2":"type-post","3":"status-publish","4":"format-standard","5":"has-post-thumbnail","7":"category-otsikot","8":"tag-breaking-news","9":"tag-breakingnews","10":"tag-featured-news","11":"tag-featurednews","12":"tag-fi","13":"tag-finland","14":"tag-finnish","15":"tag-headlines","16":"tag-ilta-sanomat","17":"tag-latest-news","18":"tag-latestnews","19":"tag-main-news","20":"tag-mainnews","21":"tag-news","22":"tag-otsikot","23":"tag-paauutiset","24":"tag-suomi","25":"tag-top-stories","26":"tag-topstories","27":"tag-uutiset"},"share_on_mastodon":{"url":"https:\/\/pubeurope.com\/@fi\/115877035646187567","error":""},"_links":{"self":[{"href":"https:\/\/www.europesays.com\/fi\/wp-json\/wp\/v2\/posts\/139598","targetHints":{"allow":["GET"]}}],"collection":[{"href":"https:\/\/www.europesays.com\/fi\/wp-json\/wp\/v2\/posts"}],"about":[{"href":"https:\/\/www.europesays.com\/fi\/wp-json\/wp\/v2\/types\/post"}],"author":[{"embeddable":true,"href":"https:\/\/www.europesays.com\/fi\/wp-json\/wp\/v2\/users\/2"}],"replies":[{"embeddable":true,"href":"https:\/\/www.europesays.com\/fi\/wp-json\/wp\/v2\/comments?post=139598"}],"version-history":[{"count":0,"href":"https:\/\/www.europesays.com\/fi\/wp-json\/wp\/v2\/posts\/139598\/revisions"}],"wp:featuredmedia":[{"embeddable":true,"href":"https:\/\/www.europesays.com\/fi\/wp-json\/wp\/v2\/media\/139599"}],"wp:attachment":[{"href":"https:\/\/www.europesays.com\/fi\/wp-json\/wp\/v2\/media?parent=139598"}],"wp:term":[{"taxonomy":"category","embeddable":true,"href":"https:\/\/www.europesays.com\/fi\/wp-json\/wp\/v2\/categories?post=139598"},{"taxonomy":"post_tag","embeddable":true,"href":"https:\/\/www.europesays.com\/fi\/wp-json\/wp\/v2\/tags?post=139598"}],"curies":[{"name":"wp","href":"https:\/\/api.w.org\/{rel}","templated":true}]}}