{"id":13960,"date":"2025-08-23T09:53:07","date_gmt":"2025-08-23T09:53:07","guid":{"rendered":"https:\/\/www.europesays.com\/fi\/13960\/"},"modified":"2025-08-23T09:53:07","modified_gmt":"2025-08-23T09:53:07","slug":"politiikan-puskaradio-erikoinen-kohu-huhtasaaren-pallojaloista","status":"publish","type":"post","link":"https:\/\/www.europesays.com\/fi\/13960\/","title":{"rendered":"Politiikan puskaradio: Erikoinen kohu Huhtasaaren pallojaloista"},"content":{"rendered":"<p>Politiikan puskaradiossa puhutaan t\u00e4ll\u00e4 viikolla Alexander Stubbin Nobelista, Jussi Halla-ahon kirjasta ja Laura Huhtasaaren 1 850 euroa maksavasta pallojalkap\u00f6yd\u00e4st\u00e4.<\/p>\n<p class=\"paragraph\">Iltalehden politiikan toimittaja <strong>Marko-Oskari Lehtosen<\/strong> juontamassa <a href=\"https:\/\/open.spotify.com\/show\/4STiZ2HTMRcPSAM1QpBOC2?si=d8980526205c4541\" target=\"_blank\" rel=\"noopener nofollow\">Politiikan puskaradio<\/a> -jaksossa politiikan toimituksen esihenkil\u00f6 <strong>Juha Ristam\u00e4ki<\/strong> ja politiikan toimittaja <strong>Jari Hanska<\/strong> vastaavat politiikan kuumaan kysymykseen: saako <strong>Donald Trumpin<\/strong> suosioon sukeltanut <strong>Alexander Stubb<\/strong> Nobelin rauhanpalkinnon?<\/p>\n<p class=\"paragraph\">Nobelin lis\u00e4ksi jaksossa puhutaan <strong>Jussi Halla-ahon<\/strong> el\u00e4m\u00e4kerrasta, joka sis\u00e4lt\u00e4\u00e4 muun muassa erikoisen v\u00e4itteen <strong>Sanna Marinista<\/strong> p\u00e4\u00e4ministerin\u00e4.<\/p>\n<p class=\"paragraph\">P\u00f6yd\u00e4ll\u00e4 on my\u00f6s <strong>Laura Huhtasaaren<\/strong> suunnittelema ja 1 850 euroa maksava pallojalkap\u00f6yt\u00e4.<\/p>\n<p class=\"paragraph\">Huhtasaaren p\u00f6yd\u00e4st\u00e4 nousi kohu, koska jotkut olivat sosiaalisessa mediassa sit\u00e4 mielt\u00e4, ett\u00e4 Huhtasaari oli plagioinut pallojalat, kuten oli plagioinut pro gradu -tutkielmansa vuonna 2003. Voiko p\u00f6yt\u00e4\u00e4 plagioida? Ent\u00e4 pallojalkoja?<\/p>\n<p class=\"paragraph\"><a href=\"https:\/\/open.spotify.com\/show\/4STiZ2HTMRcPSAM1QpBOC2\" target=\"_blank\" rel=\"noopener nofollow\">Politiikan puskaradio<\/a> -podcastin jaksossa 194 puhutaan kevyempien aiheiden lis\u00e4ksi SDP:n kansanedustaja <strong>Eemeli Peltosesta<\/strong>, jonka el\u00e4m\u00e4 p\u00e4\u00e4ttyi traagisesti <a href=\"https:\/\/www.iltalehti.fi\/politiikka\/a84ea613-1f03-4812-a1a1-0440c61b1a87\" rel=\"nofollow noopener\" target=\"_blank\">tiistaina<\/a>.<\/p>\n<p class=\"paragraph\"><a href=\"https:\/\/open.spotify.com\/show\/4STiZ2HTMRcPSAM1QpBOC2\" target=\"_blank\" rel=\"noopener nofollow\">Politiikan puskaradiossa<\/a> Iltalehden politiikan toimittajat k\u00e4yv\u00e4t l\u00e4pi viikon kuumimmat puheenaiheet ja juorut. Uusi jakso julkaistaan perjantaisin.<\/p>\n","protected":false},"excerpt":{"rendered":"Politiikan puskaradiossa puhutaan t\u00e4ll\u00e4 viikolla Alexander Stubbin Nobelista, Jussi Halla-ahon kirjasta ja Laura Huhtasaaren 1 850 euroa maksavasta&hellip;\n","protected":false},"author":2,"featured_media":13961,"comment_status":"","ping_status":"","sticky":false,"template":"","format":"standard","meta":{"footnotes":""},"categories":[5],"tags":[35,22,23,26,27,33,31,30,17,24,25,28,29,15,18,21,142,637,886,885,887,32,19,20,16],"class_list":{"0":"post-13960","1":"post","2":"type-post","3":"status-publish","4":"format-standard","5":"has-post-thumbnail","7":"category-otsikot","8":"tag-24h","9":"tag-breaking-news","10":"tag-breakingnews","11":"tag-featured-news","12":"tag-featurednews","13":"tag-fi","14":"tag-finland","15":"tag-finnish","16":"tag-headlines","17":"tag-latest-news","18":"tag-latestnews","19":"tag-main-news","20":"tag-mainnews","21":"tag-news","22":"tag-otsikot","23":"tag-paauutiset","24":"tag-poliitikot","25":"tag-politiikka","26":"tag-puolueet","27":"tag-suomen-poliittiset-puolueet","28":"tag-suomen-politiikka","29":"tag-suomi","30":"tag-top-stories","31":"tag-topstories","32":"tag-uutiset"},"share_on_mastodon":{"url":"","error":""},"_links":{"self":[{"href":"https:\/\/www.europesays.com\/fi\/wp-json\/wp\/v2\/posts\/13960","targetHints":{"allow":["GET"]}}],"collection":[{"href":"https:\/\/www.europesays.com\/fi\/wp-json\/wp\/v2\/posts"}],"about":[{"href":"https:\/\/www.europesays.com\/fi\/wp-json\/wp\/v2\/types\/post"}],"author":[{"embeddable":true,"href":"https:\/\/www.europesays.com\/fi\/wp-json\/wp\/v2\/users\/2"}],"replies":[{"embeddable":true,"href":"https:\/\/www.europesays.com\/fi\/wp-json\/wp\/v2\/comments?post=13960"}],"version-history":[{"count":0,"href":"https:\/\/www.europesays.com\/fi\/wp-json\/wp\/v2\/posts\/13960\/revisions"}],"wp:featuredmedia":[{"embeddable":true,"href":"https:\/\/www.europesays.com\/fi\/wp-json\/wp\/v2\/media\/13961"}],"wp:attachment":[{"href":"https:\/\/www.europesays.com\/fi\/wp-json\/wp\/v2\/media?parent=13960"}],"wp:term":[{"taxonomy":"category","embeddable":true,"href":"https:\/\/www.europesays.com\/fi\/wp-json\/wp\/v2\/categories?post=13960"},{"taxonomy":"post_tag","embeddable":true,"href":"https:\/\/www.europesays.com\/fi\/wp-json\/wp\/v2\/tags?post=13960"}],"curies":[{"name":"wp","href":"https:\/\/api.w.org\/{rel}","templated":true}]}}