{"id":139602,"date":"2026-01-11T15:05:07","date_gmt":"2026-01-11T15:05:07","guid":{"rendered":"https:\/\/www.europesays.com\/fi\/139602\/"},"modified":"2026-01-11T15:05:07","modified_gmt":"2026-01-11T15:05:07","slug":"portion-boysin-jalotiina-eli-tiina-forsby-ja-puoliso-seka-bandkikaveri-mikael-forsby-balilla-yoperformanssi-ja-luksusta","status":"publish","type":"post","link":"https:\/\/www.europesays.com\/fi\/139602\/","title":{"rendered":"Portion Boysin JaloTiina eli Tiina Forsby ja puoliso sek\u00e4 b\u00e4ndkikaveri Mikael Forsby Balilla: Y\u00f6performanssi ja luksusta"},"content":{"rendered":"<p>            Matti Matikainen\n        <\/p>\n<p class=\"subtitle \">Portion Boys -pariskunta Tiina ja Mikael ovat parhaillaan pitk\u00e4ll\u00e4 lomalla Balilla.<\/p>\n<p class=\"article-content article-content-width !bg-background\">Portion Boys -yhtyeen lavatanssija , esiintyj\u00e4nimelt\u00e4\u00e4n , piti Balilla y\u00f6ll\u00e4 varsinaisen performanssin.<\/p>\n<p class=\"font-weight-bold m-font-weight-bold article-content article-content-width !bg-background\">Melko tarkkaan vuosi sitten Tiina kertoi Seiskalle sen hetkisest\u00e4 voinnistaan<\/p>\n<p class=\"article-content article-content-width !bg-background\">Tiina on pitk\u00e4aikaisen puolisonsa ja b\u00e4ndikaverinsa Mikaelin kanssa pitk\u00e4ll\u00e4 reissulla. Juuri ennen uuttavuotta matkaan l\u00e4htenyt aviopari saapui Malesian kautta Balille viitt\u00e4 p\u00e4iv\u00e4\u00e4 my\u00f6hemmin, viime viikolla.<\/p>\n<p class=\"article-content article-content-width !bg-background\">Tuolloin Tiina kirjoitti Instagram-tilill\u00e4\u00e4n, ett\u00e4 omintakeisen buddhalaisuuden t\u00e4ytt\u00e4m\u00e4ll\u00e4 paratiisisaarella pari aikoisi l\u00f6tk\u00f6tell\u00e4 viisi viikkoa.<\/p>\n<p class=\"article-content article-content-width !bg-background\">Aivan l\u00f6tk\u00f6ttelyksi oleminen ei lavaenergiastaan tunnetulla Tiinalla ole j\u00e4\u00e4nyt. P\u00e4iv\u00e4t \u2013 ja y\u00f6t \u2013 ovat t\u00e4yttyneet menosta ja meiningist\u00e4. Samaa tahtia Instagram-tili on t\u00e4yttynyt toinen toistaan upeammista otoksista ja mykist\u00e4vist\u00e4 maisemista.<\/p>\n<p class=\"article-content article-content-width !bg-background\">Tiina on muun muassa k\u00e4ynyt kukkien t\u00e4ytt\u00e4m\u00e4ss\u00e4 kylvyss\u00e4, hengaillut erilaisten uima-altaiden tuntumassa ja kierrellyt saaren luontoel\u00e4myksien keskell\u00e4.<\/p>\n<p>        <a itemprop=\"url\" href=\"https:\/\/www.seiska.fi\/kotimaa\/portion-boysin-jalotiinalla-hurja-meno-villia-tanssia-miesjulkkiksen-kanssa\/1902100\" rel=\"nofollow noopener\" target=\"_blank\"><\/p>\n<p>\nVilli meno!\n<\/p>\n<p class=\"section-date\">\n        <strong class=\"article-section\" data-section=\"kotimaa\"><br \/>\n            kotimaa<br \/>\n        <\/strong><br \/>\n        17.8.2025 16:30\n    <\/p>\n<p>Portion Boysin JaloTiinalla hurja meno \u2013 villi\u00e4 tanssia miesjulkkiksen kanssa\n    <\/p>\n<p itemprop=\"description\" class=\"subtitle \">\n    Tiina Forsby juhli ahkerasti Katri Helenan konsertissa.\n<\/p>\n<p>        <\/a><\/p>\n<p>Hyv\u00e4n y\u00f6n toivotus iltap\u00e4iv\u00e4ll\u00e4<\/p>\n<p class=\"article-content article-content-width !bg-background\">Eilen (la 10.1.) Tiina julkaisi h\u00e4nen ja Mikaelin valitseman upean villan allaspihalta y\u00f6videon. Joko jalustalla kuvattu tai Mikaelin kuvaama video n\u00e4ytt\u00e4\u00e4 sysimustan y\u00f6n keskell\u00e4 valaistun kauniin allasmaiseman.<\/p>\n<p class=\"article-content article-content-width !bg-background\">\u2013 Ihanaa lauantai-iltaa kaikille sinne Suomeen, h\u00e4n kirjoittaa kuvatekstiss\u00e4 syd\u00e4nemojin kanssa.\u00a0<\/p>\n<p class=\"article-content article-content-width !bg-background\">Kirjoitusaikaan ei Suomessa tietenk\u00e4\u00e4n ollut viel\u00e4 ilta tai edes y\u00f6, sill\u00e4 kello on Balilla kahdeksan tuntia Suomea edell\u00e4.<\/p>\n<p class=\"article-content article-content-width !bg-background\">Aihetunnisteeksi Tiina on lis\u00e4nnyt Balin ja englanninkielisen hyv\u00e4ny\u00f6ntoivotuksen<\/p>\n<p>        <a itemprop=\"url\" href=\"https:\/\/www.seiska.fi\/kotimaa\/huh-tiina-forsby-esittelee-bikinityyliaan-lomaparatiisissa-upein-lumikki\/1959153\" rel=\"nofollow noopener\" target=\"_blank\"><\/p>\n<p>\n&#8221;Upein lumikki!&#8221;\n<\/p>\n<p class=\"section-date\">\n        <strong class=\"article-section\" data-section=\"kotimaa\"><br \/>\n            kotimaa<br \/>\n        <\/strong><br \/>\n        11.10.2025 18:30\n    <\/p>\n<p>Huh! Tiina Forsby esittelee bikinityyli\u00e4\u00e4n lomaparatiisissa: &#8221;Upein lumikki!&#8221;\n    <\/p>\n<p itemprop=\"description\" class=\"subtitle \">\n    Petollisistakin tuttu Tiina lomailee Malediiveilla.\n<\/p>\n<p>        <\/a><\/p>\n<p class=\"article-content article-content-width !bg-background\">\u2013 Olen alkanut harrastamaan t\u00e4llaisia hyv\u00e4n-y\u00f6n baletti performansseja. Kyll\u00e4 vaan pist\u00e4\u00e4 nukuttamaan hyvin, h\u00e4n irrottelee tekstiss\u00e4.<\/p>\n<p class=\"article-content article-content-width !bg-background\">Samaan aikaan videolla py\u00f6r\u00e4htelee altaan vastareunalla hoikka naishahmo pehmein piruetein l\u00e4pi n\u00e4kym\u00e4n. Tanssiessaan Tiina levitt\u00e4\u00e4 k\u00e4tens\u00e4 kuin balettihahmo.<\/p>\n<p class=\"article-content article-content-width !bg-background\"> Y\u00f6performanssi ei siis onneksi h\u00e4irinnyt villan muita vieraita. \u00c4\u00e4nett\u00f6m\u00e4n tanssin taustalle on kyll\u00e4 editointivaiheessa lis\u00e4tty kaunis<\/p>\n<p>Taattua luksusta<\/p>\n<p class=\"article-content article-content-width !bg-background\">Tiina on Instagramin tarinoissaan sek\u00e4 videoissaan jakanut paljon n\u00e4kymi\u00e4 heid\u00e4n upealta villaltaan.<\/p>\n<p class=\"article-content article-content-width !bg-background\">Tiinan yll\u00e4tykseksi heid\u00e4n huoneistoonsa kuuluu muun muassa erillinen elokuvahuone. Siell\u00e4 on valtavan valkokankaan edess\u00e4 puoliympyr\u00e4n muotoon upotettu lattiaan sohva, jossa p\u00f6tk\u00f6tell\u00e4 lempparielokuvansa parissa. <a href=\"https:\/\/www.instagram.com\/stories\/tiinatimanttinen\/3807095252452488913\/\" target=\"_blank\" rel=\"nofollow noopener\">Voit katsoa Tiinan tarinan t\u00e4st\u00e4<\/a>, kunnes se katoaa palvelusta t\u00e4n\u00e4\u00e4n illalla.<\/p>\n<p class=\"article-content article-content-width !bg-background\">\u2013 M\u00e4 haluan uuteen kotiin t\u00e4llaisen! Pakko rakentaa, Tiina kikattaa innoissaan.<\/p>\n<p>        <a itemprop=\"url\" href=\"https:\/\/www.seiska.fi\/katso\/nain-tiina-forsby-juhli-petolliset-voittoaan\/1840343\" rel=\"nofollow noopener\" target=\"_blank\"><\/p>\n<p>\nPetolliset-voitto\n<\/p>\n<p class=\"section-date\">\n        <strong class=\"article-section\" data-section=\"katso\"><br \/>\n            katso<br \/>\n        <\/strong><br \/>\n        17.6.2025 13:55\n    <\/p>\n<p>N\u00e4in Tiina Forsby juhli Petolliset-voittoaan\n    <\/p>\n<p itemprop=\"description\" class=\"subtitle \">\n    Portion Boysin JaloTiina otti ilon irti voitokkaasta realitydebyytist\u00e4\u00e4n.\n<\/p>\n<p>        <\/a><\/p>\n<p class=\"article-content article-content-width !bg-background\">H\u00e4n l\u00f6yt\u00e4\u00e4 ilokseen kaikkien aikojen suosikkileffansa Vain yksi y\u00f6, alkuper\u00e4isnimelt\u00e4\u00e4n Indecent Proposal.<\/p>\n<p class=\"article-content article-content-width !bg-background\">Tiina kertoo my\u00f6s, ett\u00e4 viiden villan muodostamassa hotellissa majoittuu ilmeisesti vain yksi toinen pariskunta, silti h\u00e4n Mikael ovat saaneet olla kahdestaan.<\/p>\n<p><script async src=\"\/\/www.instagram.com\/embed.js\"><\/script><\/p>\n","protected":false},"excerpt":{"rendered":"Matti Matikainen Portion Boys -pariskunta Tiina ja Mikael ovat parhaillaan pitk\u00e4ll\u00e4 lomalla Balilla. Portion Boys -yhtyeen lavatanssija ,&hellip;\n","protected":false},"author":2,"featured_media":139603,"comment_status":"","ping_status":"","sticky":false,"template":"","format":"standard","meta":{"footnotes":""},"categories":[136],"tags":[12510,24187,407,137,33,31,30,4034,408,2271,24186,11768,3281,1478,19472,13905,24185,24184,6230,24188,32,4560,109],"class_list":{"0":"post-139602","1":"post","2":"type-post","3":"status-publish","4":"format-standard","5":"has-post-thumbnail","7":"category-julkkikset","8":"tag-bali","9":"tag-canggu","10":"tag-celebrities","11":"tag-entertainment","12":"tag-fi","13":"tag-finland","14":"tag-finnish","15":"tag-indonesia","16":"tag-julkkikset","17":"tag-loma","18":"tag-lomalla","19":"tag-lomamatka","20":"tag-malesia","21":"tag-matkailu","22":"tag-matkalla","23":"tag-mikael-forsby","24":"tag-paratiisi","25":"tag-paratiisisaari","26":"tag-portion-boys","27":"tag-saari","28":"tag-suomi","29":"tag-tiina-forsby","30":"tag-viihde"},"share_on_mastodon":{"url":"https:\/\/pubeurope.com\/@fi\/115877086647128798","error":""},"_links":{"self":[{"href":"https:\/\/www.europesays.com\/fi\/wp-json\/wp\/v2\/posts\/139602","targetHints":{"allow":["GET"]}}],"collection":[{"href":"https:\/\/www.europesays.com\/fi\/wp-json\/wp\/v2\/posts"}],"about":[{"href":"https:\/\/www.europesays.com\/fi\/wp-json\/wp\/v2\/types\/post"}],"author":[{"embeddable":true,"href":"https:\/\/www.europesays.com\/fi\/wp-json\/wp\/v2\/users\/2"}],"replies":[{"embeddable":true,"href":"https:\/\/www.europesays.com\/fi\/wp-json\/wp\/v2\/comments?post=139602"}],"version-history":[{"count":0,"href":"https:\/\/www.europesays.com\/fi\/wp-json\/wp\/v2\/posts\/139602\/revisions"}],"wp:featuredmedia":[{"embeddable":true,"href":"https:\/\/www.europesays.com\/fi\/wp-json\/wp\/v2\/media\/139603"}],"wp:attachment":[{"href":"https:\/\/www.europesays.com\/fi\/wp-json\/wp\/v2\/media?parent=139602"}],"wp:term":[{"taxonomy":"category","embeddable":true,"href":"https:\/\/www.europesays.com\/fi\/wp-json\/wp\/v2\/categories?post=139602"},{"taxonomy":"post_tag","embeddable":true,"href":"https:\/\/www.europesays.com\/fi\/wp-json\/wp\/v2\/tags?post=139602"}],"curies":[{"name":"wp","href":"https:\/\/api.w.org\/{rel}","templated":true}]}}