{"id":139606,"date":"2026-01-11T15:12:08","date_gmt":"2026-01-11T15:12:08","guid":{"rendered":"https:\/\/www.europesays.com\/fi\/139606\/"},"modified":"2026-01-11T15:12:08","modified_gmt":"2026-01-11T15:12:08","slug":"katri-lylynpera-ja-ike-melnits-sprinttimestaruuksiin-kuopiossa","status":"publish","type":"post","link":"https:\/\/www.europesays.com\/fi\/139606\/","title":{"rendered":"Katri Lylynper\u00e4 ja Ike Melnits sprinttimestaruuksiin Kuopiossa"},"content":{"rendered":"<p id=\"breadcrumbs\"><a href=\"https:\/\/hiihtoliitto.fi\/\" rel=\"nofollow noopener\" target=\"_blank\">Etusivu<\/a> \/ Katri Lylynper\u00e4 ja Ike Melnits sprinttimestaruuksiin Kuopiossa<\/p>\n<p><img fetchpriority=\"high\" decoding=\"async\" width=\"1024\" height=\"683\" alt=\"\" class=\"wp-image-33073 native-lazyload-js-fallback\" loading=\"lazy\" src=\"https:\/\/www.europesays.com\/fi\/wp-content\/uploads\/2026\/01\/Touho-Hakkinen-16993-1024x683.jpg\"  data-\/>\u00a9 Touho H\u00e4kkinen<\/p>\n<p>Kuopion SM-hiihdot p\u00e4\u00e4ttyiv\u00e4t sunnuntaina perinteisen hiihtotavan sprintteihin.<\/p>\n<p>Naisten sprintin Suomen mestaruuden vei Vuokatti Ski Team Kainuun <strong>Katri Lylynper\u00e4 <\/strong>tapahtumarikkaan finaalin p\u00e4\u00e4tteeksi. Toiseksi sijoittui<strong> Ella Noora Haapalehto<\/strong> (Pohti SkiTeam Pyh\u00e4j\u00e4rvi), joka j\u00e4i voittajasta 0,83 sekuntia, ja pronssille hiihti Iisalmen Visan <strong>Nora Kyt\u00e4j\u00e4<\/strong> (+3,02).<\/p>\n<p>Finaali sai dramaattisen k\u00e4\u00e4nteen juuri ennen maalisuoraa, kun kisaa johtanut <strong>Tiia Olkkonen <\/strong>kompuroi yhdess\u00e4 <strong>Amanda Saaren<\/strong> kanssa ja kaksikko j\u00e4i ulos mitalistaistelusta. Hyvin kirikamppailussa mukana ollut Lylynper\u00e4 sai maaliviivan ylitetty\u00e4\u00e4n tuulettaa SM-kultaa.<\/p>\n<p>\u2013 Ei ole koko kautena kulkenut, mutta t\u00e4n\u00e4\u00e4n tuntui er\u00e4 er\u00e4lt\u00e4 paremmalta. Olin finaalissa kirikamppailussa hyvin mukana ja s\u00e4\u00e4styin kompuroinnilta. Ne ovat tietytsti aina harmillisia, mutta niit\u00e4 sattuu, kommentoi <strong>Lylynper\u00e4<\/strong>.<\/p>\n<p><a href=\"https:\/\/hiihtoliitto.fi\/wp-content\/uploads\/2026\/01\/n_spr_lopputulokset.pdf\" target=\"_blank\" rel=\"noreferrer noopener nofollow\">Tulokset<\/a><br \/><a href=\"https:\/\/hiihtoliitto.fi\/wp-content\/uploads\/2026\/01\/n_sc_pistetilanne_5_9-2.pdf\" target=\"_blank\" rel=\"noreferrer noopener nofollow\">Suomen Cupin kokonaistilanne<\/a><\/p>\n<p>Miesten sprintiss\u00e4 Suomen mestariksi rynni Pohti SkiTeam Pyh\u00e4j\u00e4rven <strong>Ike Melnits<\/strong>. Melnits kukisti loppukiriss\u00e4 J\u00e4min J\u00e4nteen <strong>Markus Vuorelan<\/strong>, joka j\u00e4i hopealle 0,98 sekunnin erolla. Pronssimitalin nappasi Imatran Urheilijoiden <strong>Ville Ahonen<\/strong> (+1,14).<\/p>\n<p>\u2013 Nyt tuntuu hyv\u00e4lt\u00e4, alkukausi on ollut haastava. Ei ole vaan l\u00f6ytynyt syksyll\u00e4 ollutta hyv\u00e4\u00e4 virett\u00e4. Nyt tuntuu, ett\u00e4 t\u00e4n\u00e4\u00e4n se l\u00f6ytyi. Tulin t\u00e4nne (SM-hiihtoihin) levon ja palauttelun kautta. Eilen liikahti ihan kivasti ja t\u00e4n\u00e4\u00e4n viel\u00e4 paremmin, kertasi <strong>Melnits<\/strong>.<\/p>\n<p><a href=\"https:\/\/hiihtoliitto.fi\/wp-content\/uploads\/2026\/01\/m_spr_lopputulokset.pdf\" target=\"_blank\" rel=\"noreferrer noopener nofollow\">Tulokset<\/a><br \/><a href=\"https:\/\/hiihtoliitto.fi\/wp-content\/uploads\/2026\/01\/m_sc_pistetilanne_5_9-2.pdf\" target=\"_blank\" rel=\"noreferrer noopener nofollow\">Suomen Cupin kokonaistilanne<\/a><\/p>\n","protected":false},"excerpt":{"rendered":"Etusivu \/ Katri Lylynper\u00e4 ja Ike Melnits sprinttimestaruuksiin Kuopiossa \u00a9 Touho H\u00e4kkinen Kuopion SM-hiihdot p\u00e4\u00e4ttyiv\u00e4t sunnuntaina perinteisen hiihtotavan&hellip;\n","protected":false},"author":2,"featured_media":139607,"comment_status":"","ping_status":"","sticky":false,"template":"","format":"standard","meta":{"footnotes":""},"categories":[158],"tags":[33,31,30,23824,24132,159,32,160],"class_list":{"0":"post-139606","1":"post","2":"type-post","3":"status-publish","4":"format-standard","5":"has-post-thumbnail","7":"category-urheilu","8":"tag-fi","9":"tag-finland","10":"tag-finnish","11":"tag-hiihdon-suomen-cup","12":"tag-sm-hiihdot","13":"tag-sports","14":"tag-suomi","15":"tag-urheilu"},"share_on_mastodon":{"url":"https:\/\/pubeurope.com\/@fi\/115877114381272413","error":""},"_links":{"self":[{"href":"https:\/\/www.europesays.com\/fi\/wp-json\/wp\/v2\/posts\/139606","targetHints":{"allow":["GET"]}}],"collection":[{"href":"https:\/\/www.europesays.com\/fi\/wp-json\/wp\/v2\/posts"}],"about":[{"href":"https:\/\/www.europesays.com\/fi\/wp-json\/wp\/v2\/types\/post"}],"author":[{"embeddable":true,"href":"https:\/\/www.europesays.com\/fi\/wp-json\/wp\/v2\/users\/2"}],"replies":[{"embeddable":true,"href":"https:\/\/www.europesays.com\/fi\/wp-json\/wp\/v2\/comments?post=139606"}],"version-history":[{"count":0,"href":"https:\/\/www.europesays.com\/fi\/wp-json\/wp\/v2\/posts\/139606\/revisions"}],"wp:featuredmedia":[{"embeddable":true,"href":"https:\/\/www.europesays.com\/fi\/wp-json\/wp\/v2\/media\/139607"}],"wp:attachment":[{"href":"https:\/\/www.europesays.com\/fi\/wp-json\/wp\/v2\/media?parent=139606"}],"wp:term":[{"taxonomy":"category","embeddable":true,"href":"https:\/\/www.europesays.com\/fi\/wp-json\/wp\/v2\/categories?post=139606"},{"taxonomy":"post_tag","embeddable":true,"href":"https:\/\/www.europesays.com\/fi\/wp-json\/wp\/v2\/tags?post=139606"}],"curies":[{"name":"wp","href":"https:\/\/api.w.org\/{rel}","templated":true}]}}