{"id":139608,"date":"2026-01-11T15:13:07","date_gmt":"2026-01-11T15:13:07","guid":{"rendered":"https:\/\/www.europesays.com\/fi\/139608\/"},"modified":"2026-01-11T15:13:07","modified_gmt":"2026-01-11T15:13:07","slug":"nicolas-cagelta-varastettu-sarjakuva-myi-huutokaupassa-jarjettomaan-hintaan","status":"publish","type":"post","link":"https:\/\/www.europesays.com\/fi\/139608\/","title":{"rendered":"Nicolas Cagelta varastettu sarjakuva myi huutokaupassa j\u00e4rjett\u00f6m\u00e4\u00e4n hintaan"},"content":{"rendered":"<p><strong>Nicolas Cagen<\/strong> asuntoon murtauduttiin vuonna 2000. Varas vei n\u00e4yttelij\u00e4lt\u00e4 \u00e4\u00e4rimm\u00e4isen arvokkaan Action Comics No.1:n vuodelta 1938. Cage osti lehden vuonna 1996. H\u00e4n maksoi siit\u00e4 150\u00a0000 dollaria.<\/p>\n<p>Varastettu lehti l\u00f6ydettiin vuonna 2011 San Fernando Valleyssa sijainneesta varastokopista. Cage myi lehden puolen vuoden kuluttua 2,2 miljoonalla dollarilla.<\/p>\n<p>Lue my\u00f6s: <a href=\"https:\/\/www.episodi.fi\/uutiset\/nicolas-cage-on-aivan-tunnistamaton-katso-uuden-leffan-traileri\/\" title=\"Nicolas Cage on aivan tunnistamaton! \u2013 Katso uuden leffan traileri\" class=\"underline-custom !font-montserrat !font-bold !underline-offset-4 !decoration-4 !decoration-episodi-blue !text-md\" rel=\"nofollow noopener\" target=\"_blank\">Nicolas Cage on aivan tunnistamaton! \u2013 Katso uuden leffan traileri<\/a><\/p>\n<p>Lue my\u00f6s: <a href=\"https:\/\/www.episodi.fi\/uutiset\/zendaya-ja-robert-pattinson-menivat-kihloihin-ilmoitus-julkaistiin-boston-globe-lehdessa\/\" title=\"Zendaya ja Robert Pattinson meniv\u00e4t kihloihin \u2013 ilmoitus julkaistiin Boston Globe -lehdess\u00e4\" class=\"underline-custom !font-montserrat !font-bold !underline-offset-4 !decoration-4 !decoration-episodi-blue !text-md\" rel=\"nofollow noopener\" target=\"_blank\">Zendaya ja Robert Pattinson meniv\u00e4t kihloihin \u2013 ilmoitus julkaistiin Boston Globe -lehdess\u00e4<\/a><\/p>\n<p>Nyt mielenkiintoisella taustatarinalla varustettu lehti on myyty j\u00e4ttihintaan. Tuntematon ostaja maksoi kyseisest\u00e4 yksil\u00f6st\u00e4 15 miljoonaa dollaria.<\/p>\n<p>Lehte\u00e4 pidet\u00e4\u00e4n yhten\u00e4 sarjakuvamaailman pyhist\u00e4 Graalin maljoista. Ilman t\u00e4t\u00e4 lehte\u00e4 ei Batmania tai montaa muutakaan supersankaria olisi olemassa.<\/p>\n<p>Uskotaan, ett\u00e4 lehte\u00e4 on en\u00e4\u00e4 vain noin sata kappaletta olemassa.<\/p>\n<p>L\u00e4hde: <a href=\"https:\/\/www.rollingstone.com\/tv-movies\/tv-movie-news\/action-comics-no-1-issue-sells-15-million-nic-cage-1235496973\/\" target=\"_blank\" rel=\"noreferrer noopener nofollow\">Rolling Stone<\/a><\/p>\n<p>Lue my\u00f6s: <a href=\"https:\/\/www.episodi.fi\/uutiskirje\/?uutiskirjemainos=tekstilinkkimainos\" title=\"Tilaa Episodin uutiskirje ja voit voittaa leffalippuja! Nappaa tv-vinkit suoraan s\u00e4hk\u00f6postiin t\u00e4st\u00e4.\" class=\"underline-custom !font-montserrat !font-bold !underline-offset-4 !decoration-4 !decoration-episodi-blue !text-md\" rel=\"nofollow noopener\" target=\"_blank\">Tilaa Episodin uutiskirje ja voit voittaa leffalippuja! Nappaa katseluvinkit suoraan s\u00e4hk\u00f6postiin t\u00e4st\u00e4.<\/a><\/p>\n","protected":false},"excerpt":{"rendered":"Nicolas Cagen asuntoon murtauduttiin vuonna 2000. Varas vei n\u00e4yttelij\u00e4lt\u00e4 \u00e4\u00e4rimm\u00e4isen arvokkaan Action Comics No.1:n vuodelta 1938. Cage osti&hellip;\n","protected":false},"author":2,"featured_media":139609,"comment_status":"","ping_status":"","sticky":false,"template":"","format":"standard","meta":{"footnotes":""},"categories":[130],"tags":[20787,137,33,31,30,3285,9799,32,109],"class_list":{"0":"post-139608","1":"post","2":"type-post","3":"status-publish","4":"format-standard","5":"has-post-thumbnail","7":"category-viihde","8":"tag-ennatys","9":"tag-entertainment","10":"tag-fi","11":"tag-finland","12":"tag-finnish","13":"tag-nicolas-cage","14":"tag-sarjakuvat","15":"tag-suomi","16":"tag-viihde"},"share_on_mastodon":{"url":"https:\/\/pubeurope.com\/@fi\/115877118121214456","error":""},"_links":{"self":[{"href":"https:\/\/www.europesays.com\/fi\/wp-json\/wp\/v2\/posts\/139608","targetHints":{"allow":["GET"]}}],"collection":[{"href":"https:\/\/www.europesays.com\/fi\/wp-json\/wp\/v2\/posts"}],"about":[{"href":"https:\/\/www.europesays.com\/fi\/wp-json\/wp\/v2\/types\/post"}],"author":[{"embeddable":true,"href":"https:\/\/www.europesays.com\/fi\/wp-json\/wp\/v2\/users\/2"}],"replies":[{"embeddable":true,"href":"https:\/\/www.europesays.com\/fi\/wp-json\/wp\/v2\/comments?post=139608"}],"version-history":[{"count":0,"href":"https:\/\/www.europesays.com\/fi\/wp-json\/wp\/v2\/posts\/139608\/revisions"}],"wp:featuredmedia":[{"embeddable":true,"href":"https:\/\/www.europesays.com\/fi\/wp-json\/wp\/v2\/media\/139609"}],"wp:attachment":[{"href":"https:\/\/www.europesays.com\/fi\/wp-json\/wp\/v2\/media?parent=139608"}],"wp:term":[{"taxonomy":"category","embeddable":true,"href":"https:\/\/www.europesays.com\/fi\/wp-json\/wp\/v2\/categories?post=139608"},{"taxonomy":"post_tag","embeddable":true,"href":"https:\/\/www.europesays.com\/fi\/wp-json\/wp\/v2\/tags?post=139608"}],"curies":[{"name":"wp","href":"https:\/\/api.w.org\/{rel}","templated":true}]}}