{"id":139614,"date":"2026-01-11T15:18:07","date_gmt":"2026-01-11T15:18:07","guid":{"rendered":"https:\/\/www.europesays.com\/fi\/139614\/"},"modified":"2026-01-11T15:18:07","modified_gmt":"2026-01-11T15:18:07","slug":"iso-liikerakennus-oli-vaarassa-palaa-korjalassa-lahelta-piti-paikalliset","status":"publish","type":"post","link":"https:\/\/www.europesays.com\/fi\/139614\/","title":{"rendered":"Iso liikerakennus oli vaarassa palaa Korjalassa \u2013 &#8221;L\u00e4helt\u00e4 piti&#8221; | Paikalliset"},"content":{"rendered":"<p>Korjalassa syttyi uhkaava rakennuspalo sunnuntaina iltap\u00e4iv\u00e4ll\u00e4 hieman ennen kello 15:t\u00e4.<\/p>\n<p>Kaupinkadulla sijaitsevan liikerakennuksen pihalla ollut j\u00e4teastia oli syttynyt palamaan, ja tuli oli levinnyt noin 1\u2009600-neli\u00f6isen rakennuksen sein\u00e4\u00e4n.<\/p>\n<p>\u2013\u2009L\u00e4helt\u00e4 piti. Kun pelastuslaitos saapui paikalle, oli astia jo sulanut. Onneksi palo huomattiin ajoissa, p\u00e4ivyst\u00e4v\u00e4 p\u00e4\u00e4llikk\u00f6 <strong>Asko Rouhiainen<\/strong> Kymenlaakson pelastuslaitokselta sanoo.<\/p>\n<p>Palon oli huomannut ohikulkija, ja my\u00f6s liikkeen omistaja oli saapunut pian paikalle. Rouhaisen mukaan he olivat tehneet alkusammutusta lumella ennen pelastuslaitoksen saapumista.<\/p>\n<p>Pelastuslaitos hoiti j\u00e4lkisammutuksen. Rakennuksen sein\u00e4\u00e4 jouduttiin purkamaan jonkin verran.<\/p>\n<p>Palon syttymissyy ei ole selvill\u00e4. Rouhiaisen mukaan j\u00e4teastian vieress\u00e4 oli akkuker\u00e4ysastia, jolla voi olla osuutta asiaan. Liikkeess\u00e4 tai sen pihalla ei tiett\u00e4v\u00e4sti ollut ket\u00e4\u00e4n paikalla palon syttyess\u00e4.<\/p>\n","protected":false},"excerpt":{"rendered":"Korjalassa syttyi uhkaava rakennuspalo sunnuntaina iltap\u00e4iv\u00e4ll\u00e4 hieman ennen kello 15:t\u00e4. Kaupinkadulla sijaitsevan liikerakennuksen pihalla ollut j\u00e4teastia oli syttynyt&hellip;\n","protected":false},"author":2,"featured_media":139615,"comment_status":"","ping_status":"","sticky":false,"template":"","format":"standard","meta":{"footnotes":""},"categories":[12],"tags":[22,23,1628,26,27,33,31,30,17,24,25,28,29,15,120,18,21,123,5512,1003,32,10478,19,20,546,16],"class_list":{"0":"post-139614","1":"post","2":"type-post","3":"status-publish","4":"format-standard","5":"has-post-thumbnail","7":"category-suomi","8":"tag-breaking-news","9":"tag-breakingnews","10":"tag-energia-ja-energiavarat","11":"tag-featured-news","12":"tag-featurednews","13":"tag-fi","14":"tag-finland","15":"tag-finnish","16":"tag-headlines","17":"tag-latest-news","18":"tag-latestnews","19":"tag-main-news","20":"tag-mainnews","21":"tag-news","22":"tag-onnettomuustapaus","23":"tag-otsikot","24":"tag-paauutiset","25":"tag-palo-ja-pelastustoimi","26":"tag-rakennusten-tai-niiden-osien-rakentaminen-seka-maa-ja-vesirakentaminen","27":"tag-rakentaminen","28":"tag-suomi","29":"tag-talon-rakenteet-ja-rakennusosat","30":"tag-top-stories","31":"tag-topstories","32":"tag-turvallisuus","33":"tag-uutiset"},"share_on_mastodon":{"url":"https:\/\/pubeurope.com\/@fi\/115877137977535671","error":""},"_links":{"self":[{"href":"https:\/\/www.europesays.com\/fi\/wp-json\/wp\/v2\/posts\/139614","targetHints":{"allow":["GET"]}}],"collection":[{"href":"https:\/\/www.europesays.com\/fi\/wp-json\/wp\/v2\/posts"}],"about":[{"href":"https:\/\/www.europesays.com\/fi\/wp-json\/wp\/v2\/types\/post"}],"author":[{"embeddable":true,"href":"https:\/\/www.europesays.com\/fi\/wp-json\/wp\/v2\/users\/2"}],"replies":[{"embeddable":true,"href":"https:\/\/www.europesays.com\/fi\/wp-json\/wp\/v2\/comments?post=139614"}],"version-history":[{"count":0,"href":"https:\/\/www.europesays.com\/fi\/wp-json\/wp\/v2\/posts\/139614\/revisions"}],"wp:featuredmedia":[{"embeddable":true,"href":"https:\/\/www.europesays.com\/fi\/wp-json\/wp\/v2\/media\/139615"}],"wp:attachment":[{"href":"https:\/\/www.europesays.com\/fi\/wp-json\/wp\/v2\/media?parent=139614"}],"wp:term":[{"taxonomy":"category","embeddable":true,"href":"https:\/\/www.europesays.com\/fi\/wp-json\/wp\/v2\/categories?post=139614"},{"taxonomy":"post_tag","embeddable":true,"href":"https:\/\/www.europesays.com\/fi\/wp-json\/wp\/v2\/tags?post=139614"}],"curies":[{"name":"wp","href":"https:\/\/api.w.org\/{rel}","templated":true}]}}