{"id":139620,"date":"2026-01-11T15:31:14","date_gmt":"2026-01-11T15:31:14","guid":{"rendered":"https:\/\/www.europesays.com\/fi\/139620\/"},"modified":"2026-01-11T15:31:14","modified_gmt":"2026-01-11T15:31:14","slug":"miss-suomi-tara-lehtonen-elama-uusiksi-vakavan-diagnoosin-jalkeen","status":"publish","type":"post","link":"https:\/\/www.europesays.com\/fi\/139620\/","title":{"rendered":"Miss Suomi Tara Lehtonen: El\u00e4m\u00e4 uusiksi vakavan diagnoosin j\u00e4lkeen"},"content":{"rendered":"<p>            ATTE KAJOVA\n        <\/p>\n<p class=\"subtitle \">L\u00e4\u00e4k\u00e4ri lausui Taralle pys\u00e4ytt\u00e4v\u00e4t sanat.<\/p>\n<p class=\"article-content article-content-width !bg-background\">Suuri osa Miss Suomi  nuoruudesta kului urheilun parissa ja h\u00e4nell\u00e4 oli monia harrastuksia.\u00a0<\/p>\n<p class=\"font-weight-bold m-font-weight-bold article-content article-content-width !bg-background\">Video: Tara kertoo Miss Suomeksi kruunaamisestaan.<\/p>\n<p class=\"article-content article-content-width !bg-background\">H\u00e4n pelasi pitk\u00e4\u00e4n lentopalloa ja sen rinnalle tuli my\u00f6s kilpaura cheerleadingissa.<\/p>\n<p class=\"article-content article-content-width !bg-background\">Sitten h\u00e4n joutui kokemaan el\u00e4m\u00e4ns\u00e4 suurimman vastoink\u00e4ymisen.<\/p>\n<p class=\"article-content article-content-width !bg-background\">\u2013\tMinulle tuli vakava v\u00e4lilevynpullistuma kahteen kohtaan sel\u00e4ss\u00e4. Lis\u00e4ksi oli niin pahaa rappeumaa, etten joskus p\u00e4\u00e4ssyt edes s\u00e4ngyst\u00e4 yl\u00f6s tai pystynyt laittamaan sukkia jalkaan.<\/p>\n<p class=\"article-content article-content-width !bg-background\">\u2013\tJouduin miettim\u00e4\u00e4n koko el\u00e4m\u00e4ni ja tulevaisuuteni uusiksi. Ty\u00f6t j\u00e4iv\u00e4t hetkeksi ja urheilu samaten. L\u00e4\u00e4k\u00e4ri kertoi, etten voi en\u00e4\u00e4 milloinkaan liikkua samalla tavalla kuin ennen.<\/p>\n<p>        <a itemprop=\"url\" href=\"https:\/\/www.seiska.fi\/kotimaa\/uusi-miss-suomi-avautuu-vihdoin-pois\/2024095\" rel=\"nofollow noopener\" target=\"_blank\"><\/p>\n<p>\nTara Lehtonen\n<\/p>\n<p class=\"section-date\">\n        <strong class=\"article-section\" data-section=\"kotimaa\"><br \/>\n            kotimaa<br \/>\n        <\/strong><br \/>\n        16.12.2025 17:55\n    <\/p>\n<p>Uusi Miss Suomi avautuu: &#8221;Vihdoin pois&#8221;\n    <\/p>\n<p itemprop=\"description\" class=\"subtitle \">\n    Tara Lehtonen julkaisi t\u00e4n\u00e4\u00e4n kaksi paljastavaa Instagram-tarinaa.\n<\/p>\n<p>        <\/a><\/p>\n<p>Normaalia el\u00e4m\u00e4\u00e4<\/p>\n<p class=\"article-content article-content-width !bg-background\">T\u00e4n\u00e4 p\u00e4iv\u00e4n\u00e4 Tara pystyy liikkumaan normaalisti, mutta h\u00e4nen pit\u00e4\u00e4 tiet\u00e4\u00e4 mill\u00e4 tavoin h\u00e4n voi ja pystyy rasittamaan selk\u00e4\u00e4ns\u00e4.<\/p>\n<p class=\"article-content article-content-width !bg-background\"> \u2013 Tietyt asiat, kuten todella pitk\u00e4\u00e4n istuminen vaikkapa lentokoneessa, kipeytt\u00e4v\u00e4t selk\u00e4\u00e4. <\/p>\n<p class=\"article-content article-content-width !bg-background\">Esimerkiksi liikeradat ja tekniikat on oltava hallussa, jottei haavereita k\u00e4visi. Tara kertoo harrastavansa esimerkiksi hyrox-treenej\u00e4.<\/p>\n<p>                <img decoding=\"async\" src=\"https:\/\/www.europesays.com\/fi\/wp-content\/uploads\/2026\/01\/2039691.webp.jpeg\" width=\"576\" height=\"322\" alt=\"Arvoistaan Tara kertoo sen, ettei hyv\u00e4ksy ket\u00e4\u00e4n kohdeltavan huonosti, ja ett\u00e4 kaikkia tulisi kunnioittaa.\" loading=\"lazy\" \/>            <\/p>\n<p>\n            Arvoistaan Tara kertoo sen, ettei hyv\u00e4ksy ket\u00e4\u00e4n kohdeltavan huonosti, ja ett\u00e4 kaikkia tulisi kunnioittaa.<br \/>\n            ATTE KAJOVA\n        <\/p>\n<p>Prinsessaleikit j\u00e4iv\u00e4t<\/p>\n<p class=\"article-content article-content-width !bg-background\">Raumalla varttuneella Taralla on kaksi isovelje\u00e4, jotka ovat h\u00e4nt\u00e4 kahdeksan ja kymmenen vuotta vanhemmat.<\/p>\n<p class=\"article-content article-content-width !bg-background\">\u2013\tEn leikkinyt prinsessaleikkej\u00e4 veljieni kanssa, vaan aika paljon leikittiin autoilla ja legoilla. Sain leikkikavereita kotitiemme varrelta, koska naapureilla oli samanik\u00e4isi\u00e4 lapsia.<\/p>\n<p class=\"article-content article-content-width !bg-background\">Vanhempiensa ja yst\u00e4viens\u00e4 kanssa Tara on yh\u00e4 l\u00e4heinen, vaikka muuttikin pois Raumalta vuonna 2023 H\u00e4meenlinnaan. Vuonna 2024 kotipaikka vaihtui vuorostaan Helsinkiin.<\/p>\n<p>        <a itemprop=\"url\" href=\"https:\/\/www.seiska.fi\/vain-seiskassa\/nyt-puhuu-kruununsa-menettanyt-sarah-dzafce-valehtelisin-jos-vaittaisin\/2031445\" rel=\"nofollow noopener\" target=\"_blank\"><\/p>\n<p>\nNyt puhuu kruununsa menett\u00e4nyt Sarah Dzafce:\n<\/p>\n<p class=\"section-date\">\n        <strong class=\"article-section\" data-section=\"vain seiskassa\"><br \/>\n            vain seiskassa<br \/>\n        <\/strong><br \/>\n        27.12.2025 15:00\n    <\/p>\n<p>Nyt puhuu kruununsa menett\u00e4nyt Sarah Dzafce: &#8221;Valehtelisin, jos v\u00e4itt\u00e4isin&#8230;&#8221;\n    <\/p>\n<p itemprop=\"description\" class=\"subtitle \">\n    &#8221;Kulta ei muutu hopeaksi, eik\u00e4 hopea kullaksi&#8221;, toteaa kruununsa menett\u00e4nyt Sarah Dzafce.\n<\/p>\n<p>        <\/a><\/p>\n<p>Paloin loppuun<\/p>\n<p class=\"article-content article-content-width !bg-background\">Pari vuotta sitten Tara teki hurjasti t\u00f6it\u00e4, mik\u00e4 johti siihen, ett\u00e4 h\u00e4n ylitti voimavaransa.<\/p>\n<p class=\"article-content article-content-width !bg-background\">\u2013\tOlin todella v\u00e4synyt enk\u00e4 jaksanut tehd\u00e4 juuri mit\u00e4\u00e4n, vaan olin vain kotona. Olotila jatkui viime vuoden alkuun asti.<\/p>\n<p class=\"article-content article-content-width !bg-background\">\u2013\tKoska minulla ei ollut energiaa, sosiaaliset tilanteet alkoivat tuntua haastavilta. Minun oli lev\u00e4tt\u00e4v\u00e4, etten polttaisi itse\u00e4ni loppuun tulevan Miss Suomi -kisan aikana.<\/p>\n<p class=\"article-content article-content-width !bg-background\">Tara oppi omat rajansa kantap\u00e4\u00e4n kautta. Nyky\u00e4\u00e4n h\u00e4n tiet\u00e4\u00e4 paremmin, mink\u00e4 verran h\u00e4nen kannattaa tehd\u00e4 t\u00f6it\u00e4.<\/p>\n<p>                <img decoding=\"async\" src=\"https:\/\/www.europesays.com\/fi\/wp-content\/uploads\/2026\/01\/2039693.webp.jpeg\" width=\"576\" height=\"720\" alt=\"\u201dEp\u00e4missim\u00e4isint\u00e4\u201d Taran arjessa ovat h\u00e4nen kotip\u00e4iv\u00e4ns\u00e4, jolloin h\u00e4n makoilee pyjamassa hiukset sotkussa ja sy\u00f6 hyv\u00e4\u00e4 ruokaa. \u2013 El\u00e4m\u00e4 ei aina ole glamouria!\" loading=\"lazy\" \/>            <\/p>\n<p>\n            \u201dEp\u00e4missim\u00e4isint\u00e4\u201d Taran arjessa ovat h\u00e4nen kotip\u00e4iv\u00e4ns\u00e4, jolloin h\u00e4n makoilee pyjamassa hiukset sotkussa ja sy\u00f6 hyv\u00e4\u00e4 ruokaa. \u2013 El\u00e4m\u00e4 ei aina ole glamouria!<br \/>\n            ATTE KAJOVA\n        <\/p>\n","protected":false},"excerpt":{"rendered":"ATTE KAJOVA L\u00e4\u00e4k\u00e4ri lausui Taralle pys\u00e4ytt\u00e4v\u00e4t sanat. Suuri osa Miss Suomi nuoruudesta kului urheilun parissa ja h\u00e4nell\u00e4 oli&hellip;\n","protected":false},"author":2,"featured_media":139621,"comment_status":"","ping_status":"","sticky":false,"template":"","format":"standard","meta":{"footnotes":""},"categories":[136],"tags":[407,137,33,31,30,2233,408,563,3458,24191,32,21232,167,160,6578,109],"class_list":{"0":"post-139620","1":"post","2":"type-post","3":"status-publish","4":"format-standard","5":"has-post-thumbnail","7":"category-julkkikset","8":"tag-celebrities","9":"tag-entertainment","10":"tag-fi","11":"tag-finland","12":"tag-finnish","13":"tag-hyvinvointi","14":"tag-julkkikset","15":"tag-liikunta","16":"tag-miss-suomi","17":"tag-selkavamma","18":"tag-suomi","19":"tag-tara-lehtonen","20":"tag-terveys","21":"tag-urheilu","22":"tag-uupumus","23":"tag-viihde"},"share_on_mastodon":{"url":"https:\/\/pubeurope.com\/@fi\/115877188917238034","error":""},"_links":{"self":[{"href":"https:\/\/www.europesays.com\/fi\/wp-json\/wp\/v2\/posts\/139620","targetHints":{"allow":["GET"]}}],"collection":[{"href":"https:\/\/www.europesays.com\/fi\/wp-json\/wp\/v2\/posts"}],"about":[{"href":"https:\/\/www.europesays.com\/fi\/wp-json\/wp\/v2\/types\/post"}],"author":[{"embeddable":true,"href":"https:\/\/www.europesays.com\/fi\/wp-json\/wp\/v2\/users\/2"}],"replies":[{"embeddable":true,"href":"https:\/\/www.europesays.com\/fi\/wp-json\/wp\/v2\/comments?post=139620"}],"version-history":[{"count":0,"href":"https:\/\/www.europesays.com\/fi\/wp-json\/wp\/v2\/posts\/139620\/revisions"}],"wp:featuredmedia":[{"embeddable":true,"href":"https:\/\/www.europesays.com\/fi\/wp-json\/wp\/v2\/media\/139621"}],"wp:attachment":[{"href":"https:\/\/www.europesays.com\/fi\/wp-json\/wp\/v2\/media?parent=139620"}],"wp:term":[{"taxonomy":"category","embeddable":true,"href":"https:\/\/www.europesays.com\/fi\/wp-json\/wp\/v2\/categories?post=139620"},{"taxonomy":"post_tag","embeddable":true,"href":"https:\/\/www.europesays.com\/fi\/wp-json\/wp\/v2\/tags?post=139620"}],"curies":[{"name":"wp","href":"https:\/\/api.w.org\/{rel}","templated":true}]}}