{"id":139626,"date":"2026-01-11T15:38:08","date_gmt":"2026-01-11T15:38:08","guid":{"rendered":"https:\/\/www.europesays.com\/fi\/139626\/"},"modified":"2026-01-11T15:38:08","modified_gmt":"2026-01-11T15:38:08","slug":"eduard-hallberg-kuudes-adelbodenin-maailmancup-pujottelussa","status":"publish","type":"post","link":"https:\/\/www.europesays.com\/fi\/139626\/","title":{"rendered":"Eduard Hallberg kuudes Adelbodenin maailmancup-pujottelussa"},"content":{"rendered":"<p><strong class=\"typography-bold\">Suomen Eduard Hallberg laski kuudenneksi Adelbodenin maailmancup-pujottelussa sunnuntaina.<\/strong><\/p>\n<p><a class=\"cursor-pointer underline\" data-testid=\"internal-link\" role=\"link\" data-sentry-element=\"Link\" data-sentry-component=\"InternalLink\" data-sentry-source-file=\"InternalLink.tsx\" href=\"https:\/\/www.mtvuutiset.fi\/artikkeli\/eduard-hallbergilta-taas-huippulasku\/9280718\" rel=\"nofollow noopener\" target=\"_blank\">Hallberg oli ensimm\u00e4isen kierroksen j\u00e4lkeen kolmantena<\/a>, 0,29 sekuntia Norjan <strong class=\"typography-bold\">Henrik Kristoffersenia<\/strong> per\u00e4ss\u00e4. Toisella kierroksella suomalaiselle sattui kovassa vauhdissa paljon virheit\u00e4 ja h\u00e4n putosi kolmella sijalla kuudenneksi. Sijoitus on kuitenkin suomalaiselle maailmancupissa kauden ja uran kolmanneksi paras.<\/p>\n<p>Voittoon nousi Ranskan <strong class=\"typography-bold\">Paco Rassat<\/strong>, Norjan <strong class=\"typography-bold\">Atle Lie Mcgrath<\/strong> oli toinen ja Kristoffersen kolmas.<\/p>\n<p>Hallberg j\u00e4i Rassat&#8217;sta 0,65 sekuntia.<\/p>\n<p>Hallberg on t\u00e4n\u00e4 talvena murtautunut maailman k\u00e4rkikahinoihin. H\u00e4nell\u00e4 on t\u00e4lt\u00e4 kaudelta kaksi maailmancupin palkintokorokesijoitusta pujottelusta.<\/p>\n","protected":false},"excerpt":{"rendered":"Suomen Eduard Hallberg laski kuudenneksi Adelbodenin maailmancup-pujottelussa sunnuntaina. Hallberg oli ensimm\u00e4isen kierroksen j\u00e4lkeen kolmantena, 0,29 sekuntia Norjan Henrik&hellip;\n","protected":false},"author":2,"featured_media":139627,"comment_status":"","ping_status":"","sticky":false,"template":"","format":"standard","meta":{"footnotes":""},"categories":[158],"tags":[33,31,30,159,32,160],"class_list":{"0":"post-139626","1":"post","2":"type-post","3":"status-publish","4":"format-standard","5":"has-post-thumbnail","7":"category-urheilu","8":"tag-fi","9":"tag-finland","10":"tag-finnish","11":"tag-sports","12":"tag-suomi","13":"tag-urheilu"},"share_on_mastodon":{"url":"https:\/\/pubeurope.com\/@fi\/115877216542146764","error":""},"_links":{"self":[{"href":"https:\/\/www.europesays.com\/fi\/wp-json\/wp\/v2\/posts\/139626","targetHints":{"allow":["GET"]}}],"collection":[{"href":"https:\/\/www.europesays.com\/fi\/wp-json\/wp\/v2\/posts"}],"about":[{"href":"https:\/\/www.europesays.com\/fi\/wp-json\/wp\/v2\/types\/post"}],"author":[{"embeddable":true,"href":"https:\/\/www.europesays.com\/fi\/wp-json\/wp\/v2\/users\/2"}],"replies":[{"embeddable":true,"href":"https:\/\/www.europesays.com\/fi\/wp-json\/wp\/v2\/comments?post=139626"}],"version-history":[{"count":0,"href":"https:\/\/www.europesays.com\/fi\/wp-json\/wp\/v2\/posts\/139626\/revisions"}],"wp:featuredmedia":[{"embeddable":true,"href":"https:\/\/www.europesays.com\/fi\/wp-json\/wp\/v2\/media\/139627"}],"wp:attachment":[{"href":"https:\/\/www.europesays.com\/fi\/wp-json\/wp\/v2\/media?parent=139626"}],"wp:term":[{"taxonomy":"category","embeddable":true,"href":"https:\/\/www.europesays.com\/fi\/wp-json\/wp\/v2\/categories?post=139626"},{"taxonomy":"post_tag","embeddable":true,"href":"https:\/\/www.europesays.com\/fi\/wp-json\/wp\/v2\/tags?post=139626"}],"curies":[{"name":"wp","href":"https:\/\/api.w.org\/{rel}","templated":true}]}}