{"id":139636,"date":"2026-01-11T15:43:08","date_gmt":"2026-01-11T15:43:08","guid":{"rendered":"https:\/\/www.europesays.com\/fi\/139636\/"},"modified":"2026-01-11T15:43:08","modified_gmt":"2026-01-11T15:43:08","slug":"asiantuntija-trump-iskee-iraniin-vain-jos-voi-tehda-jotakin-dramaattista-jossa-on-suuri-mahdollisuus-onnistua-ulkomaat","status":"publish","type":"post","link":"https:\/\/www.europesays.com\/fi\/139636\/","title":{"rendered":"Asiantuntija: Trump iskee Iraniin vain, jos voi tehd\u00e4 jotakin dramaattista, jossa on suuri mahdollisuus onnistua | Ulkomaat"},"content":{"rendered":"<p class=\"aw-1gybjub aw-1p7kakr kEtdKx cEmitX yle__article__paragraph\">Presidentti <strong class=\"aw-ak79eh KyCXm yle__article__strong\">Donald Trumpin<\/strong> hallinnossa on k\u00e4yty keskusteluja iskuista Iraniin, uutisoivat yhdysvaltalaismediat.<\/p>\n<p class=\"aw-1gybjub aw-1p7kakr kEtdKx cEmitX yle__article__paragraph\">Sanomalehdet <a class=\"aw-iao6s4 iHOxEa yle__article__link\" href=\"https:\/\/www.nytimes.com\/2026\/01\/10\/us\/politics\/trump-iran-strikes.html\" role=\"link\" rel=\"nofollow noopener\" target=\"_blank\">The New York Times<\/a> ja <a class=\"aw-iao6s4 iHOxEa yle__article__link\" href=\"https:\/\/www.wsj.com\/world\/middle-east\/iran-toughens-crackdown-as-death-toll-grows-a2200bda?mod=hp_lead_pos2\" role=\"link\" rel=\"nofollow noopener\" target=\"_blank\">Wall Street Journal<\/a> kertovat, ett\u00e4 Trumpille on esitelty eri vaihtoehtoja. The New York Timesin viranomaisl\u00e4hteiden mukaan Trump harkitsee vakavasti iskun sallimista, mutta ei ole tehnyt lopullista p\u00e4\u00e4t\u00f6st\u00e4.<\/p>\n<p class=\"aw-1gybjub aw-1p7kakr kEtdKx cEmitX yle__article__paragraph\">Trump on uhannut jo monta kertaa Iranin johtoa iskuilla, jos se k\u00e4y kaduilla kaksi viikkoa mielt\u00e4\u00e4n osoittaneiden ihmisten kimppuun. Toistaiseksi mink\u00e4\u00e4nlaista iskua ei ole tullut, vaikka Iranin turvallisuusjoukot <a class=\"aw-iao6s4 iHOxEa yle__article__link\" href=\"https:\/\/yle.fi\/a\/74-20203516\" role=\"link\" rel=\"nofollow noopener\" target=\"_blank\">ovat k\u00e4ytt\u00e4neet kovia otteita<\/a> protestien murskaamiseksi.<\/p>\n<p class=\"aw-1gybjub aw-1p7kakr kEtdKx cEmitX yle__article__paragraph\">Trump uhkasi pitk\u00e4\u00e4n my\u00f6s Venezuelaa. Viime viikonloppuna Yhdysvallat sieppasi presidentti <strong class=\"aw-ak79eh KyCXm yle__article__strong\">Nicol\u00e1s Maduron<\/strong> iskussa p\u00e4\u00e4kaupunkiin Caracasiin.<\/p>\n<p class=\"aw-1gybjub aw-1p7kakr kEtdKx cEmitX yle__article__paragraph\">N\u00e4ytt\u00e4\u00e4 silt\u00e4, ett\u00e4 Trump iskee sotilaallisesti vain silloin, kun h\u00e4n voi tehd\u00e4 jotakin dramaattista ja tiukasti rajattua, jossa on suuri mahdollisuus onnistua, sanoo kansainv\u00e4lisen politiikan asiantuntija <strong class=\"aw-ak79eh KyCXm yle__article__strong\">Risto E. J. Penttil\u00e4<\/strong> Ylelle.<\/p>\n<p class=\"aw-1gybjub aw-1p7kakr kEtdKx cEmitX yle__article__paragraph\">\u2013 Lis\u00e4ksi mahdollisten tappioiden amerikkalaisille pit\u00e4\u00e4 olla pienet. Jos t\u00e4llainen optio l\u00f6ytyy, kyll\u00e4 Trump varmasti sellaisen tekee, Penttil\u00e4 sanoo puhelinhaastattelussa.<\/p>\n<p class=\"aw-1gybjub aw-1p7kakr kEtdKx cEmitX yle__article__paragraph\">Penttil\u00e4n mukaan on kuitenkin vaikea sanoa, mik\u00e4 voisi olla Iranissa sellainen rajattu isku, joka auttaisi hallintoa vastustavia mielenosoittajia.<\/p>\n<p class=\"aw-1gybjub aw-1p7kakr kEtdKx cEmitX yle__article__paragraph\">\u2013 Iran tiet\u00e4\u00e4 odottaa [iskua] ja on valmistautunut ep\u00e4toivoisiinkin vastaiskuihin. Voi olla vaikea l\u00f6yt\u00e4\u00e4 sellainen sotilaallinen vaihtoehto, joka t\u00e4ytt\u00e4isi kriteerit, Penttil\u00e4 sanoo.<\/p>\n<p>Sosiaaliseen mediaan ladatuissa videoissa n\u00e4kyy protesteja Iranin eri kaupungeissa viime p\u00e4ivin\u00e4. Mielenosoitukset ovat levinneet eri puolille maata.<\/p>\n<p class=\"aw-1gybjub aw-1p7kakr kEtdKx cEmitX yle__article__paragraph\">Yhdysvaltain iskussa Venezuelaan ei kuollut yht\u00e4\u00e4n Yhdysvaltain sotilasta.<\/p>\n<p class=\"aw-1gybjub aw-1p7kakr kEtdKx cEmitX yle__article__paragraph\">Nyt Trump ei halua katkaista voittosarjaansa toimilla, joissa on liian suuri riski ep\u00e4onnistua, Penttil\u00e4 sanoo.<\/p>\n<p>Trump ei halua Iraniin kaaosta<\/p>\n<p class=\"aw-1gybjub aw-1p7kakr kEtdKx cEmitX yle__article__paragraph\">Penttil\u00e4 ei usko, ett\u00e4 Yhdysvallat olisi l\u00e4hd\u00f6ss\u00e4 tekem\u00e4\u00e4n Iranissa suurisuuntaista sotilaallista iskua, jolla pyritt\u00e4isiin esimerkiksi kaatamaan Iranin hallintoa.<\/p>\n<p class=\"aw-1gybjub aw-1p7kakr kEtdKx cEmitX yle__article__paragraph\">Syyn\u00e4 on, ett\u00e4 Yhdysvallat ei halua Iranin ajautuvan seurauksena kaaokseen, joka tulisi Trumpin kontolle.<\/p>\n<p class=\"aw-1gybjub aw-1p7kakr kEtdKx cEmitX yle__article__paragraph\">Trumpin tavoitteena on vallanvaihto Iranissa, ja h\u00e4nt\u00e4 kiinnostaa mahdollisuus lis\u00e4t\u00e4 Yhdysvaltain vaikutusvaltaa L\u00e4hi-id\u00e4ss\u00e4, mutta se pit\u00e4\u00e4 tehd\u00e4 tavalla, jonka Yhdysvaltain liittolaiset alueella voivat hyv\u00e4ksy\u00e4, Penttil\u00e4 sanoo. Esimerkiksi Saudi-Arabia ei halua lis\u00e4\u00e4 kaaosta alueelle.<\/p>\n<p><img decoding=\"async\" alt=\"Ajatollah Ali Khamenei.\" src=\"https:\/\/www.europesays.com\/fi\/wp-content\/uploads\/2026\/01\/39-1468436682c59867512e.jpeg\" loading=\"lazy\" class=\"aw-1l9m598 hKVVvP\"\/><\/p>\n<p>Avaa kuvien katselu<\/p>\n<p>Iranin ylimm\u00e4n johtajan Ali Khamenein toimiston julkaisemassa kuvassa Khamenei tervehtii v\u00e4kijoukkoa Teheranissa 17. toukokuuta 2025.  Kuva: Iranin johtajan toimisto \/ EPA<\/p>\n<p class=\"aw-1gybjub aw-1p7kakr kEtdKx cEmitX yle__article__paragraph\">Wall Street Journalin l\u00e4hteen mukaan Trumpin hallinnon keskusteluissa ovat olleet esill\u00e4 muun muassa mahdolliset ilmaiskut Iranin sotilaskohteisiin. New York Timesin mukaan Trumpille esiteltyihin vaihtoehtoihin sis\u00e4ltyy my\u00f6s mahdollisia iskuja muihin kuin sotilaallisiin kohteisiin Teheranissa.<\/p>\n<p class=\"aw-1gybjub aw-1p7kakr kEtdKx cEmitX yle__article__paragraph\">Wall Street Journalille puhuneet l\u00e4hteet kertovat, ett\u00e4 mit\u00e4\u00e4n ei olisi tapahtumassa v\u00e4litt\u00f6m\u00e4sti.<\/p>\n<p class=\"aw-1gybjub aw-1p7kakr kEtdKx cEmitX yle__article__paragraph\">Lehden mukaan viranomaiset puhuvat varovaisuudesta, ettei mahdollinen sotilaallinen isku saisi iranilaisia yhdistym\u00e4\u00e4n hallituksen tueksi. Vaarana olisivat my\u00f6s kostotoimet Yhdysvaltain sotilaita ja diplomaatteja vastaan.<\/p>\n<p class=\"aw-1gybjub aw-1p7kakr kEtdKx cEmitX yle__article__paragraph\">New York Timesin mukaan Yhdysvaltain asevoimien komentajat alueella haluaisivat lis\u00e4\u00e4 aikaa ennen mahdollista iskua, jotta Yhdysvaltain kohteiden puolustusta alueella voitaisiin valmistella Iranin vastaiskujen varalta.<\/p>\n<p class=\"aw-1gybjub aw-1p7kakr kEtdKx cEmitX yle__article__paragraph\">Iranin parlamentin puhemies sanoi t\u00e4n\u00e4\u00e4n sunnuntaina Iranin vastaavan, jos Yhdysvallat iskee Irania vastaan.<\/p>\n<p class=\"aw-1gybjub aw-1p7kakr kEtdKx cEmitX yle__article__paragraph\">Puhemies <strong class=\"aw-ak79eh KyCXm yle__article__strong\">Mohammad Bagher Ghalibafin<\/strong> mukaan Iran voi iske\u00e4 esimerkiksi Yhdysvaltain asevoimien kohteisiin tai merikuljetuksiin sek\u00e4 \u201dmiehitetylle alueelle\u201d. J\u00e4lkimm\u00e4isell\u00e4 h\u00e4n n\u00e4ytti viittaavan Israeliin, jota Iranin hallinto ei tunnusta.<\/p>\n<p class=\"aw-1gybjub aw-1p7kakr kEtdKx cEmitX yle__article__paragraph\">Israelilaisten sotilasl\u00e4hteiden mukaan Israel on korkeassa valmiustilassa mahdollisen Yhdysvaltain v\u00e4liintulon varalta, kertoo <a class=\"aw-iao6s4 iHOxEa yle__article__link\" href=\"https:\/\/www.reuters.com\/business\/media-telecom\/confronting-protests-iran-vows-strike-back-if-us-attacks-2026-01-11\/\" role=\"link\" rel=\"nofollow noopener\" target=\"_blank\">uutistoimisto Reuters<\/a>.<\/p>\n<p>Miksi Trump uhkaa, jos ei ole ryhtym\u00e4ss\u00e4 iskuun heti?<\/p>\n<p class=\"aw-1gybjub aw-1p7kakr kEtdKx cEmitX yle__article__paragraph\">Venezuelan presidentin sieppauksen j\u00e4lkeen Trumpin hallinto on sanonut useaan otteeseen, ett\u00e4 Trump on valmis ryhtym\u00e4\u00e4n toimiin my\u00f6s muissa yhteyksiss\u00e4.<\/p>\n<p class=\"aw-1gybjub aw-1p7kakr kEtdKx cEmitX yle__article__paragraph\">Perjantaina Yhdysvaltain ulkoministeri\u00f6 julkaisi sosiaalisessa mediassa videon Venezuelan iskusta. Tekstin\u00e4 oli: \u201dPresidentti Trumpin kanssa ei ole leikkiminen. Kun h\u00e4n sanoo tekev\u00e4ns\u00e4 jotain, h\u00e4n tarkoittaa sit\u00e4.\u201d<\/p>\n<p class=\"aw-1gybjub aw-1p7kakr kEtdKx cEmitX yle__article__paragraph\">Miksi Trump uhkaa toistuvasti Iranin johtoa, jos h\u00e4n ei ole ryhtym\u00e4ss\u00e4 toimiin ainakaan v\u00e4litt\u00f6m\u00e4sti?<\/p>\n<p class=\"aw-1gybjub aw-1p7kakr kEtdKx cEmitX yle__article__paragraph\">Penttil\u00e4n mukaan toistuvat uhkaukset pit\u00e4\u00e4 tulkita osana Trumpin politiikkaa ja retoriikkaa, jollaista n\u00e4hd\u00e4\u00e4n my\u00f6s Gr\u00f6nlannin kohdalla. Kyse on strategisesta arvaamattomuudesta, Penttil\u00e4 sanoo.<\/p>\n<p class=\"aw-1gybjub aw-1p7kakr kEtdKx cEmitX yle__article__paragraph\">\u2013 T\u00e4m\u00e4 on enemm\u00e4nkin osa maksimaalisen painostuksen politiikkaa kuin sit\u00e4, ett\u00e4 huomenna iskett\u00e4isiin. Mutta kukaan ei tied\u00e4, isket\u00e4\u00e4nk\u00f6 huomenna, ja n\u00e4in synnytet\u00e4\u00e4n ep\u00e4varmuutta, Penttil\u00e4 sanoo.<\/p>\n<p><img decoding=\"async\" alt=\"Kansainv\u00e4lisen politiikan asiantuntija Risto E. J. Penttil\u00e4 TV-studiossa.\" src=\"https:\/\/www.europesays.com\/fi\/wp-content\/uploads\/2026\/01\/39-15472766905b66d7c5d3.jpeg\" loading=\"lazy\" class=\"aw-1l9m598 hKVVvP\"\/><\/p>\n<p>Avaa kuvien katselu<\/p>\n<p>Kansainv\u00e4lisen politiikan asiantuntija Risto E. J. Penttil\u00e4 kuvattiin Ylen uutisstudiossa 1. marraskuuta 2025. Kuva: Petteri B\u00fclow \/ Yle<\/p>\n<p class=\"aw-1gybjub aw-1p7kakr kEtdKx cEmitX yle__article__paragraph\">H\u00e4n viittaa Yhdysvaltain uuteen turvallisuuspoliittiseen strategiaan, jonka l\u00e4ht\u00f6kohtana on, ettei Yhdysvallat puutu sotilaallisesti muiden valtioiden asioihin.<\/p>\n<p class=\"aw-1gybjub aw-1p7kakr kEtdKx cEmitX yle__article__paragraph\">Trump on haluton viem\u00e4\u00e4n Yhdysvaltoja uusiin pitkiin sotiin ulkomaille.<\/p>\n<p class=\"aw-1gybjub aw-1p7kakr kEtdKx cEmitX yle__article__paragraph\">\u2013 Siksi uskon, ett\u00e4 Yhdysvalloissa harkitaan eritt\u00e4in tarkkaan, ennen kuin tehd\u00e4\u00e4n uusi sotilaallinen isku, Penttil\u00e4 sanoo.<\/p>\n<p>Mielenosoitukset jatkuvat Iranissa<\/p>\n<p class=\"aw-1gybjub aw-1p7kakr kEtdKx cEmitX yle__article__paragraph\">Iranissa maanlaajuiset mielenosoitukset ovat jatkuneet lauantain ja sunnuntain v\u00e4lisen\u00e4 y\u00f6n\u00e4. Someen ladatuissa videoissa n\u00e4kyy v\u00e4kijoukkoja kaduilla useissa kaupungeissa, Teheranin lis\u00e4ksi muun muassa id\u00e4ss\u00e4 sijaitsevassa Ma\u0161hadissa.<\/p>\n<p class=\"aw-1gybjub aw-1p7kakr kEtdKx cEmitX yle__article__paragraph\">Videoita p\u00e4\u00e4see l\u00e4pi siit\u00e4 huolimatta, ett\u00e4 Iranin hallinto on katkaissut internetyhteydet suurimmaksi osaksi. Ulkomailla arvioidaan, ett\u00e4 hallinto pyrkii nettipimennon aikana murskaamaan protestit v\u00e4kivalloin.<\/p>\n<p><img decoding=\"async\" alt=\"Palavia autoja kadulla Teheranissa.\" src=\"https:\/\/www.europesays.com\/fi\/wp-content\/uploads\/2026\/01\/39-1579517696225d1632a6.jpeg\" loading=\"lazy\" class=\"aw-1l9m598 hKVVvP\"\/><\/p>\n<p>Avaa kuvien katselu<\/p>\n<p>Kuvakaappaus sosiaaliseen mediaan ladatusta videosta, jolla n\u00e4kyy mielenosoitus Teheranissa 9. tammikuuta 2026. Kuva: Reuters<\/p>\n<p class=\"aw-1gybjub aw-1p7kakr kEtdKx cEmitX yle__article__paragraph\">Muun muassa ihmisoikeusj\u00e4rjest\u00f6 Amnesty International kertoo, ett\u00e4 viranomaiset ovat k\u00e4ytt\u00e4neet aseita rauhanomaisten mielenosoitusten hajottamiseen. Eri tietojen mukaan ainakin kymmeni\u00e4 ihmisi\u00e4 on kuollut v\u00e4kivaltaisuuksissa protestien yhteydess\u00e4.<\/p>\n<p class=\"aw-1gybjub aw-1p7kakr kEtdKx cEmitX yle__article__paragraph\">Mielenosoitukset saivat alkunsa joulukuun lopussa elinkustannusten noususta. My\u00f6hemmin protestit laajenivat ja muuttuivat liikkeeksi Irania vuodesta 1979 johtanutta autoritaarista pappishallintoa vastaan.<\/p>\n<p class=\"aw-1gybjub aw-1p7kakr kEtdKx cEmitX yle__article__paragraph\">L\u00e4hteet: Reuters, AP, AFP, STT<\/p>\n","protected":false},"excerpt":{"rendered":"Presidentti Donald Trumpin hallinnossa on k\u00e4yty keskusteluja iskuista Iraniin, uutisoivat yhdysvaltalaismediat. Sanomalehdet The New York Times ja Wall&hellip;\n","protected":false},"author":2,"featured_media":139637,"comment_status":"","ping_status":"","sticky":false,"template":"","format":"standard","meta":{"footnotes":""},"categories":[14],"tags":[22,23,585,26,27,33,31,30,17,3648,993,70,24,25,28,29,2571,15,18,21,32,19,20,56,16,59,60,61,619],"class_list":{"0":"post-139636","1":"post","2":"type-post","3":"status-publish","4":"format-standard","5":"has-post-thumbnail","7":"category-ulkomaat","8":"tag-breaking-news","9":"tag-breakingnews","10":"tag-donald-trump","11":"tag-featured-news","12":"tag-featurednews","13":"tag-fi","14":"tag-finland","15":"tag-finnish","16":"tag-headlines","17":"tag-iran","18":"tag-israel","19":"tag-kansainvalinen-politiikka","20":"tag-latest-news","21":"tag-latestnews","22":"tag-main-news","23":"tag-mainnews","24":"tag-mielenosoitukset","25":"tag-news","26":"tag-otsikot","27":"tag-paauutiset","28":"tag-suomi","29":"tag-top-stories","30":"tag-topstories","31":"tag-ulkomaat","32":"tag-uutiset","33":"tag-world","34":"tag-world-news","35":"tag-worldnews","36":"tag-yhdysvallat"},"share_on_mastodon":{"url":"https:\/\/pubeurope.com\/@fi\/115877236159272393","error":""},"_links":{"self":[{"href":"https:\/\/www.europesays.com\/fi\/wp-json\/wp\/v2\/posts\/139636","targetHints":{"allow":["GET"]}}],"collection":[{"href":"https:\/\/www.europesays.com\/fi\/wp-json\/wp\/v2\/posts"}],"about":[{"href":"https:\/\/www.europesays.com\/fi\/wp-json\/wp\/v2\/types\/post"}],"author":[{"embeddable":true,"href":"https:\/\/www.europesays.com\/fi\/wp-json\/wp\/v2\/users\/2"}],"replies":[{"embeddable":true,"href":"https:\/\/www.europesays.com\/fi\/wp-json\/wp\/v2\/comments?post=139636"}],"version-history":[{"count":0,"href":"https:\/\/www.europesays.com\/fi\/wp-json\/wp\/v2\/posts\/139636\/revisions"}],"wp:featuredmedia":[{"embeddable":true,"href":"https:\/\/www.europesays.com\/fi\/wp-json\/wp\/v2\/media\/139637"}],"wp:attachment":[{"href":"https:\/\/www.europesays.com\/fi\/wp-json\/wp\/v2\/media?parent=139636"}],"wp:term":[{"taxonomy":"category","embeddable":true,"href":"https:\/\/www.europesays.com\/fi\/wp-json\/wp\/v2\/categories?post=139636"},{"taxonomy":"post_tag","embeddable":true,"href":"https:\/\/www.europesays.com\/fi\/wp-json\/wp\/v2\/tags?post=139636"}],"curies":[{"name":"wp","href":"https:\/\/api.w.org\/{rel}","templated":true}]}}