{"id":139638,"date":"2026-01-11T15:44:07","date_gmt":"2026-01-11T15:44:07","guid":{"rendered":"https:\/\/www.europesays.com\/fi\/139638\/"},"modified":"2026-01-11T15:44:07","modified_gmt":"2026-01-11T15:44:07","slug":"jatevesijarjestelma-vikaantui-ja-jatevetta-paatyi-sisalle-muuramelaiseen-omakotitaloon-keski-suomi","status":"publish","type":"post","link":"https:\/\/www.europesays.com\/fi\/139638\/","title":{"rendered":"J\u00e4tevesij\u00e4rjestelm\u00e4 vikaantui ja j\u00e4tevett\u00e4 p\u00e4\u00e4tyi sis\u00e4lle muuramelaiseen omakotitaloon | Keski-Suomi"},"content":{"rendered":"<p>J\u00e4tevett\u00e4 p\u00e4\u00e4tyi sis\u00e4lle muuramelaiseen omakotitaloon Tuuliniementiell\u00e4 j\u00e4tevesij\u00e4rjestelm\u00e4n vikaantumisen takia, kerrotaan Keski-Suomen pelastuslaitokselta.<\/p>\n<p>Pelastuslaitos h\u00e4lytettiin vahingontorjuntateht\u00e4v\u00e4lle sunnuntaina iltap\u00e4iv\u00e4ll\u00e4, mutta pelastuslaitokselle ei lopulta ollut talossa teht\u00e4v\u00e4\u00e4. J\u00e4tevesi oli ehtinyt itsest\u00e4\u00e4n valua ulos sek\u00e4 rakenteisiin, joten pelastuslaitoksen vesi-imurille ei ollut tarvetta. Asukkaat olivat tilanneet itse paikalle imuauton.<\/p>\n<p>H\u00e4lytys keskisuuresta vahingontorjuntateht\u00e4v\u00e4st\u00e4 kirjattiin kello 15.31.<\/p>\n","protected":false},"excerpt":{"rendered":"J\u00e4tevett\u00e4 p\u00e4\u00e4tyi sis\u00e4lle muuramelaiseen omakotitaloon Tuuliniementiell\u00e4 j\u00e4tevesij\u00e4rjestelm\u00e4n vikaantumisen takia, kerrotaan Keski-Suomen pelastuslaitokselta. Pelastuslaitos h\u00e4lytettiin vahingontorjuntateht\u00e4v\u00e4lle sunnuntaina iltap\u00e4iv\u00e4ll\u00e4, mutta&hellip;\n","protected":false},"author":2,"featured_media":8140,"comment_status":"","ping_status":"","sticky":false,"template":"","format":"standard","meta":{"footnotes":""},"categories":[12],"tags":[36,22,23,26,27,33,31,30,17,24,25,28,29,15,120,18,21,123,122,32,10478,19,20,16,534],"class_list":{"0":"post-139638","1":"post","2":"type-post","3":"status-publish","4":"format-standard","5":"has-post-thumbnail","7":"category-suomi","8":"tag-asuintalot-ja-asunnot","9":"tag-breaking-news","10":"tag-breakingnews","11":"tag-featured-news","12":"tag-featurednews","13":"tag-fi","14":"tag-finland","15":"tag-finnish","16":"tag-headlines","17":"tag-latest-news","18":"tag-latestnews","19":"tag-main-news","20":"tag-mainnews","21":"tag-news","22":"tag-onnettomuustapaus","23":"tag-otsikot","24":"tag-paauutiset","25":"tag-palo-ja-pelastustoimi","26":"tag-pelastaminen","27":"tag-suomi","28":"tag-talon-rakenteet-ja-rakennusosat","29":"tag-top-stories","30":"tag-topstories","31":"tag-uutiset","32":"tag-ymparisto-ja-luonto"},"share_on_mastodon":{"url":"https:\/\/pubeurope.com\/@fi\/115877240201884390","error":""},"_links":{"self":[{"href":"https:\/\/www.europesays.com\/fi\/wp-json\/wp\/v2\/posts\/139638","targetHints":{"allow":["GET"]}}],"collection":[{"href":"https:\/\/www.europesays.com\/fi\/wp-json\/wp\/v2\/posts"}],"about":[{"href":"https:\/\/www.europesays.com\/fi\/wp-json\/wp\/v2\/types\/post"}],"author":[{"embeddable":true,"href":"https:\/\/www.europesays.com\/fi\/wp-json\/wp\/v2\/users\/2"}],"replies":[{"embeddable":true,"href":"https:\/\/www.europesays.com\/fi\/wp-json\/wp\/v2\/comments?post=139638"}],"version-history":[{"count":0,"href":"https:\/\/www.europesays.com\/fi\/wp-json\/wp\/v2\/posts\/139638\/revisions"}],"wp:featuredmedia":[{"embeddable":true,"href":"https:\/\/www.europesays.com\/fi\/wp-json\/wp\/v2\/media\/8140"}],"wp:attachment":[{"href":"https:\/\/www.europesays.com\/fi\/wp-json\/wp\/v2\/media?parent=139638"}],"wp:term":[{"taxonomy":"category","embeddable":true,"href":"https:\/\/www.europesays.com\/fi\/wp-json\/wp\/v2\/categories?post=139638"},{"taxonomy":"post_tag","embeddable":true,"href":"https:\/\/www.europesays.com\/fi\/wp-json\/wp\/v2\/tags?post=139638"}],"curies":[{"name":"wp","href":"https:\/\/api.w.org\/{rel}","templated":true}]}}