{"id":139639,"date":"2026-01-11T15:45:08","date_gmt":"2026-01-11T15:45:08","guid":{"rendered":"https:\/\/www.europesays.com\/fi\/139639\/"},"modified":"2026-01-11T15:45:08","modified_gmt":"2026-01-11T15:45:08","slug":"voiko-suihkussa-kayda-kun-pyykinpesukone-on-paalla-asiantuntija-en-suosittele","status":"publish","type":"post","link":"https:\/\/www.europesays.com\/fi\/139639\/","title":{"rendered":"Voiko suihkussa k\u00e4yd\u00e4, kun pyykinpesukone on p\u00e4\u00e4ll\u00e4? Asiantuntija: \u201dEn suosittele\u201d"},"content":{"rendered":"<p>Yli puolet IS:n kyselyyn vastanneista kertoo tekev\u00e4ns\u00e4 kylpyhuoneessa jotain asiantuntijoiden suositusten vastaista.<\/p>\n<p>Lue tiivistelm\u00e4<\/p>\n<p class=\"article-body mb-nof-24 px-nof-16 sndp-summary-bullet-point-font\">Yli puolet IS:n kyselyyn vastanneista k\u00e4y suihkussa pyykinpesukoneen ollessa p\u00e4\u00e4ll\u00e4, vaikka asiantuntijat eiv\u00e4t sit\u00e4 suosittele.<\/p>\n<p class=\"article-body mb-nof-24 px-nof-16 sndp-summary-bullet-point-font\">Kosteus lis\u00e4\u00e4 s\u00e4hk\u00f6iskun riski\u00e4, jos pyykkikone kastuu suihkun aikana.<\/p>\n<p class=\"article-body mb-nof-24 px-nof-16 sndp-summary-bullet-point-font\">Riskit ovat suurimmat vanhemmissa taloissa, joissa saattaa olla maadoittamattomia pistorasioita.<\/p>\n<p class=\"article-body mb-nof-24 px-nof-16 sndp-summary-bullet-point-font\">Asiantuntijat suosittelevat koneen sijoittamista et\u00e4\u00e4lle suihkusta.<\/p>\n<p class=\"article-body mb-nof-24 px-nof-16\">Vanhassa talossa asunut on saattanut t\u00f6rm\u00e4t\u00e4 varoituksiin, joissa kiellet\u00e4\u00e4n pistorasian k\u00e4ytt\u00f6 suihkun aikana.<\/p>\n<p class=\"article-body mb-nof-24 px-nof-16\">Uusissa taloissa varoituksia ei en\u00e4\u00e4 ole, ja moni suomalainen peseytyykin samaan aikaan kun pyykinpesukone py\u00f6rii l\u00e4hettyvill\u00e4. T\u00e4m\u00e4 selvisi my\u00f6s <a class=\"underline underline-offset-[0.12em] [text-decoration-thickness:var(--generic-link-underline-thickness)] [text-decoration-color:var(--generic-link-underline-color)] [text-decoration-skip-ink:var(--generic-link-underline-skip-ink)] break-words\" href=\"https:\/\/www.is.fi\/asuminen\/art-2000011734161.html\" rel=\"nofollow noopener\" target=\"_blank\">kyselyst\u00e4mme<\/a>.<\/p>\n<p class=\"article-body mb-nof-24 px-nof-16\">60 prosenttia vajaasta 4\u202f500:sta kyselyyn vastanneesta kertoo k\u00e4yv\u00e4ns\u00e4 ainakin joskus suihkussa pyykinpesu\u00adkoneen ollessa p\u00e4\u00e4ll\u00e4.<\/p>\n<p class=\"article-body mb-nof-24 px-nof-16\">Asiantuntijoiden suositusten mukaan n\u00e4in ei kuitenkaan kannattaisi toimia.<\/p>\n<p class=\"article-body mb-nof-24 px-nof-16\">\u2013 En suosittelisi menem\u00e4\u00e4n [suihkuun], jos vaarana on se, ett\u00e4 kone kastuu, sanoi kotitalousasiantuntija<a class=\"font-bold underline-offset-[0.12em] [text-decoration:var(--person-link-text-decoration)] ![text-decoration-color:var(--person-link-text-decoration-color)]\" href=\"https:\/\/www.is.fi\/haku\/?query=%20Niina%20Silander\" rel=\"nofollow noopener\" target=\"_blank\"> Niina Silander <\/a>Marttaliitosta <a class=\"underline underline-offset-[0.12em] [text-decoration-thickness:var(--generic-link-underline-thickness)] [text-decoration-color:var(--generic-link-underline-color)] [text-decoration-skip-ink:var(--generic-link-underline-skip-ink)] break-words\" href=\"https:\/\/www.is.fi\/asuminen\/art-2000010656779.html\" rel=\"nofollow noopener\" target=\"_blank\">aiemmin<\/a>.<\/p>\n<p class=\"article-body mb-nof-24 px-nof-16\"><a class=\"underline underline-offset-[0.12em] [text-decoration-thickness:var(--generic-link-underline-thickness)] [text-decoration-color:var(--generic-link-underline-color)] [text-decoration-skip-ink:var(--generic-link-underline-skip-ink)] break-words\" href=\"https:\/\/www.is.fi\/asuminen\/art-2000006235974.html\" rel=\"nofollow noopener\" target=\"_blank\">Tukesin ylitarkastajan<\/a> vastaus oli niin ik\u00e4\u00e4n samantyylinen.<\/p>\n<p class=\"article-body mb-nof-24 px-nof-16\">\u2013 Itse en ainakaan k\u00e4visi suihkussa. Se lis\u00e4\u00e4 aina kosteutta huomattavalla tavalla.<\/p>\n<p class=\"article-body mb-nof-24 px-nof-16\">My\u00f6skin Ty\u00f6tehoseuran pitk\u00e4aikainen tutkija <a class=\"font-bold underline-offset-[0.12em] [text-decoration:var(--person-link-text-decoration)] ![text-decoration-color:var(--person-link-text-decoration-color)]\" href=\"https:\/\/www.is.fi\/haku\/?query=Tarja%20Marjomaa\" rel=\"nofollow noopener\" target=\"_blank\">Tarja Marjomaa<\/a><a class=\"underline underline-offset-[0.12em] [text-decoration-thickness:var(--generic-link-underline-thickness)] [text-decoration-color:var(--generic-link-underline-color)] [text-decoration-skip-ink:var(--generic-link-underline-skip-ink)] break-words\" href=\"https:\/\/www.is.fi\/asuminen\/art-2000010656779.html\" rel=\"nofollow noopener\" target=\"_blank\"> on todennut <\/a>yleisohjeensa olevan se, ett\u00e4 suihkuun menoa kannattaa v\u00e4ltt\u00e4\u00e4, kun kone on p\u00e4\u00e4ll\u00e4. N\u00e4in v\u00e4ltt\u00e4\u00e4 parhaiten riskit.<\/p>\n<p><img decoding=\"async\" src=\"https:\/\/www.europesays.com\/fi\/wp-content\/uploads\/2026\/01\/1768146308_864_468.jpg\" alt=\"Moni suomalainen kertoo pesev\u00e4ns\u00e4 sek\u00e4 itsens\u00e4 ett\u00e4 pyykkins\u00e4 samaan aikaan.\" class=\"_Img_1rerz_1\" style=\"aspect-ratio:1.4988290398126465\" loading=\"eager\"\/><\/p>\n<p class=\"article-picture-caption\">Moni suomalainen kertoo pesev\u00e4ns\u00e4 sek\u00e4 itsens\u00e4 ett\u00e4 pyykkins\u00e4 samaan aikaan. Kuva:\u00a0Colourbox<\/p>\n<p class=\"article-body mb-nof-24 px-nof-16\">Millaisia riskej\u00e4 suihkussa k\u00e4ymiseen koneen py\u00f6riess\u00e4 sitten liittyy?<\/p>\n<p class=\"article-body mb-nof-24 px-nof-16\">Asiantuntijoiden mukaan koneesta voi ik\u00e4vimmill\u00e4\u00e4n saada s\u00e4hk\u00f6iskun. Kosteus lis\u00e4\u00e4 s\u00e4hk\u00f6n johtavuutta, ja jos tilaan tulee kosteutta, s\u00e4hk\u00f6iskun riski kasvaa.<\/p>\n<p class=\"article-body mb-nof-24 px-nof-16\">Riskit riippuvat esimerkiksi siit\u00e4, millainen pesutila on kooltaan ja ilmanvaihdoltaan, miss\u00e4 kunnossa pyykkikone on ja ovatko s\u00e4hk\u00f6rasiat varmasti maadoitettu.<\/p>\n<p class=\"article-body mb-nof-24 px-nof-16\">V\u00e4\u00e4r\u00e4nlainen pistorasia tai virheellisesti asennettu maadoitus on pesutiloissa riski. Maadoitettu pistorasia puolestaan v\u00e4hent\u00e4\u00e4 s\u00e4hk\u00f6iskun vaaraa.<\/p>\n<p class=\"article-body mb-nof-24 px-nof-16\">Isoimmat riskit ovat juurikin vanhemmissa taloissa. Ennen 1990-lukua valmistuneissa kiinteist\u00f6iss\u00e4 voi yh\u00e4 olla k\u00e4yt\u00f6ss\u00e4 maadoittamattomia pistorasioita.<\/p>\n<p class=\"article-body mb-nof-24 px-nof-16\">Paras tapa v\u00e4ltt\u00e4\u00e4 riskej\u00e4 on huolehtia kodin s\u00e4hk\u00f6asiat kuntoon. S\u00e4hk\u00f6keskukseen tai pistorasiaan liitett\u00e4v\u00e4 vikavirtasuoja nimitt\u00e4in katkaisee l\u00e4hes v\u00e4litt\u00f6m\u00e4sti s\u00e4hk\u00f6nsy\u00f6t\u00f6n vikatilanteessa. N\u00e4in ollen se suojaa k\u00e4ytt\u00e4ji\u00e4 ja est\u00e4\u00e4 tulipalot.<\/p>\n<p class=\"article-body mb-nof-24 px-nof-16\">\u2013 Jos on v\u00e4h\u00e4nkin ep\u00e4varma, kannattaa tarkistaa pistorasian maadoitus sek\u00e4 vikavirtasuojaus ja k\u00e4ytt\u00e4\u00e4 tarvittaessa ammattilaisen apua, Marjomaa neuvoi.<\/p>\n<p class=\"article-body mb-nof-24 px-nof-16\">Riskej\u00e4 voi my\u00f6s v\u00e4hent\u00e4\u00e4 koneen sijoittelulla. L\u00e4ht\u00f6kohtaisesti pyykkikoneet on suojattu niin, ett\u00e4 ne kest\u00e4v\u00e4t jonkin verran roiskeita. Asiantuntijat eiv\u00e4t silti sijoittaisi pyykinpesukonetta aivan suihkun viereen, mik\u00e4li se on mahdollista.<\/p>\n<p class=\"article-body mb-nof-24 px-nof-16\">Jos tilanpuutteen takia kone on pakko sijoittaa suihkun l\u00e4helle, kannattaa tilaan hankkia suihkusein\u00e4 tai -verho tai jokin muu suoja. Ilman mit\u00e4\u00e4n estett\u00e4 suihkun vesi saattaa nimitt\u00e4in valua koneen pintoja pitkin alas ja rakenteisiin, ja piirilevyihin voi tulla kosteutta. Koneeseen voi tulla my\u00f6s ruostevaurioita.<\/p>\n","protected":false},"excerpt":{"rendered":"Yli puolet IS:n kyselyyn vastanneista kertoo tekev\u00e4ns\u00e4 kylpyhuoneessa jotain asiantuntijoiden suositusten vastaista. Lue tiivistelm\u00e4 Yli puolet IS:n kyselyyn&hellip;\n","protected":false},"author":2,"featured_media":139640,"comment_status":"","ping_status":"","sticky":false,"template":"","format":"standard","meta":{"footnotes":""},"categories":[5],"tags":[22,23,26,27,33,31,30,17,34,24,25,28,29,15,18,21,32,19,20,16],"class_list":{"0":"post-139639","1":"post","2":"type-post","3":"status-publish","4":"format-standard","5":"has-post-thumbnail","7":"category-otsikot","8":"tag-breaking-news","9":"tag-breakingnews","10":"tag-featured-news","11":"tag-featurednews","12":"tag-fi","13":"tag-finland","14":"tag-finnish","15":"tag-headlines","16":"tag-ilta-sanomat","17":"tag-latest-news","18":"tag-latestnews","19":"tag-main-news","20":"tag-mainnews","21":"tag-news","22":"tag-otsikot","23":"tag-paauutiset","24":"tag-suomi","25":"tag-top-stories","26":"tag-topstories","27":"tag-uutiset"},"share_on_mastodon":{"url":"https:\/\/pubeurope.com\/@fi\/115877243971084436","error":""},"_links":{"self":[{"href":"https:\/\/www.europesays.com\/fi\/wp-json\/wp\/v2\/posts\/139639","targetHints":{"allow":["GET"]}}],"collection":[{"href":"https:\/\/www.europesays.com\/fi\/wp-json\/wp\/v2\/posts"}],"about":[{"href":"https:\/\/www.europesays.com\/fi\/wp-json\/wp\/v2\/types\/post"}],"author":[{"embeddable":true,"href":"https:\/\/www.europesays.com\/fi\/wp-json\/wp\/v2\/users\/2"}],"replies":[{"embeddable":true,"href":"https:\/\/www.europesays.com\/fi\/wp-json\/wp\/v2\/comments?post=139639"}],"version-history":[{"count":0,"href":"https:\/\/www.europesays.com\/fi\/wp-json\/wp\/v2\/posts\/139639\/revisions"}],"wp:featuredmedia":[{"embeddable":true,"href":"https:\/\/www.europesays.com\/fi\/wp-json\/wp\/v2\/media\/139640"}],"wp:attachment":[{"href":"https:\/\/www.europesays.com\/fi\/wp-json\/wp\/v2\/media?parent=139639"}],"wp:term":[{"taxonomy":"category","embeddable":true,"href":"https:\/\/www.europesays.com\/fi\/wp-json\/wp\/v2\/categories?post=139639"},{"taxonomy":"post_tag","embeddable":true,"href":"https:\/\/www.europesays.com\/fi\/wp-json\/wp\/v2\/tags?post=139639"}],"curies":[{"name":"wp","href":"https:\/\/api.w.org\/{rel}","templated":true}]}}