{"id":13964,"date":"2025-08-23T10:08:09","date_gmt":"2025-08-23T10:08:09","guid":{"rendered":"https:\/\/www.europesays.com\/fi\/13964\/"},"modified":"2025-08-23T10:08:09","modified_gmt":"2025-08-23T10:08:09","slug":"maajussille-morsian-maajussi-miia-rehellisena-suorat-sanat-erosta-ex-mies-kimmosta-se-oli","status":"publish","type":"post","link":"https:\/\/www.europesays.com\/fi\/13964\/","title":{"rendered":"Maajussille morsian: Maajussi-Miia rehellisen\u00e4 &#8211; Suorat sanat erosta ex-mies Kimmosta: &#8221;Se oli\u2026&#8221;"},"content":{"rendered":"<p>  Maajussi-Miia l\u00e4hti toistamiseen mukaan Maajussille morsian -rakkausrealityyn.21.8.2025 klo 15:56<\/p>\n<p><a href=\"https:\/\/www.suomi24.fi\/viihde\/l\/maajussille-morsian-maajussi-miia-rehellisena-suorat-sanat-erosta-ex-mies-kimmosta-se-oli-5147-1.webp\" rel=\"nofollow noopener\" target=\"_blank\"><img decoding=\"async\" src=\"https:\/\/www.europesays.com\/fi\/wp-content\/uploads\/2025\/08\/maajussille-morsian-maajussi-miia-rehellisena-suorat-sanat-erosta-ex-mies-kimmosta-se-oli-5147-1.web.webp\" alt=\"Maajussille morsian\" loading=\"lazy\"\/><\/a><\/p>\n<p>Miia on matkailuyritt\u00e4j\u00e4 Kuusamosta ja h\u00e4n etsii rinnalleen miest\u00e4 Maajussille morsian: Kaikki tarinat -sarjassa. Kuva: Suomi24 Viihde<\/p>\n<p>Maajussille morsian -suosikkiohjelma palaa televisioon ja sarja onkin p\u00e4\u00e4ssyt jo t\u00e4ysi-ik\u00e4iseksi. Nyt on tiedossa jo 18. kausi.<\/p>\n<p>Uusi kausi jatkaa edellisen syksyn tuttua kaavaa. Puolet maajusseista on television runkosarjassa, itse <strong>Maajussille morsian<\/strong> -sarjassa. Toinen puolikas maajusseista on <strong>Maajussille morsian: Kaikki tarinat<\/strong> -sarjassa, jossa seurataan maajussien rakkauden etsint\u00e4\u00e4 hivenen kevyemm\u00e4ll\u00e4 otteella.<\/p>\n<p>Kuusamon Ajakasta ohjelmaan l\u00e4hti 41-vuotias matkailuyritt\u00e4j\u00e4 <strong>Miia<\/strong>. Miia on tuttu tv:st\u00e4, sill\u00e4 h\u00e4n etsi rakkautta Maajussille morsian -ohjelmassa v. 2020. H\u00e4n l\u00f6ysikin Kimmon, mutta rakkaus ei kest\u00e4nyt. Nyt aktiivinen yritt\u00e4j\u00e4 on mukana Maajussille morsian: Kaikki tarinat -sarjassa.<\/p>\n<p>Millaista oli l\u00e4hte\u00e4 toista kertaa mukaan realitysarjaan?<\/p>\n<p>-Jotenkin vaan j\u00e4nnitti nyt enemm\u00e4n kuin eka kerralla. M\u00e4 luulen, ett\u00e4 ekalla kerralla ei tiennyt mihin hypp\u00e4\u00e4. Mutta nyt tiesi, ett\u00e4 kuinka korkea matka sielt\u00e4 on alas, Miia kertoo Suomi24 Viihteelle.<\/p>\n<p><a href=\"https:\/\/www.suomi24.fi\/viihde\/l\/68a700ec9e15c-5147.webp\" rel=\"nofollow noopener\" target=\"_blank\"><img decoding=\"async\" src=\"https:\/\/www.europesays.com\/fi\/wp-content\/uploads\/2025\/08\/68a700ec9e15c-5147.webp.webp\" alt=\"Maajussille morsian\" loading=\"lazy\"\/><\/a>Maajussille morsian -ohjelmassa v. 2020 rakkautta etsiv\u00e4t Jouni, Miia, Heidi ja Aleksi, vasemmalla ohjelman juontaja Vappu Pimi\u00e4. Kuva: MTV3<\/p>\n<p>Yksi asia on muuttunut, sill\u00e4 ensimm\u00e4isell\u00e4 kerralla Miian \u00e4iti ilmoitti tytt\u00e4ren ohjelmaan. Nyt Miia ilmoitti itse itsens\u00e4. Miksi halusit l\u00e4hte\u00e4 taas mukaan realityyn?<\/p>\n<p>-Edelleen olin sinkkumarkkinoilla ja p\u00e4\u00e4tin, ett\u00e4 kyll\u00e4 t\u00e4h\u00e4n pit\u00e4\u00e4 tulla joku muutos. Siit\u00e4 on kuitenkin viisi vuotta aikaa, kun oli se eka ollut, niin miksei nyt toistamiseen? Se oli niin hauskaa, m\u00e4 tykk\u00e4sin. Nyt olen n\u00e4hnyt, miten tehd\u00e4\u00e4n televisiota!<\/p>\n<p>Tuliko kotipit\u00e4j\u00e4st\u00e4 mink\u00e4laista kommenttia nyt kun olit toista kertaa mukana?<\/p>\n<p>-Tosi positiivista palautetta olen kyll\u00e4 saanut koko kes\u00e4n, ett\u00e4 hirve\u00e4sti on ihmiset tsempanneet \u201cvoi ett\u00e4 kun l\u00f6ytyisi rakkaus sulle sielt\u00e4 nyt t\u00e4ll\u00e4 kertaa!\u201d Tosi kannustavia ovat olleet kaikki sukulaiset, yst\u00e4v\u00e4t, kyl\u00e4l\u00e4iset ja kaikki.<\/p>\n<p><a href=\"https:\/\/www.suomi24.fi\/viihde\/l\/68a70172dab3d-5147.webp\" rel=\"nofollow noopener\" target=\"_blank\"><img decoding=\"async\" src=\"https:\/\/www.europesays.com\/fi\/wp-content\/uploads\/2025\/08\/68a70172dab3d-5147.webp.webp\" alt=\"Maajussille morsian\" loading=\"lazy\"\/><\/a>Kynttil\u00e4illallisella n\u00e4htiin Miian ja Kimmon ensimm\u00e4inen suudelma Maajussille morsian -ohjelmassa v. 2020. Kuva: MTV3<\/p>\n<p>Miia tapasi v. 2020 Maajussille morsian -ohjelmassa Kimmon. TV-katsojille tuli tunne, ett\u00e4 siin\u00e4 oli rakkautta ilmassa heti. Mihin suhde Kimmon kanssa kariutui?<\/p>\n<p>-Se oli molemminpuolinen p\u00e4\u00e4t\u00f6s. Tajuttiin, ett\u00e4 ei olla ihan match made in heaven. Mutta kyll\u00e4, ihastusta oli ilmassa.<\/p>\n<p>Pid\u00e4tk\u00f6 Kimmon kanssa viel\u00e4 yhteytt\u00e4?<\/p>\n<p>-M\u00e4 en mielell\u00e4\u00e4n hirve\u00e4sti siit\u00e4 Kimmosta puhu, Miia toteaa.<\/p>\n<p><strong>Maajussille morsian<\/strong> MTV Katsomossa ja MTV3-kanavalla ma 25.8. klo 20 alkaen.<\/p>\n<p>MTV Katsomo+ -tilauksella ma 25.8. katsottavissa jaksot 1-3.<\/p>\n<p><strong>Maajussille morsian: Kaikki tarinat<\/strong> ke 17.9. klo 21.30 ja MTV Katsomo<\/p>\n<p>MTV Katsomo+ -tilauksella ke 17.9. katsottavissa jaksot 1-3.<\/p>\n<p><a href=\"https:\/\/www.telsu.fi\/\" rel=\"noopener noreferrer nofollow\" target=\"_blank\">Katso tv-ohjelma-ajat Telsu.fi<\/a><\/p>\n<p>Suomi24 Viihde<\/p>\n","protected":false},"excerpt":{"rendered":"Maajussi-Miia l\u00e4hti toistamiseen mukaan Maajussille morsian -rakkausrealityyn.21.8.2025 klo 15:56 Miia on matkailuyritt\u00e4j\u00e4 Kuusamosta ja h\u00e4n etsii rinnalleen miest\u00e4&hellip;\n","protected":false},"author":2,"featured_media":13965,"comment_status":"","ping_status":"","sticky":false,"template":"","format":"standard","meta":{"footnotes":""},"categories":[133],"tags":[137,33,31,30,32,206,156,109],"class_list":{"0":"post-13964","1":"post","2":"type-post","3":"status-publish","4":"format-standard","5":"has-post-thumbnail","7":"category-televisiot","8":"tag-entertainment","9":"tag-fi","10":"tag-finland","11":"tag-finnish","12":"tag-suomi","13":"tag-televisiot","14":"tag-tv","15":"tag-viihde"},"share_on_mastodon":{"url":"","error":""},"_links":{"self":[{"href":"https:\/\/www.europesays.com\/fi\/wp-json\/wp\/v2\/posts\/13964","targetHints":{"allow":["GET"]}}],"collection":[{"href":"https:\/\/www.europesays.com\/fi\/wp-json\/wp\/v2\/posts"}],"about":[{"href":"https:\/\/www.europesays.com\/fi\/wp-json\/wp\/v2\/types\/post"}],"author":[{"embeddable":true,"href":"https:\/\/www.europesays.com\/fi\/wp-json\/wp\/v2\/users\/2"}],"replies":[{"embeddable":true,"href":"https:\/\/www.europesays.com\/fi\/wp-json\/wp\/v2\/comments?post=13964"}],"version-history":[{"count":0,"href":"https:\/\/www.europesays.com\/fi\/wp-json\/wp\/v2\/posts\/13964\/revisions"}],"wp:featuredmedia":[{"embeddable":true,"href":"https:\/\/www.europesays.com\/fi\/wp-json\/wp\/v2\/media\/13965"}],"wp:attachment":[{"href":"https:\/\/www.europesays.com\/fi\/wp-json\/wp\/v2\/media?parent=13964"}],"wp:term":[{"taxonomy":"category","embeddable":true,"href":"https:\/\/www.europesays.com\/fi\/wp-json\/wp\/v2\/categories?post=13964"},{"taxonomy":"post_tag","embeddable":true,"href":"https:\/\/www.europesays.com\/fi\/wp-json\/wp\/v2\/tags?post=13964"}],"curies":[{"name":"wp","href":"https:\/\/api.w.org\/{rel}","templated":true}]}}