{"id":139643,"date":"2026-01-11T16:00:07","date_gmt":"2026-01-11T16:00:07","guid":{"rendered":"https:\/\/www.europesays.com\/fi\/139643\/"},"modified":"2026-01-11T16:00:07","modified_gmt":"2026-01-11T16:00:07","slug":"suositun-rakkausrealityn-kuvaukset-lykkaantyivat-metsapalojen-takia-uutissuomalainen","status":"publish","type":"post","link":"https:\/\/www.europesays.com\/fi\/139643\/","title":{"rendered":"Suositun rakkausrealityn kuvaukset lykk\u00e4\u00e4ntyiv\u00e4t mets\u00e4palojen takia | Uutissuomalainen"},"content":{"rendered":"<p>Rakkausreality Love Islandin All Stars -kauden kuvaukset Etel\u00e4-Afrikan L\u00e4nsi-Kapissa lykk\u00e4\u00e4ntyiv\u00e4t alueen mets\u00e4palojen vuoksi. Asiasta kerrotaan Love Islandin virallisella Instagram-tilill\u00e4.<\/p>\n<p>Uuden kauden oli tarkoitus saada ensi-iltansa Iso-Britanniassa maanantaina 12. tammikuuta, kertoo <a href=\"https:\/\/www.bbc.com\/news\/articles\/cy09yp2wl5wo\" rel=\"nofollow noopener\" target=\"_blank\">BBC<\/a>. Viel\u00e4 ei ole tietoa, milloin kauden kuvaukset p\u00e4\u00e4st\u00e4\u00e4n aloittamaan.<\/p>\n<p>Etel\u00e4-Afrikan valtion yleisradioyhti\u00f6 SABC raportoi lauantaina BBC:n mukaan, ett\u00e4 paikalliset viranomaiset ty\u00f6skentelev\u00e4t Etel\u00e4-Afrikan ilmavoimien kanssa tulipalojen hallitsemiseksi.<\/p>\n<p><strong class=\"diks-storyline__impact\">Love Island on<\/strong> ohjelma, jossa joukko sinkkuja laitetaan asumaan samaan huvilaan tavoitteenaan l\u00f6yt\u00e4\u00e4 el\u00e4m\u00e4ns\u00e4 rakkaus. Lopussa katsojat saavat \u00e4\u00e4nest\u00e4\u00e4 suosikkiparinsa, joka voittaa tietyn rahasumman. All Stars -kaudella idea on muuten sama, mutta huvilaan saapuvat sinkut ovat tuttuja jo aiemmilta kausilta.<\/p>\n<p>Formaatti on per\u00e4isin Iso-Britanniasta, ja siit\u00e4 on kuvattu omia versioita esimerkiksi Yhdysvalloissa, Suomessa, Espanjassa ja Ruotsissa.<\/p>\n","protected":false},"excerpt":{"rendered":"Rakkausreality Love Islandin All Stars -kauden kuvaukset Etel\u00e4-Afrikan L\u00e4nsi-Kapissa lykk\u00e4\u00e4ntyiv\u00e4t alueen mets\u00e4palojen vuoksi. Asiasta kerrotaan Love Islandin virallisella&hellip;\n","protected":false},"author":2,"featured_media":139644,"comment_status":"","ping_status":"","sticky":false,"template":"","format":"standard","meta":{"footnotes":""},"categories":[133],"tags":[153,2326,137,33,31,30,2675,1311,32,484,206,140,139,156,109],"class_list":{"0":"post-139643","1":"post","2":"type-post","3":"status-publish","4":"format-standard","5":"has-post-thumbnail","7":"category-televisiot","8":"tag-audiovisuaalinen-media","9":"tag-bbc","10":"tag-entertainment","11":"tag-fi","12":"tag-finland","13":"tag-finnish","14":"tag-instagram","15":"tag-rakkaus","16":"tag-suomi","17":"tag-taiteellinen-ilmaisu-ja-mediat","18":"tag-televisiot","19":"tag-tv-ja-elokuvat","20":"tag-tv-ohjelmat","21":"tag-tv","22":"tag-viihde"},"share_on_mastodon":{"url":"https:\/\/pubeurope.com\/@fi\/115877302953814351","error":""},"_links":{"self":[{"href":"https:\/\/www.europesays.com\/fi\/wp-json\/wp\/v2\/posts\/139643","targetHints":{"allow":["GET"]}}],"collection":[{"href":"https:\/\/www.europesays.com\/fi\/wp-json\/wp\/v2\/posts"}],"about":[{"href":"https:\/\/www.europesays.com\/fi\/wp-json\/wp\/v2\/types\/post"}],"author":[{"embeddable":true,"href":"https:\/\/www.europesays.com\/fi\/wp-json\/wp\/v2\/users\/2"}],"replies":[{"embeddable":true,"href":"https:\/\/www.europesays.com\/fi\/wp-json\/wp\/v2\/comments?post=139643"}],"version-history":[{"count":0,"href":"https:\/\/www.europesays.com\/fi\/wp-json\/wp\/v2\/posts\/139643\/revisions"}],"wp:featuredmedia":[{"embeddable":true,"href":"https:\/\/www.europesays.com\/fi\/wp-json\/wp\/v2\/media\/139644"}],"wp:attachment":[{"href":"https:\/\/www.europesays.com\/fi\/wp-json\/wp\/v2\/media?parent=139643"}],"wp:term":[{"taxonomy":"category","embeddable":true,"href":"https:\/\/www.europesays.com\/fi\/wp-json\/wp\/v2\/categories?post=139643"},{"taxonomy":"post_tag","embeddable":true,"href":"https:\/\/www.europesays.com\/fi\/wp-json\/wp\/v2\/tags?post=139643"}],"curies":[{"name":"wp","href":"https:\/\/api.w.org\/{rel}","templated":true}]}}