{"id":139645,"date":"2026-01-11T16:02:09","date_gmt":"2026-01-11T16:02:09","guid":{"rendered":"https:\/\/www.europesays.com\/fi\/139645\/"},"modified":"2026-01-11T16:02:09","modified_gmt":"2026-01-11T16:02:09","slug":"akkia-lopetetusta-iijoen-uitosta-tehtiin-dokumenttielokuva-katso-tasta-traileri-jai-takaraivoon-etta-pitaa-joskus-perehtya","status":"publish","type":"post","link":"https:\/\/www.europesays.com\/fi\/139645\/","title":{"rendered":"\u00c4kki\u00e4 lopetetusta Iijoen uitosta tehtiin dokumenttielokuva\u202f, katso t\u00e4st\u00e4 traileri\u202f\u2013\u202f&#8221;J\u00e4i takaraivoon, ett\u00e4 pit\u00e4\u00e4 joskus perehty\u00e4&#8221;"},"content":{"rendered":"<p>\n      Iijoen uiton p\u00e4\u00e4ttymisest\u00e4 vuonna 1988 ja sen seurauksista on valmistunut dokumenttielokuva. Se esitet\u00e4\u00e4n tammikuun lopulla Taivalkoskella, Pudasj\u00e4rvell\u00e4 ja Iiss\u00e4.\n    <\/p>\n<p>\n      Elokuvan ty\u00f6ryhm\u00e4\u00e4n kuuluivat dokumentaristi Raimo Salo, h\u00e4nen poikansa Vesa Salo sek\u00e4 mets\u00e4neuvos Juhani Hakkarainen. Hakkarainen ohjasi ja k\u00e4sikirjoitti ja Raimo Salo kuvasi. Dokumentissa on my\u00f6s kuvituskuvina haastattelujen yhteydess\u00e4 saatuja valokuvia sek\u00e4 viimeisen uiton videota, jonka on kuvannut Eino Pekkala. Joitakin kuvia on mets\u00e4museo Luston kokoelmista.\n    <\/p>\n<p class=\"article__paragraph\">\n      Siilinj\u00e4rvell\u00e4 asuva mets\u00e4neuvos Juhani Hakkarainen kertoo, ett\u00e4 Iijoki-dokumentin tekemisen taustalla on oman ty\u00f6historian yhteys uittoon, yhteisty\u00f6 Raimo Salon aiempien dokumenttien teossa sek\u00e4 se, ett\u00e4 Unesco lis\u00e4si uittoperinteen ihmiskunnan aineettoman kulttuuriperinn\u00f6n luetteloon. Hakkarainen my\u00f6s on aktiivinen Suomen Uittoperinneyhdistyksess\u00e4.\n    <\/p>\n<p class=\"article__paragraph\">\n      \u2013\u202fOlin pohjoisessa t\u00f6iss\u00e4 Vapon aluejohtajana, kun valtio halusi tehd\u00e4 hallitun rakennemuutoksen ja Martinniemen sahan toiminta p\u00e4\u00e4tettiin lopettaa. Min\u00e4 olin vastuussa siit\u00e4 projektista. Samaan aikaan Iijoen uitto loppui, ja joen viimeinen er\u00e4 tuli meille Martinniemeen sahattavaksi. J\u00e4i takaraivoon, ett\u00e4 pit\u00e4\u00e4 joskus perehty\u00e4 Iijoen uittoon, Hakkarainen kertoo.\n    <\/p>\n<p class=\"article__paragraph\">\n      Dokumenttielokuvan traileri on julkaistu Youtubessa ja docwerstas.comissa. Trailerilla on haastateltu muiden muassa taivalkoskelaista kauppiasta Ari Jalavaa.\n    <\/p>\n<p class=\"article__paragraph\">\n      \u2013 Sill\u00e4h\u00e4n oli iso merkitys, ja tietenkin virkisti koko t\u00e4t\u00e4 kyl\u00e4n elinkeinoel\u00e4m\u00e4\u00e4. Kun tuli v\u00e4ke\u00e4, niin ne ostivat. Hyvin iso merkitys oli, Jalava sanoo haastattelussa. H\u00e4nen mukaansa uitto vaikutti my\u00f6nteisesti my\u00f6s Iijoen kala- ja rapukantaan.\n    <\/p>\n<p class=\"article__paragraph\">\n      Katso alta dokumentin <a href=\"https:\/\/www.docwerstas.com\/videot\/v\/viimeinen-uitto-trailer\" rel=\"nofollow noopener\" target=\"_blank\">traileri.<\/a>\n    <\/p>\n<p class=\"article__paragraph\">\n      Tiedotteessaan Iijoki-dokumentin tekij\u00e4t kertovat uiton lopettaminen ei ollut vain tekninen p\u00e4\u00e4t\u00f6s, vaan tilanne oli muodostunut vuosikymmenten aikana.\n    <\/p>\n<p class=\"article__paragraph\">\n      Vaikka uiton loputtua elettiin hallittua rakennemuutoksien vuosia, uittomiehi\u00e4 tai -naisia ei pystytty tukemaan. Jokainen sai selviyty\u00e4 jatkossa, miten pystyi. Ty\u00f6n loppuminen muutti jokivarren el\u00e4m\u00e4n. Vuosisatainen kulttuuri, miten uittokausi n\u00e4kyi v\u00e4yl\u00e4n varrella, kuihtui. J\u00e4ljelle j\u00e4iv\u00e4t muistot ja niihin liittyv\u00e4t tukkilaistapahtumat, Iijokisoutu ja lautanlaskutapahtumat. Ne koettavat s\u00e4ilytt\u00e4\u00e4 ja n\u00e4ytt\u00e4\u00e4 aineetonta kulttuuriperinnett\u00e4 tuleville sukupolville, tiedotteessa luonnehditaan.\n    <\/p>\n<p class=\"article__paragraph\">\n      Mets\u00e4teollisuusyritysten v\u00e4linen kilpailu supistuvista hakkuista k\u00e4vi 1970-luvulla Iijoenkin alueella yh\u00e4 kire\u00e4mm\u00e4ksi, ja se johti uittajien m\u00e4\u00e4r\u00e4n pienenemiseen. N\u00e4in todetaan Pohjois-Pohjanmaan ely-keskuksen raportissa \u00a0<a href=\"https:\/\/www.doria.fi\/bitstream\/handle\/10024\/93273\/Elinvoimaa_5_2013.pdf\" rel=\"nofollow noopener\" target=\"_blank\">Iijoen vesist\u00f6n uittotoiminta ja sen j\u00e4lkeiset entis\u00f6intity\u00f6t<\/a> vuodelta 2013.\n    <\/p>\n<p class=\"article__paragraph\">\n      \u2013\u202fViel\u00e4 1980-luvun alkupuolella uitto ty\u00f6llisti Iijoella vuosittain 6370 miesty\u00f6p\u00e4iv\u00e4\u00e4, joista varsinaisia uittot\u00f6it\u00e4 oli 3820 p\u00e4iv\u00e4\u00e4. Uiton lopettamisen puolesta puhui 1980-luvun puoliv\u00e4list\u00e4 l\u00e4htien kuitenkin ennen kaikkea hakkuiden v\u00e4heneminen sek\u00e4 maakuljetusten edullisuus, raportissa kerrotaan.\n    <\/p>\n<p class=\"article__paragraph\">\n      Kemijoella uitto jatkui vuoteen 1991.\n    <\/p>\n<p>Dokumentti<\/p>\n<p>      Viimeinen uitto Iijoella<\/p>\n<p class=\"article__fact-paragraph\">\n      Dokumenttielokuva esitet\u00e4\u00e4n Dokumentin ensi-illat ovat Iijoen varrella Iiss\u00e4 N\u00e4tteporin auditoriossa 28.1.2026 klo 18, Pudasj\u00e4rvell\u00e4 Kurkisalissa Pudasj\u00e4rvell\u00e4 Kurki salissa 29.1.2026 klo 17 ja Taivalkoskella sota-ajan perinnehuoneella 30.1.2026 klo 17.\n    <\/p>\n<p class=\"article__fact-paragraph\">\n      Juhani Hakkarainen teki dokumenttiin haastatteluja, k\u00e4sikirjoituksen ja ohjauksen.\n    <\/p>\n<p class=\"article__fact-paragraph\">\n      Raimo Salo teki haastatteluja ja kuvauksia.\n    <\/p>\n<p class=\"article__fact-paragraph\">\n      Vesa Salo leikkasi ja teki \u00e4\u00e4ni- ja viimeistelyty\u00f6t.\n    <\/p>\n<p class=\"article__fact-paragraph\">\n      Tuotannosta vastasivat Suomen Uittoperinneyhdistys, Soitin Oy ja Raimo Salon www.docwerstas.com.\n    <\/p>\n<p class=\"article__fact-paragraph\">\n      Rahoittaja oli Mets\u00e4miesten s\u00e4\u00e4ti\u00f6.\n    <\/p>\n","protected":false},"excerpt":{"rendered":"Iijoen uiton p\u00e4\u00e4ttymisest\u00e4 vuonna 1988 ja sen seurauksista on valmistunut dokumenttielokuva. Se esitet\u00e4\u00e4n tammikuun lopulla Taivalkoskella, Pudasj\u00e4rvell\u00e4 ja&hellip;\n","protected":false},"author":2,"featured_media":139646,"comment_status":"","ping_status":"","sticky":false,"template":"","format":"standard","meta":{"footnotes":""},"categories":[131],"tags":[155,137,33,173,31,30,172,32,109],"class_list":{"0":"post-139645","1":"post","2":"type-post","3":"status-publish","4":"format-standard","5":"has-post-thumbnail","7":"category-elokuvat","8":"tag-elokuvat","9":"tag-entertainment","10":"tag-fi","11":"tag-film","12":"tag-finland","13":"tag-finnish","14":"tag-movies","15":"tag-suomi","16":"tag-viihde"},"share_on_mastodon":{"url":"https:\/\/pubeurope.com\/@fi\/115877310805647837","error":""},"_links":{"self":[{"href":"https:\/\/www.europesays.com\/fi\/wp-json\/wp\/v2\/posts\/139645","targetHints":{"allow":["GET"]}}],"collection":[{"href":"https:\/\/www.europesays.com\/fi\/wp-json\/wp\/v2\/posts"}],"about":[{"href":"https:\/\/www.europesays.com\/fi\/wp-json\/wp\/v2\/types\/post"}],"author":[{"embeddable":true,"href":"https:\/\/www.europesays.com\/fi\/wp-json\/wp\/v2\/users\/2"}],"replies":[{"embeddable":true,"href":"https:\/\/www.europesays.com\/fi\/wp-json\/wp\/v2\/comments?post=139645"}],"version-history":[{"count":0,"href":"https:\/\/www.europesays.com\/fi\/wp-json\/wp\/v2\/posts\/139645\/revisions"}],"wp:featuredmedia":[{"embeddable":true,"href":"https:\/\/www.europesays.com\/fi\/wp-json\/wp\/v2\/media\/139646"}],"wp:attachment":[{"href":"https:\/\/www.europesays.com\/fi\/wp-json\/wp\/v2\/media?parent=139645"}],"wp:term":[{"taxonomy":"category","embeddable":true,"href":"https:\/\/www.europesays.com\/fi\/wp-json\/wp\/v2\/categories?post=139645"},{"taxonomy":"post_tag","embeddable":true,"href":"https:\/\/www.europesays.com\/fi\/wp-json\/wp\/v2\/tags?post=139645"}],"curies":[{"name":"wp","href":"https:\/\/api.w.org\/{rel}","templated":true}]}}