{"id":139647,"date":"2026-01-11T16:04:08","date_gmt":"2026-01-11T16:04:08","guid":{"rendered":"https:\/\/www.europesays.com\/fi\/139647\/"},"modified":"2026-01-11T16:04:08","modified_gmt":"2026-01-11T16:04:08","slug":"guadalajaran-mm-stadionin-lahistolta-loytyi-joukkohauta","status":"publish","type":"post","link":"https:\/\/www.europesays.com\/fi\/139647\/","title":{"rendered":"Guadalajaran MM-stadionin l\u00e4hist\u00f6lt\u00e4 l\u00f6ytyi joukkohauta"},"content":{"rendered":"<p>MM-stadionin ymp\u00e4rilt\u00e4 on l\u00f6ydetty satoja ruumispusseja.<\/p>\n<p>Lue tiivistelm\u00e4<\/p>\n<p class=\"article-body mb-nof-24 px-nof-16 sndp-summary-bullet-point-font\">Meksikossa jalkapallon MM-stadionin Estadio Akronin l\u00e4hist\u00f6lt\u00e4 on l\u00f6ydetty vuodesta 2022 l\u00e4htien yhteens\u00e4 456 ruumispussia.<\/p>\n<p class=\"article-body mb-nof-24 px-nof-16 sndp-summary-bullet-point-font\">Stadion sijaitsee Zapopanin kaupungissa Jaliscon osavaltiossa, joka on yksi Meksikon v\u00e4kivaltaisimmista alueista.<\/p>\n<p class=\"article-body mb-nof-24 px-nof-16 sndp-summary-bullet-point-font\">Kadonneita henkil\u00f6it\u00e4 etsivien organisaatioiden mukaan viranomaiset pyrkiv\u00e4t lakaisemaan l\u00f6yd\u00f6t maton alle ennen kes\u00e4kuun MM-kisoja.<\/p>\n<p class=\"article-body mb-nof-24 px-nof-16 sndp-summary-bullet-point-font\">Jaliscon osavaltiossa on kadonnut 15 900 ihmist\u00e4 huumesodan seurauksena.<\/p>\n<p class=\"article-body mb-nof-24 px-nof-16\">Meksikossa sijaitsevan jalkapallostadionin Estadio Akronin l\u00e4hist\u00f6lt\u00e4 on l\u00f6ydetty valtava joukkohauta ja yhteens\u00e4 satoja ruumispusseja. Stadionilla pelataan kes\u00e4kuussa jalkapallon MM-kisoja.<\/p>\n<p class=\"article-body mb-nof-24 px-nof-16\">Muun muassa Latin Timesin <a class=\"underline underline-offset-[0.12em] [text-decoration-thickness:var(--generic-link-underline-thickness)] [text-decoration-color:var(--generic-link-underline-color)] [text-decoration-skip-ink:var(--generic-link-underline-skip-ink)] break-words\" href=\"https:\/\/www.latintimes.com\/jalisco-search-groups-continue-recovering-human-remains-near-2026-world-cup-venue-591883\" rel=\"nofollow noopener\" target=\"_blank\">mukaan <\/a>ruumispusseja on l\u00f6ydetty vuodesta 2022 l\u00e4htien yhteens\u00e4 456. L\u00f6yt\u00f6j\u00e4 on tehty useista eri paikoista stadionin l\u00e4hist\u00f6lt\u00e4. Toistaiseksi suurin yksitt\u00e4inen l\u00f6yt\u00f6 on syyskuussa 2025 rakennusty\u00f6maan yhteydess\u00e4 l\u00f6ydetty joukkohauta, jonka k\u00e4tk\u00f6ist\u00e4 paljastui noin kolme sataa ruumispussia.<\/p>\n<p class=\"article-body mb-nof-24 px-nof-16\">Estadio Akron sijaitsee Zapopanin kaupungissa Guadalajaran metropolialueella. Jaliscon osavaltion p\u00e4\u00e4kaupunki Guadalajara l\u00e4hiymp\u00e4rist\u00f6ineen muodostaa Meksikon kolmanneksi suurimman metropolialue yli viidell\u00e4 miljoonalla asukkaallaan.<\/p>\n<p class=\"article-body mb-nof-24 px-nof-16\">Jalisco on yksi Meksikon v\u00e4kivaltaisimmista osavaltioista. Sen huumekauppaa hallitsee \u00e4\u00e4rimm\u00e4isen brutaaleista toimintatavoistaan tunnettu Jalisco New Generation Cartel. Muun muassa Yhdysvallat on luokitellut kartellin terroristiorganisaatioksi ja sen v\u00e4itetty johtaja <a class=\"font-bold underline-offset-[0.12em] [text-decoration:var(--person-link-text-decoration)] ![text-decoration-color:var(--person-link-text-decoration-color)]\" href=\"https:\/\/www.is.fi\/haku\/?query=Nemesio%20Oseguera%20Cervantes\" rel=\"nofollow noopener\" target=\"_blank\">Nemesio Oseguera Cervantes<\/a> on Meksikon etsityin rikollinen.<\/p>\n<p class=\"article-body mb-nof-24 px-nof-16\">El Mencho -lempinimell\u00e4 tunnetun huumepomon l\u00f6yt\u00e4miseen johtavista vinkeist\u00e4 on luvattu Yhdysvalloissa yli 12 miljoonan euron palkkio ja Meksikossa yli 14 miljoonan euron palkkio.<\/p>\n<p class=\"article-body mb-nof-24 px-nof-16\">Kadonneita henkil\u00f6it\u00e4 etsivien organisaatioiden mukaan Jaliscon osavaltion viranomaiset pyrkiv\u00e4t lakaisemaan j\u00e4rkytt\u00e4v\u00e4t l\u00f6yd\u00f6t maton alle, jotta valtavan huomion saavat MM-kisat sujuisivat mutkattomasti.<\/p>\n<p class=\"article-body mb-nof-24 px-nof-16\">\u2013 He v\u00e4litt\u00e4v\u00e4t enemm\u00e4n taloudesta kuin ihmisist\u00e4. He haluavat kiirehti\u00e4 ja lopettaa tapausten tutkimisen, jotta kaikki n\u00e4ytt\u00e4isi normaalilta, kun MM-kisat alkavat. Mutta me jatkamme ty\u00f6t\u00e4mme jalkapallosta riippumatta, <a class=\"font-bold underline-offset-[0.12em] [text-decoration:var(--person-link-text-decoration)] ![text-decoration-color:var(--person-link-text-decoration-color)]\" href=\"https:\/\/www.is.fi\/haku\/?query=Jose%20Raul%20Servin%20Garcia\" rel=\"nofollow noopener\" target=\"_blank\">Jose Raul Servin Garcia<\/a> kommentoi <a class=\"underline underline-offset-[0.12em] [text-decoration-thickness:var(--generic-link-underline-thickness)] [text-decoration-color:var(--generic-link-underline-color)] [text-decoration-skip-ink:var(--generic-link-underline-skip-ink)] break-words\" href=\"https:\/\/www.prensalibre.com\/internacional\/que-se-sabe-de-las-bolsas-con-restos-humanos-halladas-cerca-del-estadio-akron-sede-del-mundial-del-2026\/#google_vignette\" rel=\"nofollow noopener\" target=\"_blank\">Prensa Librelle<\/a>.<\/p>\n<p class=\"article-body mb-nof-24 px-nof-16\">Servin Garcian mukaan pusseista on l\u00f6ydetty kokonaisia ruumiita ja luurankoja, mutta p\u00e4\u00e4asiassa pussit sis\u00e4lt\u00e4v\u00e4t paloiteltuja ruumiita.<\/p>\n<p class=\"article-body mb-nof-24 px-nof-16\">\u2013 On valitettavaa, ett\u00e4 MM-kisat pelataan paikassa, jossa on n\u00e4in paljon pahuutta, Servin Garcia toteaa.<\/p>\n<p class=\"article-body mb-nof-24 px-nof-16\">Servin Garcia kuuluu Jaliscossa kadonneita ihmisi\u00e4 etsiv\u00e4\u00e4n Guerreros Buscadores de Jalisco -organisaatioon. H\u00e4nen oma poikansa <a class=\"underline underline-offset-[0.12em] [text-decoration-thickness:var(--generic-link-underline-thickness)] [text-decoration-color:var(--generic-link-underline-color)] [text-decoration-skip-ink:var(--generic-link-underline-skip-ink)] break-words\" href=\"https:\/\/esto.com.mx\/942628-estadio-akron-esta-en-polemica-encuentran-restos-humanos-cerca-del-inmueble-del-mundial-2026\/\" rel=\"nofollow noopener\" target=\"_blank\">katosi <\/a>huhtikuussa 2018. Meksikon huumesota on johtanut 15\u202f900 ihmisen katoamiseen Jaliscon osavaltiossa. Koko maassa ep\u00e4illyn rikoksen uhrina kadonneita ihmisi\u00e4 on yli <a class=\"underline underline-offset-[0.12em] [text-decoration-thickness:var(--generic-link-underline-thickness)] [text-decoration-color:var(--generic-link-underline-color)] [text-decoration-skip-ink:var(--generic-link-underline-skip-ink)] break-words\" href=\"https:\/\/icmp.int\/what-we-do\/geographic-programs\/mexico\/#:~:text=Data%20on%20missing%20persons%20in%20Nuevo%20Le%C3%B3n,highest%20per%20capita%20rate%20of%20missing%20persons.\" rel=\"nofollow noopener\" target=\"_blank\">111\u202f000<\/a>.<\/p>\n<p class=\"article-body mb-nof-24 px-nof-16\">Vuonna 2010 avattu Estadio Akron vet\u00e4\u00e4 jalkapallo-otteluissa noin 50\u202f000 katsojaa. Stadionilla pelataan kes\u00e4kuussa nelj\u00e4 MM-ottelua, muun muassa Uruguayn ja Espanjan v\u00e4linen huippuottelu sek\u00e4 is\u00e4nt\u00e4maan Meksikon ottelu Etel\u00e4-Koreaa vastaan.<\/p>\n<p class=\"article-body mb-nof-24 px-nof-16\">Estadio Akron on Meksikon korkeimmalla sarjatasolla pelaavan CD Guadalajaran kotistadion.<\/p>\n","protected":false},"excerpt":{"rendered":"MM-stadionin ymp\u00e4rilt\u00e4 on l\u00f6ydetty satoja ruumispusseja. Lue tiivistelm\u00e4 Meksikossa jalkapallon MM-stadionin Estadio Akronin l\u00e4hist\u00f6lt\u00e4 on l\u00f6ydetty vuodesta 2022&hellip;\n","protected":false},"author":2,"featured_media":139648,"comment_status":"","ping_status":"","sticky":false,"template":"","format":"standard","meta":{"footnotes":""},"categories":[158],"tags":[33,31,30,34,159,32,160],"class_list":{"0":"post-139647","1":"post","2":"type-post","3":"status-publish","4":"format-standard","5":"has-post-thumbnail","7":"category-urheilu","8":"tag-fi","9":"tag-finland","10":"tag-finnish","11":"tag-ilta-sanomat","12":"tag-sports","13":"tag-suomi","14":"tag-urheilu"},"share_on_mastodon":{"url":"https:\/\/pubeurope.com\/@fi\/115877318847783753","error":""},"_links":{"self":[{"href":"https:\/\/www.europesays.com\/fi\/wp-json\/wp\/v2\/posts\/139647","targetHints":{"allow":["GET"]}}],"collection":[{"href":"https:\/\/www.europesays.com\/fi\/wp-json\/wp\/v2\/posts"}],"about":[{"href":"https:\/\/www.europesays.com\/fi\/wp-json\/wp\/v2\/types\/post"}],"author":[{"embeddable":true,"href":"https:\/\/www.europesays.com\/fi\/wp-json\/wp\/v2\/users\/2"}],"replies":[{"embeddable":true,"href":"https:\/\/www.europesays.com\/fi\/wp-json\/wp\/v2\/comments?post=139647"}],"version-history":[{"count":0,"href":"https:\/\/www.europesays.com\/fi\/wp-json\/wp\/v2\/posts\/139647\/revisions"}],"wp:featuredmedia":[{"embeddable":true,"href":"https:\/\/www.europesays.com\/fi\/wp-json\/wp\/v2\/media\/139648"}],"wp:attachment":[{"href":"https:\/\/www.europesays.com\/fi\/wp-json\/wp\/v2\/media?parent=139647"}],"wp:term":[{"taxonomy":"category","embeddable":true,"href":"https:\/\/www.europesays.com\/fi\/wp-json\/wp\/v2\/categories?post=139647"},{"taxonomy":"post_tag","embeddable":true,"href":"https:\/\/www.europesays.com\/fi\/wp-json\/wp\/v2\/tags?post=139647"}],"curies":[{"name":"wp","href":"https:\/\/api.w.org\/{rel}","templated":true}]}}