{"id":139649,"date":"2026-01-11T16:05:12","date_gmt":"2026-01-11T16:05:12","guid":{"rendered":"https:\/\/www.europesays.com\/fi\/139649\/"},"modified":"2026-01-11T16:05:12","modified_gmt":"2026-01-11T16:05:12","slug":"grateful-dead-yhtyeen-kitaristi-bob-weir-on-kuollut-2","status":"publish","type":"post","link":"https:\/\/www.europesays.com\/fi\/139649\/","title":{"rendered":"Grateful Dead -yhtyeen kitaristi Bob Weir on kuollut"},"content":{"rendered":"<p>B\u00e4ndi esiintyi viel\u00e4 viime kes\u00e4n\u00e4 juhliessaan 60-vuotista historiaansa.<\/p>\n<p class=\"article-body mb-nof-24 px-nof-16\">Yhdysvaltalaisen rock-yhtyeen Grateful Deadin kitaristi ja perustaj\u00e4sen <a class=\"font-bold underline-offset-[0.12em] [text-decoration:var(--person-link-text-decoration)] ![text-decoration-color:var(--person-link-text-decoration-color)]\" href=\"https:\/\/www.satakunnankansa.fi\/haku\/?query=Bob%20Weir\" rel=\"nofollow noopener\" target=\"_blank\">Bob Weir<\/a> on kuollut 78-vuotiaana.<\/p>\n<p class=\"article-body mb-nof-24 px-nof-16\">Kuolemasta kerrotaan<a class=\"underline underline-offset-[0.12em] [text-decoration-thickness:var(--generic-link-underline-thickness)] [text-decoration-color:var(--generic-link-underline-color)] [text-decoration-skip-ink:var(--generic-link-underline-skip-ink)] break-words\" href=\"https:\/\/bobweir.net\/bobby\/\" rel=\"nofollow noopener\" target=\"_blank\"> Weirin verkkosivuilla<\/a>. Lausunnon mukaan sy\u00f6p\u00e4\u00e4 sairastanut muusikko menehtyi keuhko-ongelmiin. Sy\u00f6p\u00e4 oli diagnosoitu hein\u00e4kuussa.<\/p>\n<p class=\"article-body mb-nof-24 px-nof-16\">Yhtyeen elossa olevat j\u00e4senet esiintyiv\u00e4t edellisen kerran viime kes\u00e4n\u00e4 Golden Gate Parkissa San Franciscossa. Keikoilla juhlistettiin yhtyeen 60-vuotista historiaa. Weir oli aloittanut sy\u00f6p\u00e4hoidot vain viikkoja ennen kes\u00e4n keikkoja.<\/p>\n<p class=\"article-body mb-nof-24 px-nof-16\">Weir oli mukana kirjoittamassa yhtyeen kappaleita, kuten Sugar Magnolia, Truckin\u2019, Cassidy ja Throwing Stones.<\/p>\n<p class=\"article-body mb-nof-24 px-nof-16\">Yhtye piti j\u00e4\u00e4hyv\u00e4is\u00adkonserttinsa kes\u00e4ll\u00e4 2015. Kaliforniasta alkunsa saanut yhtye perustettiin vuonna 1965.<\/p>\n<p class=\"article-body mb-nof-24 px-nof-16\">Se pysyi kasassa aina vuoteen 1995 asti, jolloin yhtyeen kitaristi <a class=\"font-bold underline-offset-[0.12em] [text-decoration:var(--person-link-text-decoration)] ![text-decoration-color:var(--person-link-text-decoration-color)]\" href=\"https:\/\/www.satakunnankansa.fi\/haku\/?query=Jerry%20Garcia\" rel=\"nofollow noopener\" target=\"_blank\">Jerry Garcia <\/a>kuoli.<\/p>\n<p class=\"article-body mb-nof-24 px-nof-16\">Weir oli perustamassa b\u00e4ndi\u00e4 yhdess\u00e4 Garcian, <a class=\"font-bold underline-offset-[0.12em] [text-decoration:var(--person-link-text-decoration)] ![text-decoration-color:var(--person-link-text-decoration-color)]\" href=\"https:\/\/www.satakunnankansa.fi\/haku\/?query=Phil%20Leshin\" rel=\"nofollow noopener\" target=\"_blank\">Phil Leshin<\/a>, <a class=\"font-bold underline-offset-[0.12em] [text-decoration:var(--person-link-text-decoration)] ![text-decoration-color:var(--person-link-text-decoration-color)] article-strong\" href=\"https:\/\/www.satakunnankansa.fi\/haku\/?query=Ron%20McKernanin\" rel=\"nofollow noopener\" target=\"_blank\">Ron McKernanin<\/a> ja <a class=\"font-bold underline-offset-[0.12em] [text-decoration:var(--person-link-text-decoration)] ![text-decoration-color:var(--person-link-text-decoration-color)] article-strong\" href=\"https:\/\/www.satakunnankansa.fi\/haku\/?query=Bill%20Kreutzmannin\" rel=\"nofollow noopener\" target=\"_blank\">Bill Kreutzmannin<\/a> kanssa. Weir oli yhtyeen nuorin j\u00e4sen.<\/p>\n","protected":false},"excerpt":{"rendered":"B\u00e4ndi esiintyi viel\u00e4 viime kes\u00e4n\u00e4 juhliessaan 60-vuotista historiaansa. Yhdysvaltalaisen rock-yhtyeen Grateful Deadin kitaristi ja perustaj\u00e4sen Bob Weir on&hellip;\n","protected":false},"author":2,"featured_media":139650,"comment_status":"","ping_status":"","sticky":false,"template":"","format":"standard","meta":{"footnotes":""},"categories":[130],"tags":[137,33,31,30,80,32,109],"class_list":{"0":"post-139649","1":"post","2":"type-post","3":"status-publish","4":"format-standard","5":"has-post-thumbnail","7":"category-viihde","8":"tag-entertainment","9":"tag-fi","10":"tag-finland","11":"tag-finnish","12":"tag-satakunnan-kansa","13":"tag-suomi","14":"tag-viihde"},"share_on_mastodon":{"url":"https:\/\/pubeurope.com\/@fi\/115877322569391618","error":""},"_links":{"self":[{"href":"https:\/\/www.europesays.com\/fi\/wp-json\/wp\/v2\/posts\/139649","targetHints":{"allow":["GET"]}}],"collection":[{"href":"https:\/\/www.europesays.com\/fi\/wp-json\/wp\/v2\/posts"}],"about":[{"href":"https:\/\/www.europesays.com\/fi\/wp-json\/wp\/v2\/types\/post"}],"author":[{"embeddable":true,"href":"https:\/\/www.europesays.com\/fi\/wp-json\/wp\/v2\/users\/2"}],"replies":[{"embeddable":true,"href":"https:\/\/www.europesays.com\/fi\/wp-json\/wp\/v2\/comments?post=139649"}],"version-history":[{"count":0,"href":"https:\/\/www.europesays.com\/fi\/wp-json\/wp\/v2\/posts\/139649\/revisions"}],"wp:featuredmedia":[{"embeddable":true,"href":"https:\/\/www.europesays.com\/fi\/wp-json\/wp\/v2\/media\/139650"}],"wp:attachment":[{"href":"https:\/\/www.europesays.com\/fi\/wp-json\/wp\/v2\/media?parent=139649"}],"wp:term":[{"taxonomy":"category","embeddable":true,"href":"https:\/\/www.europesays.com\/fi\/wp-json\/wp\/v2\/categories?post=139649"},{"taxonomy":"post_tag","embeddable":true,"href":"https:\/\/www.europesays.com\/fi\/wp-json\/wp\/v2\/tags?post=139649"}],"curies":[{"name":"wp","href":"https:\/\/api.w.org\/{rel}","templated":true}]}}