{"id":139659,"date":"2026-01-11T16:23:08","date_gmt":"2026-01-11T16:23:08","guid":{"rendered":"https:\/\/www.europesays.com\/fi\/139659\/"},"modified":"2026-01-11T16:23:08","modified_gmt":"2026-01-11T16:23:08","slug":"jari-saario-olen-pahoillani","status":"publish","type":"post","link":"https:\/\/www.europesays.com\/fi\/139659\/","title":{"rendered":"Jari Saario: &#8221;Olen pahoillani&#8221;"},"content":{"rendered":"<p>Soutajan kotimatka on alkanut.<\/p>\n<p><img decoding=\"async\" class=\"image image-show image-preview\" src=\"https:\/\/www.europesays.com\/fi\/wp-content\/uploads\/2026\/01\/1768148588_172_3081e28fb9e8d1aa6da1c5e04cca86119951150cecb4230a45a98f943234ef17.jpg\" alt=\"\"\/><img decoding=\"async\" class=\"image image-show\" src=\"https:\/\/www.europesays.com\/fi\/wp-content\/uploads\/2026\/01\/1768148588_907_3081e28fb9e8d1aa6da1c5e04cca86119951150cecb4230a45a98f943234ef17.jpg\" alt=\"\"\/><\/p>\n<p> Jari Saario on matkalla kotiin. Inka Soveri<\/p>\n<p class=\"paragraph\">Merih\u00e4d\u00e4ss\u00e4 ollut soutaja <strong>Jari Saario<\/strong> on julkaissut <a href=\"https:\/\/www.instagram.com\/p\/DTXvS81jJSe\/?hl=fi&amp;img_index=3\" target=\"_blank\" rel=\"noopener nofollow\">Instagramissa uuden videon.<\/a><\/p>\n<p class=\"paragraph\">\u2013 Haluan pyyt\u00e4\u00e4 anteeksi perheelt\u00e4ni, yhteisty\u00f6kumppaneilta ja ihan jokaiselta seuraajalta, mit\u00e4 kaikkea olette varmasti kokeneet, kun ette ole tienneet, miten k\u00e4y, Saario sanoo sunnuntai-iltap\u00e4iv\u00e4n\u00e4 julkaistulla videolla.<\/p>\n<p class=\"paragraph\">Mies joutui merih\u00e4t\u00e4\u00e4n Etel\u00e4-Atlantilla, kun h\u00e4nen soutuveneens\u00e4 vaurioitui ankarissa s\u00e4\u00e4olosuhteissa. Cymona Eagle -alus pelasti Saarion varhain sunnuntaiaamuna. Miehen soutuvene j\u00e4tettiin turvallisuussyist\u00e4 nostamatta alukselle.<\/p>\n<p class=\"paragraph\">\u2013 Olosuhteisiin n\u00e4hden olen hyv\u00e4ss\u00e4 kunnossa, mutta eritt\u00e4in pahoillani kaikesta, mit\u00e4 on tapahtunut, Saario toteaa videolla.<\/p>\n<p class=\"paragraph\">Saario on nyt Cymona Eagle -aluksen kyydiss\u00e4 matkalla Kapkaupunkiin. H\u00e4n on saanut siell\u00e4 tarvitsemaansa hoitoa ja on asianmukaisessa tarkkailussa.<\/p>\n<p class=\"paragraph\">Kapkaupungista herran matka jatkuu Suomeen.<\/p>\n<p class=\"paragraph\">\u2013 K\u00e4yt\u00e4nn\u00f6n j\u00e4rjestelyt ja aikataulut t\u00e4smentyv\u00e4t viranomaisten kanssa teht\u00e4v\u00e4ss\u00e4 yhteisty\u00f6ss\u00e4. Meripelastuslaitoksen arvion mukaan aluksen matka Kapkaupunkiin kest\u00e4\u00e4 noin viisi vuorokautta, Saarion Instagram-tilill\u00e4 kerrotaan.<\/p>\n<p class=\"paragraph\">Saarion pit\u00e4isi siis saapua Kapkaupunkiin 16.1.<\/p>\n<p class=\"paragraph\">Saario aloitti yksinsoutunsa Etel\u00e4-Amerikan etel\u00e4k\u00e4rjest\u00e4 Kap Hornista 11. marraskuuta. H\u00e4nen oli m\u00e4\u00e4r\u00e4 soutaa Atlantin yli Etel\u00e4-Afrikan Kapkaupunkiin.<\/p>\n<p class=\"paragraph\">Yli 8\u00a0000 kilometrin souturetken oli tarkoitus kest\u00e4\u00e4 3\u20134 kuukautta.<\/p>\n<p class=\"paragraph\">Jos Saarion tiedote ei n\u00e4y laitteellasi, voit katsoa sen <a href=\"https:\/\/www.instagram.com\/p\/DTXvS81jJSe\/?hl=fi&amp;img_index=1\" target=\"_blank\" rel=\"noopener nofollow\">t\u00e4\u00e4lt\u00e4<\/a>.<\/p>\n<p><script async src=\"\/\/www.instagram.com\/embed.js\"><\/script><\/p>\n","protected":false},"excerpt":{"rendered":"Soutajan kotimatka on alkanut. Jari Saario on matkalla kotiin. Inka Soveri Merih\u00e4d\u00e4ss\u00e4 ollut soutaja Jari Saario on julkaissut&hellip;\n","protected":false},"author":2,"featured_media":139660,"comment_status":"","ping_status":"","sticky":false,"template":"","format":"standard","meta":{"footnotes":""},"categories":[136],"tags":[35,407,137,33,31,30,408,121,41,103,32,167,2568,109],"class_list":{"0":"post-139659","1":"post","2":"type-post","3":"status-publish","4":"format-standard","5":"has-post-thumbnail","7":"category-julkkikset","8":"tag-24h","9":"tag-celebrities","10":"tag-entertainment","11":"tag-fi","12":"tag-finland","13":"tag-finnish","14":"tag-julkkikset","15":"tag-liikenne-ja-kuljetus","16":"tag-liikunta-ja-urheilu","17":"tag-sosiaalikysymykset","18":"tag-suomi","19":"tag-terveys","20":"tag-vesiliikenne","21":"tag-viihde"},"share_on_mastodon":{"url":"https:\/\/pubeurope.com\/@fi\/115877393483456399","error":""},"_links":{"self":[{"href":"https:\/\/www.europesays.com\/fi\/wp-json\/wp\/v2\/posts\/139659","targetHints":{"allow":["GET"]}}],"collection":[{"href":"https:\/\/www.europesays.com\/fi\/wp-json\/wp\/v2\/posts"}],"about":[{"href":"https:\/\/www.europesays.com\/fi\/wp-json\/wp\/v2\/types\/post"}],"author":[{"embeddable":true,"href":"https:\/\/www.europesays.com\/fi\/wp-json\/wp\/v2\/users\/2"}],"replies":[{"embeddable":true,"href":"https:\/\/www.europesays.com\/fi\/wp-json\/wp\/v2\/comments?post=139659"}],"version-history":[{"count":0,"href":"https:\/\/www.europesays.com\/fi\/wp-json\/wp\/v2\/posts\/139659\/revisions"}],"wp:featuredmedia":[{"embeddable":true,"href":"https:\/\/www.europesays.com\/fi\/wp-json\/wp\/v2\/media\/139660"}],"wp:attachment":[{"href":"https:\/\/www.europesays.com\/fi\/wp-json\/wp\/v2\/media?parent=139659"}],"wp:term":[{"taxonomy":"category","embeddable":true,"href":"https:\/\/www.europesays.com\/fi\/wp-json\/wp\/v2\/categories?post=139659"},{"taxonomy":"post_tag","embeddable":true,"href":"https:\/\/www.europesays.com\/fi\/wp-json\/wp\/v2\/tags?post=139659"}],"curies":[{"name":"wp","href":"https:\/\/api.w.org\/{rel}","templated":true}]}}