{"id":13966,"date":"2025-08-23T10:09:09","date_gmt":"2025-08-23T10:09:09","guid":{"rendered":"https:\/\/www.europesays.com\/fi\/13966\/"},"modified":"2025-08-23T10:09:09","modified_gmt":"2025-08-23T10:09:09","slug":"viikon-paras-demo-on-metallia-pyhajarvelta","status":"publish","type":"post","link":"https:\/\/www.europesays.com\/fi\/13966\/","title":{"rendered":"Viikon paras demo on metallia Pyh\u00e4j\u00e4rvelt\u00e4"},"content":{"rendered":"<p>TEMPERA<\/p>\n<p><img loading=\"lazy\" decoding=\"async\" alt=\"YouTube video\" width=\"480\" height=\"360\" data-pin-nopin=\"true\" nopin=\"nopin\" class=\"perfmatters-lazy\" src=\"https:\/\/www.europesays.com\/fi\/wp-content\/uploads\/2025\/08\/1755943748_137_hqdefault.jpg\"\/><\/p>\n<p>Pyh\u00e4j\u00e4rven Tempera yritt\u00e4\u00e4 ehk\u00e4 v\u00e4h\u00e4n enemm\u00e4n kuin mihin sen rahkeet riitt\u00e4v\u00e4t. Neliminuuttinen Katve vaihtaa puolen minuutin v\u00e4lein tyyli\u00e4 ja genre\u00e4. Medusa Oblongataa muistuttavan teknisen riffittelyn kautta menn\u00e4\u00e4n punkahtavan metallirypistelyn kautta Sunny Day Real Estaten tyylisen emoilun kautta metallisiin breakdowneihin ja sitten taas pop punk -kertsiin. Ja siin\u00e4 on vasta ensimm\u00e4iset 2 minuuttia. Sanomattakin selv\u00e4\u00e4 ettei kokonaisuus ihan aina pysy kasassa, mutta ideaa riitt\u00e4\u00e4 muutamaankin b\u00e4ndiin. Soundit voisivat olla paremmat, mutta ainakin Tempera tekee jotain t\u00e4ysin omaper\u00e4ist\u00e4.<\/p>\n<p><a href=\"https:\/\/www.instagram.com\/temperaofficial\/\" rel=\"nofollow noopener\" target=\"_blank\">instagram.com\/temperaofficial<\/a><\/p>\n<p>IHA SAMA<\/p>\n<p><img loading=\"lazy\" decoding=\"async\" alt=\"YouTube video\" width=\"480\" height=\"360\" data-pin-nopin=\"true\" nopin=\"nopin\" class=\"perfmatters-lazy\" src=\"https:\/\/www.europesays.com\/fi\/wp-content\/uploads\/2025\/08\/1755943748_310_hqdefault.jpg\"\/><\/p>\n<p>Videosta menee melkein puolet ennen kuin biisi edes alkaa. Kannattaa kuitenkin jaksaa intro (tai ehk\u00e4 mieluummin skipata kohtaan 1:20), sill\u00e4 Iha Saman Dwarvesin ja Kvelertakin linjoillaa kulkeva punkahtava rock toimii varsin hyvin. Kertsi voisi olla parempi ja huumorib\u00e4ndikin tarvitsisi s\u00e4vellykseen v\u00e4h\u00e4n totisempaa otetta, mutta soundi on eritt\u00e4in hyv\u00e4, soitto pelaa ja energiaa l\u00f6ytyy. Paikoin jopa biisikin toimii. Suunta on selv\u00e4sti yl\u00f6s p\u00e4in ja potentiaalia vaikuttaisi olevan kiitett\u00e4v\u00e4sti.<\/p>\n<p><a href=\"https:\/\/youtube.com\/@ihasama\" rel=\"nofollow noopener\" target=\"_blank\">Iha Sama \u2013 YouTube<\/a><\/p>\n<p>HUONO IDEA<\/p>\n<p><img loading=\"lazy\" decoding=\"async\" alt=\"YouTube video\" width=\"480\" height=\"360\" data-pin-nopin=\"true\" nopin=\"nopin\" class=\"perfmatters-lazy\" src=\"https:\/\/www.europesays.com\/fi\/wp-content\/uploads\/2025\/08\/1755943749_660_hqdefault.jpg\"\/><\/p>\n<p>Jyv\u00e4skyl\u00e4n Huono Idea soittaa kasarihenkist\u00e4 suomenkielist\u00e4 punkia. Polku on s\u00e4vellyksellisesti aika perinteist\u00e4 punkia, mutta aneemisen monotoninen ulkoanti viittaa enemm\u00e4n Joy Divisionin post punkiin. Melkein 5-minuuttinen s\u00e4vellys on ehdottomasti liian pitk\u00e4. Vaikka matala energiataso selv\u00e4sti kuuluu b\u00e4ndin konseptiin, alkaa biisi puuduttaa jo paljon ennen loppuaan. Sointukulut ja melodiat ovat toimivia, mutta s\u00e4vellyst\u00e4 voisi kehitt\u00e4\u00e4 pidemm\u00e4lle ja toteutusta parantaa.<\/p>\n<p><a href=\"https:\/\/www.instagram.com\/huonoideaband?igsh=dW42czNxNHF6cmI=\" rel=\"nofollow noopener\" target=\"_blank\">instagram.com\/huonoideaband<\/a><\/p>\n<p>NOBODY<\/p>\n<p><img loading=\"lazy\" decoding=\"async\" alt=\"YouTube video\" width=\"480\" height=\"360\" data-pin-nopin=\"true\" nopin=\"nopin\" class=\"perfmatters-lazy\" src=\"https:\/\/www.europesays.com\/fi\/wp-content\/uploads\/2025\/08\/1755943749_514_hqdefault.jpg\"\/><\/p>\n<p>Nobody on yhden miehen b\u00e4ndi Suomesta. Stronger Than Deadin perusteella kyse on Nick Caven tyylisest\u00e4 americana-fiilistelyst\u00e4. Kun s\u00e4vellys perustuu tarinaan n\u00e4in paljon, pit\u00e4isi sanoitusten kuitenkin olla paljon paremmat. Akustinen kitara kuulostaa oikein hyv\u00e4lt\u00e4, miksaus on tyylik\u00e4s ja tunnelmaa luodaan varsin toimivasti. Toteutus on siis mallissaan, mutta itse sis\u00e4lt\u00f6 j\u00e4\u00e4 v\u00e4h\u00e4n liian ohueksi. H\u00e4m\u00e4\u00e4v\u00e4sti biisiss\u00e4 lauletaan \u201cstronger than death,\u201d mutta sen nimess\u00e4 on \u201cdead.\u201d<\/p>\n<p><a href=\"http:\/\/www.facebook.com\/nobodymetal\" rel=\"nofollow noopener\" target=\"_blank\">facebook.com\/nobodymetal<\/a><\/p>\n<p><strong>Soundin Demoefektiss\u00e4 nostetaan joka toinen viikko esiin muutama kiinnostavin demo. Demoset\u00e4n\u00e4 toimii Nuutti Heiskala.<br \/>Ohjeet demojen l\u00e4hett\u00e4miseen\u00a0<a href=\"http:\/\/www.soundi.fi\/laheta-demosi-soundiin\/\" target=\"_blank\" rel=\"noreferrer noopener nofollow\">l\u00f6ytyv\u00e4t t\u00e4\u00e4lt\u00e4.<\/a>\u00a0<\/strong><\/p>\n<p>\t\t\t<script async src=\"\/\/www.instagram.com\/embed.js\"><\/script><\/p>\n","protected":false},"excerpt":{"rendered":"TEMPERA Pyh\u00e4j\u00e4rven Tempera yritt\u00e4\u00e4 ehk\u00e4 v\u00e4h\u00e4n enemm\u00e4n kuin mihin sen rahkeet riitt\u00e4v\u00e4t. Neliminuuttinen Katve vaihtaa puolen minuutin v\u00e4lein&hellip;\n","protected":false},"author":2,"featured_media":13967,"comment_status":"","ping_status":"","sticky":false,"template":"","format":"standard","meta":{"footnotes":""},"categories":[132],"tags":[137,33,31,30,195,47,32,109],"class_list":{"0":"post-13966","1":"post","2":"type-post","3":"status-publish","4":"format-standard","5":"has-post-thumbnail","7":"category-musiikki","8":"tag-entertainment","9":"tag-fi","10":"tag-finland","11":"tag-finnish","12":"tag-music","13":"tag-musiikki","14":"tag-suomi","15":"tag-viihde"},"share_on_mastodon":{"url":"","error":""},"_links":{"self":[{"href":"https:\/\/www.europesays.com\/fi\/wp-json\/wp\/v2\/posts\/13966","targetHints":{"allow":["GET"]}}],"collection":[{"href":"https:\/\/www.europesays.com\/fi\/wp-json\/wp\/v2\/posts"}],"about":[{"href":"https:\/\/www.europesays.com\/fi\/wp-json\/wp\/v2\/types\/post"}],"author":[{"embeddable":true,"href":"https:\/\/www.europesays.com\/fi\/wp-json\/wp\/v2\/users\/2"}],"replies":[{"embeddable":true,"href":"https:\/\/www.europesays.com\/fi\/wp-json\/wp\/v2\/comments?post=13966"}],"version-history":[{"count":0,"href":"https:\/\/www.europesays.com\/fi\/wp-json\/wp\/v2\/posts\/13966\/revisions"}],"wp:featuredmedia":[{"embeddable":true,"href":"https:\/\/www.europesays.com\/fi\/wp-json\/wp\/v2\/media\/13967"}],"wp:attachment":[{"href":"https:\/\/www.europesays.com\/fi\/wp-json\/wp\/v2\/media?parent=13966"}],"wp:term":[{"taxonomy":"category","embeddable":true,"href":"https:\/\/www.europesays.com\/fi\/wp-json\/wp\/v2\/categories?post=13966"},{"taxonomy":"post_tag","embeddable":true,"href":"https:\/\/www.europesays.com\/fi\/wp-json\/wp\/v2\/tags?post=13966"}],"curies":[{"name":"wp","href":"https:\/\/api.w.org\/{rel}","templated":true}]}}