{"id":139663,"date":"2026-01-11T16:26:09","date_gmt":"2026-01-11T16:26:09","guid":{"rendered":"https:\/\/www.europesays.com\/fi\/139663\/"},"modified":"2026-01-11T16:26:09","modified_gmt":"2026-01-11T16:26:09","slug":"uusi-bachelor-arttu-kilpelainen-pakoili-parisuhteita","status":"publish","type":"post","link":"https:\/\/www.europesays.com\/fi\/139663\/","title":{"rendered":"Uusi bachelor Arttu Kilpel\u00e4inen pakoili parisuhteita"},"content":{"rendered":"<p><strong class=\"typography-bold\">Unelmien poikamiehen\u00e4 n\u00e4hd\u00e4\u00e4n tulevalla kaudella tv:st\u00e4 tuttu ex-poliisi Arttu Kilpel\u00e4inen. Kilpel\u00e4inen kertoo, ett\u00e4 h\u00e4nell\u00e4 oli tapana pakoilla parisuhteita, kunnes k\u00e4vi asiaa l\u00e4pi terapiassa.<\/strong><\/p>\n<p>Tulevalla <a class=\"cursor-pointer underline\" data-testid=\"internal-link\" role=\"link\" data-sentry-element=\"Link\" data-sentry-component=\"InternalLink\" data-sentry-source-file=\"InternalLink.tsx\" href=\"https:\/\/www.mtvuutiset.fi\/aihe\/bachelor-suomi\/7775130\" rel=\"nofollow noopener\" target=\"_blank\">Bachelor Suomi<\/a> -kaudella tosirakkautta etsii julkisuudesta tuttu <a class=\"cursor-pointer underline\" data-testid=\"internal-link\" role=\"link\" data-sentry-element=\"Link\" data-sentry-component=\"InternalLink\" data-sentry-source-file=\"InternalLink.tsx\" href=\"https:\/\/www.mtvuutiset.fi\/aihe\/arttu-kilpelainen\/9278736\" rel=\"nofollow noopener\" target=\"_blank\"><strong class=\"typography-bold\">Arttu Kilpel\u00e4inen<\/strong><\/a>. Mies vieraili torstaina 8. tammikuuta <a class=\"underline\" data-testid=\"external-link\" href=\"https:\/\/www.mtv.fi\/lista\/5P44OO3lW1lbhBZZVgTXR6\" rel=\"noopener noreferrer nofollow\" data-sentry-component=\"ExternalLink\" data-sentry-source-file=\"ExternalLink.tsx\" target=\"_blank\">Huomenta Suomessa<\/a> ja julkisti asian suorassa l\u00e4hetyksess\u00e4.\u00a0<\/p>\n<p>\u2013 Olen odottanut t\u00e4t\u00e4 hetke\u00e4 tosi kauan, ett\u00e4 saan t\u00e4m\u00e4n harteiltani pois. Nyt ei tarvitse en\u00e4\u00e4 salailla, Kilpel\u00e4inen sanoi huojentuneena.\u00a0<\/p>\n<p>29-vuotias Kilpel\u00e4inen on tullut monille tutuksi somevaikuttajana, podcastaajana ja lis\u00e4ksi h\u00e4net n\u00e4htiin viime kaudella <a class=\"underline\" data-testid=\"external-link\" href=\"https:\/\/www.mtvuutiset.fi\/aihe\/suomen-surkein-kuski\/7601184\" rel=\"noopener noreferrer nofollow\" data-sentry-component=\"ExternalLink\" data-sentry-source-file=\"ExternalLink.tsx\" target=\"_blank\">Suomen surkein kuski<\/a> -ohjelman yhten\u00e4 tuomarina.\u00a0<\/p>\n<p>Lue lis\u00e4\u00e4: <a class=\"cursor-pointer underline\" data-testid=\"internal-link\" role=\"link\" data-sentry-element=\"Link\" data-sentry-component=\"InternalLink\" data-sentry-source-file=\"InternalLink.tsx\" href=\"https:\/\/www.mtvuutiset.fi\/artikkeli\/han-on-suomen-uusi-bachelor-julkisuudesta-tuttu-ex-poliisi-etsii-rakkautta\/9278684\" rel=\"nofollow noopener\" target=\"_blank\"><\/a><\/p>\n","protected":false},"excerpt":{"rendered":"Unelmien poikamiehen\u00e4 n\u00e4hd\u00e4\u00e4n tulevalla kaudella tv:st\u00e4 tuttu ex-poliisi Arttu Kilpel\u00e4inen. Kilpel\u00e4inen kertoo, ett\u00e4 h\u00e4nell\u00e4 oli tapana pakoilla parisuhteita,&hellip;\n","protected":false},"author":2,"featured_media":136689,"comment_status":"","ping_status":"","sticky":false,"template":"","format":"standard","meta":{"footnotes":""},"categories":[133],"tags":[137,33,31,30,32,206,156,109],"class_list":{"0":"post-139663","1":"post","2":"type-post","3":"status-publish","4":"format-standard","5":"has-post-thumbnail","7":"category-televisiot","8":"tag-entertainment","9":"tag-fi","10":"tag-finland","11":"tag-finnish","12":"tag-suomi","13":"tag-televisiot","14":"tag-tv","15":"tag-viihde"},"share_on_mastodon":{"url":"https:\/\/pubeurope.com\/@fi\/115877405138611486","error":""},"_links":{"self":[{"href":"https:\/\/www.europesays.com\/fi\/wp-json\/wp\/v2\/posts\/139663","targetHints":{"allow":["GET"]}}],"collection":[{"href":"https:\/\/www.europesays.com\/fi\/wp-json\/wp\/v2\/posts"}],"about":[{"href":"https:\/\/www.europesays.com\/fi\/wp-json\/wp\/v2\/types\/post"}],"author":[{"embeddable":true,"href":"https:\/\/www.europesays.com\/fi\/wp-json\/wp\/v2\/users\/2"}],"replies":[{"embeddable":true,"href":"https:\/\/www.europesays.com\/fi\/wp-json\/wp\/v2\/comments?post=139663"}],"version-history":[{"count":0,"href":"https:\/\/www.europesays.com\/fi\/wp-json\/wp\/v2\/posts\/139663\/revisions"}],"wp:featuredmedia":[{"embeddable":true,"href":"https:\/\/www.europesays.com\/fi\/wp-json\/wp\/v2\/media\/136689"}],"wp:attachment":[{"href":"https:\/\/www.europesays.com\/fi\/wp-json\/wp\/v2\/media?parent=139663"}],"wp:term":[{"taxonomy":"category","embeddable":true,"href":"https:\/\/www.europesays.com\/fi\/wp-json\/wp\/v2\/categories?post=139663"},{"taxonomy":"post_tag","embeddable":true,"href":"https:\/\/www.europesays.com\/fi\/wp-json\/wp\/v2\/tags?post=139663"}],"curies":[{"name":"wp","href":"https:\/\/api.w.org\/{rel}","templated":true}]}}