{"id":139666,"date":"2026-01-11T16:31:07","date_gmt":"2026-01-11T16:31:07","guid":{"rendered":"https:\/\/www.europesays.com\/fi\/139666\/"},"modified":"2026-01-11T16:31:07","modified_gmt":"2026-01-11T16:31:07","slug":"terasleidit-kuin-viimeista-paivaa-sanna-kaisa-palo-ja-elokuvan-syvalliset-teemat-yksinaisyydesta","status":"publish","type":"post","link":"https:\/\/www.europesays.com\/fi\/139666\/","title":{"rendered":"Ter\u00e4sleidit &#8211; kuin viimeist\u00e4 p\u00e4iv\u00e4\u00e4: Sanna-Kaisa Palo ja elokuvan syv\u00e4lliset teemat yksin\u00e4isyydest\u00e4"},"content":{"rendered":"<p>\n            Ter\u00e4sleidit. Sanna-Kaisa Palo. Atte Kajova<br \/>\n            Atte Kajova\n        <\/p>\n<p class=\"subtitle \">Monessa mukana ollut n\u00e4yttelij\u00e4 Sanna-Kaisa Palo hypp\u00e4si mukaan Ter\u00e4sleidit-menestyselokuvan jatko-osaan.<\/p>\n<p class=\"article-content article-content-width !bg-background\">Ter\u00e4sleidit \u2013 kuin viimeist\u00e4 p\u00e4iv\u00e4\u00e4 on viihtynyt ensimm\u00e4isten esitysviikkojensa aikana katsojatilaston k\u00e4rkipaikoilla, vaikkei siit\u00e4 n\u00e4yt\u00e4k\u00e4\u00e4n muodostuvan ihan ensimm\u00e4isen osan, vuoden 2020 Ter\u00e4sleidit-elokuvan, kaltainen yleis\u00f6menestys.<\/p>\n<p class=\"font-weight-bold m-font-weight-bold italic m-italic article-content article-content-width !bg-background\">Video: Seela Sella ja Sanna-Kaisa Palo kertovat Ter\u00e4sleidit\u00a0\u2013 kuin viimeist\u00e4 p\u00e4iv\u00e4\u00e4 -elokuvasta<\/p>\n<p class=\"article-content article-content-width !bg-background\">Ohjaajana ja yhten\u00e4 k\u00e4sikirjoittajista jatkava  on kertonut, ettei halunnut tehd\u00e4 perinteist\u00e4 jatko-osaa, vaan itsen\u00e4isen kokonaisuuden. N\u00e4yttelij\u00e4  (Karjalan kunnailla, Queen of Fucking Everything) l\u00e4ht\u00f6tilanne oli hieman poikkeuksellinen: h\u00e4n ei ollut mukana ensimm\u00e4isess\u00e4 elokuvassa, vaan astui sis\u00e4\u00e4n valmiiseen tarinamaailmaan.<\/p>\n<p class=\"article-content article-content-width !bg-background\">\u2013 Olen onnellinen, ett\u00e4 sain hyp\u00e4t\u00e4 mukaan. Olin tosi innoissani, kun kuulin tulleeni valituksi, pitk\u00e4n linjan n\u00e4yttelij\u00e4 kertoo.<\/p>\n<p>        <a itemprop=\"url\" href=\"https:\/\/www.seiska.fi\/katso\/seela-sella-avoimena-kuolema-on-jo-osa-minua\/2024140\" rel=\"nofollow noopener\" target=\"_blank\"><\/p>\n<p>\nSeela Sella\n<\/p>\n<p class=\"section-date\">\n        <strong class=\"article-section\" data-section=\"katso\"><br \/>\n            katso<br \/>\n        <\/strong><br \/>\n        18.12.2025 09:45\n    <\/p>\n<p>Seela Sella avoimena: &#8221;Kuolema on jo osa minua&#8221;\n    <\/p>\n<p itemprop=\"description\" class=\"subtitle \">\n    Seela Sella t\u00e4hditt\u00e4\u00e4 uutta Ter\u00e4sleidit-elokuvaa, jossa h\u00e4n kokee kuoleman itselleen l\u00e4heiseksi teemaksi.\n<\/p>\n<p>        <\/a><\/p>\n<p>Syveneek\u00f6 tarina?<\/p>\n<p class=\"article-content article-content-width !bg-background\">Ik\u00e4\u00e4n kuin ulkopuolelta joukkoon liittyminen tuntui lopulta vapauttavalta. Palo koki voivansa rakentaa hahmonsa ilman menneisyyden painolastia, mutta osana vahvaa kokonaisuutta.<\/p>\n<p class=\"article-content article-content-width !bg-background\">\u2013 Tuntui hyv\u00e4lt\u00e4 tulla mukaan, kun tarina ei selit\u00e4 kaikkea puhki. Katsoja saa itse t\u00e4ydent\u00e4\u00e4 ja l\u00f6yt\u00e4\u00e4 merkityksi\u00e4 elokuvasta, Sanna-Kaisa kuvailee.<\/p>\n<p class=\"article-content article-content-width !bg-background\">Mukana olo her\u00e4tti Sanna-Kaisassa ennen kaikkea kiinnostuksen siihen, mit\u00e4 tarina haluaa kertoa hahmoista nyt, ei siihen, mit\u00e4 oli jo aiemmin tapahtunut.<\/p>\n<p class=\"article-content article-content-width !bg-background\">\u2013 Minua kiinnosti se, syveneek\u00f6 n\u00e4iden ihmisten tarina. Menn\u00e4\u00e4nk\u00f6 enemm\u00e4n siihen, miksi he ovat sellaisia kuin ovat ja miten he jatkavat el\u00e4m\u00e4\u00e4ns\u00e4 sen j\u00e4lkeen, kun yksi leideist\u00e4 ( esitt\u00e4m\u00e4 Sylvi) on kuollut?<\/p>\n<p>        <a itemprop=\"url\" href=\"https:\/\/www.seiska.fi\/katso\/pamela-tola-tasta-syysta-terasleidien-jatko-osa-oli-jaada-tekematta\/2025365\" rel=\"nofollow noopener\" target=\"_blank\"><\/p>\n<p>\nTer\u00e4sleidit \u2013 kuin viimeist\u00e4 p\u00e4iv\u00e4\u00e4\n<\/p>\n<p class=\"section-date\">\n        <strong class=\"article-section\" data-section=\"katso\"><br \/>\n            katso<br \/>\n        <\/strong><br \/>\n        20.12.2025 13:15\n    <\/p>\n<p>Pamela Tola: T\u00e4st\u00e4 syyst\u00e4 Ter\u00e4sleidien jatko-osa oli j\u00e4\u00e4d\u00e4 tekem\u00e4tt\u00e4\n    <\/p>\n<p itemprop=\"description\" class=\"subtitle \">\n    Ohjaaja-k\u00e4sikirjoittaja-n\u00e4yttelij\u00e4 Pamela Tolan mukaan hyv\u00e4n komedian ei tarvitse naurattaa.\n<\/p>\n<p>        <\/a><\/p>\n<p>Ei valoa tunnelin p\u00e4\u00e4ss\u00e4<\/p>\n<p class=\"article-content article-content-width !bg-background\">Sanna-Kaisan roolity\u00f6 Railin () k\u00e4skytett\u00e4v\u00e4n\u00e4 olevana Kerttuna nojaa suuriin teemoihin.<\/p>\n<p class=\"article-content article-content-width !bg-background\">\u2013 Yksin\u00e4isyys kulkee minun mielest\u00e4ni l\u00e4pi koko elokuvan. Sek\u00e4 kuvallisesti ett\u00e4 repliikeiss\u00e4, Sanna-Kaisa analysoi.<\/p>\n<p class=\"article-content article-content-width !bg-background\">\u2013 T\u00e4n\u00e4 p\u00e4iv\u00e4n\u00e4 ihmiset ovat oikeassakin el\u00e4m\u00e4ss\u00e4 koko ajan v\u00e4h\u00e4n yksin, vaikkeivat sit\u00e4 aina my\u00f6nn\u00e4k\u00e4\u00e4n. N\u00e4in on valitettavasti varsinkin i\u00e4kk\u00e4\u00e4mpien ihmisten kohdalla.<\/p>\n<p>                <img decoding=\"async\" src=\"https:\/\/www.europesays.com\/fi\/wp-content\/uploads\/2026\/01\/2034333.webp.jpeg\" width=\"576\" height=\"274\" alt=\"Raili (Seela Sella) on j\u00e4lleen tylyn\u00e4 ja kovana, mukaan ajautunut Kerttu (Sanna-Kaisa Palo) j\u00e4nnitt\u00e4\u00e4 vieress\u00e4.\" loading=\"lazy\" \/>            <\/p>\n<p>\n            Raili (Seela Sella) on j\u00e4lleen tylyn\u00e4 ja kovana, mukaan ajautunut Kerttu (Sanna-Kaisa Palo) j\u00e4nnitt\u00e4\u00e4 vieress\u00e4.<br \/>\n            Laura Mainiemi \/ Helsinki Filmi\n        <\/p>\n<p class=\"article-content article-content-width !bg-background\">Tilannetta ei monesti auta edes se, vaikka olisi elokuvan Inkerin () tavoin hoivapaikka laitoksessa.<\/p>\n<p class=\"article-content article-content-width !bg-background\">\u2013 Ei siell\u00e4 hoitajat v\u00e4ltt\u00e4m\u00e4tt\u00e4 ehdi kuin heitt\u00e4\u00e4 pillerit asiakkaiden suuhun. Makaat koko p\u00e4iv\u00e4n yksin ja sitten k\u00e4rr\u00e4t\u00e4\u00e4n aulaan katsomaan uutisia, Sanna-Kaisa kuvailee.<\/p>\n<p>        <a itemprop=\"url\" href=\"https:\/\/www.seiska.fi\/katso\/elokuva-arvio-terasleidit-jatko-osan-huumori-viuhuu-kuin-ruoska\/2017944\" rel=\"nofollow noopener\" target=\"_blank\"><\/p>\n<p>\nTer\u00e4sleidit \u2013 kuin viimeist\u00e4 p\u00e4iv\u00e4\u00e4\n<\/p>\n<p class=\"section-date\">\n        <strong class=\"article-section\" data-section=\"katso\"><br \/>\n            katso<br \/>\n        <\/strong><br \/>\n        23.12.2025 12:15\n    <\/p>\n<p>Elokuva-arvio: Ter\u00e4sleidit-jatko-osan huumori viuhuu kuin ruoska\n    <\/p>\n<p itemprop=\"description\" class=\"subtitle \">\n    Inkerin ja yst\u00e4vien toiviomatkat kes\u00e4isess\u00e4 Suomessa jatkuvat. Ter\u00e4sleidit-elokuvan jatko-osa saa ensi-iltansa 25. joulukuuta.\n<\/p>\n<p>        <\/a><\/p>\n<p class=\"article-content article-content-width !bg-background\">\u2013 Nykyisen hallituksen vuoksi ei n\u00e4y paljoa valoa tunnelin p\u00e4\u00e4ss\u00e4. Josko sielt\u00e4 v\u00e4h\u00e4n taas leikattaisiin. Kyll\u00e4h\u00e4n vanhuksilta voi leikata, kun he kuitenkin kohta kuolevat, Sanna-Kaisa jyr\u00e4ht\u00e4\u00e4.<\/p>\n<p class=\"italic m-italic article-content article-content-width !bg-background\">Ter\u00e4sleidit \u2013 kuin viimeist\u00e4 p\u00e4iv\u00e4\u00e4 elokuvateattereissa.<\/p>\n","protected":false},"excerpt":{"rendered":"Ter\u00e4sleidit. Sanna-Kaisa Palo. Atte Kajova Atte Kajova Monessa mukana ollut n\u00e4yttelij\u00e4 Sanna-Kaisa Palo hypp\u00e4si mukaan Ter\u00e4sleidit-menestyselokuvan jatko-osaan. Ter\u00e4sleidit&hellip;\n","protected":false},"author":2,"featured_media":139667,"comment_status":"","ping_status":"","sticky":false,"template":"","format":"standard","meta":{"footnotes":""},"categories":[130],"tags":[623,137,33,31,30,863,4399,10953,16681,14440,21219,32,8053,1743,109,9879],"class_list":{"0":"post-139666","1":"post","2":"type-post","3":"status-publish","4":"format-standard","5":"has-post-thumbnail","7":"category-viihde","8":"tag-elokuva","9":"tag-entertainment","10":"tag-fi","11":"tag-finland","12":"tag-finnish","13":"tag-hallitus","14":"tag-ikaantyminen","15":"tag-leikkaukset","16":"tag-paattajat","17":"tag-pamela-tola","18":"tag-sanna-kaisa-palo","19":"tag-suomi","20":"tag-terasleidit","21":"tag-vanhukset","22":"tag-viihde","23":"tag-yksinaisyys"},"share_on_mastodon":{"url":"https:\/\/pubeurope.com\/@fi\/115877424887651685","error":""},"_links":{"self":[{"href":"https:\/\/www.europesays.com\/fi\/wp-json\/wp\/v2\/posts\/139666","targetHints":{"allow":["GET"]}}],"collection":[{"href":"https:\/\/www.europesays.com\/fi\/wp-json\/wp\/v2\/posts"}],"about":[{"href":"https:\/\/www.europesays.com\/fi\/wp-json\/wp\/v2\/types\/post"}],"author":[{"embeddable":true,"href":"https:\/\/www.europesays.com\/fi\/wp-json\/wp\/v2\/users\/2"}],"replies":[{"embeddable":true,"href":"https:\/\/www.europesays.com\/fi\/wp-json\/wp\/v2\/comments?post=139666"}],"version-history":[{"count":0,"href":"https:\/\/www.europesays.com\/fi\/wp-json\/wp\/v2\/posts\/139666\/revisions"}],"wp:featuredmedia":[{"embeddable":true,"href":"https:\/\/www.europesays.com\/fi\/wp-json\/wp\/v2\/media\/139667"}],"wp:attachment":[{"href":"https:\/\/www.europesays.com\/fi\/wp-json\/wp\/v2\/media?parent=139666"}],"wp:term":[{"taxonomy":"category","embeddable":true,"href":"https:\/\/www.europesays.com\/fi\/wp-json\/wp\/v2\/categories?post=139666"},{"taxonomy":"post_tag","embeddable":true,"href":"https:\/\/www.europesays.com\/fi\/wp-json\/wp\/v2\/tags?post=139666"}],"curies":[{"name":"wp","href":"https:\/\/api.w.org\/{rel}","templated":true}]}}