{"id":139674,"date":"2026-01-11T16:35:07","date_gmt":"2026-01-11T16:35:07","guid":{"rendered":"https:\/\/www.europesays.com\/fi\/139674\/"},"modified":"2026-01-11T16:35:07","modified_gmt":"2026-01-11T16:35:07","slug":"nato-komentaja-paljastaa-mita-katalaa-venaja-puuhaa-on-syntynyt-vaarallinen-liitto","status":"publish","type":"post","link":"https:\/\/www.europesays.com\/fi\/139674\/","title":{"rendered":"Nato-komentaja paljastaa, mit\u00e4 katalaa Ven\u00e4j\u00e4 puuhaa \u2013 On syntynyt vaarallinen liitto"},"content":{"rendered":"<p>\u201dHe tekev\u00e4t siell\u00e4 syvyyskartoituksia ja yritt\u00e4v\u00e4t selvitt\u00e4\u00e4, miten he pystyisiv\u00e4t peittoamaan Naton suorituskyvyt\u201d, Naton Euroopan joukkojen komentaja Alexus G. Grynkewich kertoo.<\/p>\n<p><img decoding=\"async\" class=\"image image-show image-preview\" src=\"https:\/\/www.europesays.com\/fi\/wp-content\/uploads\/2026\/01\/f1e9410b606513c41e4cdff7903fb03e9955bb0378024108a5976db74fd32309.jpg\" alt=\"\"\/><img decoding=\"async\" class=\"image image-show\" src=\"https:\/\/www.europesays.com\/fi\/wp-content\/uploads\/2026\/01\/1768149307_288_f1e9410b606513c41e4cdff7903fb03e9955bb0378024108a5976db74fd32309.jpg\" alt=\"\"\/><\/p>\n<p>\u201dVen\u00e4l\u00e4iset ja kiinalaiset alukset suorittavat enemm\u00e4n ja enemm\u00e4n yhteispartiointia\u201d, Naton Euroopan joukkojen komentaja Alexus G. Grynkewich kertoo. evelina carborn<\/p>\n<p class=\"paragraph\">Naton Euroopan joukkojen komentaja <strong>Alexus G. Grynkewich<\/strong> kertoo, mit\u00e4 ven\u00e4l\u00e4iset ja kiinalaiset yritt\u00e4v\u00e4t parhaillaan tehd\u00e4 arktisilla alueilla.<\/p>\n<p class=\"paragraph\">\u2013 Kiinalaiset alukset partioivat yhdess\u00e4 ven\u00e4l\u00e4isten kanssa, eiv\u00e4tk\u00e4 he partioi ainoastaan Ven\u00e4j\u00e4n pohjoisrannikolla vaan my\u00f6s Alaskan pohjoispuolella ja Kanadan l\u00e4hell\u00e4. Sit\u00e4 ei tehd\u00e4 rauhanomaisia tarkoituksia varten, kenraali Grynkewich sanoo S\u00e4leniss\u00e4.<\/p>\n<p class=\"paragraph\">Grynkewich korostaa, ett\u00e4 ei pid\u00e4 uskoa Kiinaa ja Ven\u00e4j\u00e4\u00e4, jos maat kertovat itse alustensa merellisest\u00e4 toiminnasta.<\/p>\n<p class=\"paragraph\">\u2013 Eiv\u00e4t he ole siell\u00e4 tutkimassa hylkeit\u00e4 tai j\u00e4\u00e4karhuja.<\/p>\n<p class=\"paragraph\">Nato-komentaja sanoo suoraan, mik\u00e4 on puolustusliiton arvio.<\/p>\n<p class=\"paragraph\">\u2013 He tekev\u00e4t siell\u00e4 syvyyskartoituksia ja yritt\u00e4v\u00e4t selvitt\u00e4\u00e4, miten he pystyisiv\u00e4t peittoamaan Naton suorituskyvyt meren pinnalla ja pinnan alla, Grynkewich paljastaa.<\/p>\n<p class=\"paragraph\">Ven\u00e4j\u00e4n ja Kiinan arktisille Nato-maille aiheuttama sotilaallinen uhka voi Grynkewichin mukaan nousta nopeasti.<\/p>\n<p class=\"paragraph\">\u2013 Meid\u00e4n on oltava tietoisia siit\u00e4, ett\u00e4 uhka voi kasvaa eritt\u00e4in nopeasti. Meid\u00e4n on oltava valmiina vastaamaan siihen.<\/p>\n<p>Vaarallinen liitto<\/p>\n<p class=\"paragraph\">Grynkewich arvioi, ett\u00e4 Kiina ja Ven\u00e4j\u00e4 ovat jo k\u00e4yt\u00e4nn\u00f6ss\u00e4 liittoutuneet sotilaallisesti arktisilla alueilla. Se huolestuttaa h\u00e4nt\u00e4, sill\u00e4 ainakin ven\u00e4l\u00e4iset pit\u00e4v\u00e4t Nato-maita vihollisinaan.<\/p>\n<p class=\"paragraph\">\u2013 Ven\u00e4l\u00e4iset ja kiinalaiset alukset suorittavat enemm\u00e4n ja enemm\u00e4n yhteispartiointia.<\/p>\n<p class=\"paragraph\">Monet siviilialuksilta n\u00e4ytt\u00e4v\u00e4t laivat ovat Naton komentajan mukaan todellisuudessa sotilasaluksia.<\/p>\n<p class=\"paragraph\">\u2013 Kiinalaiset j\u00e4\u00e4nmurtajat ja tutkimusalukset ovat arktisilla vesill\u00e4, eiv\u00e4tk\u00e4 ne tee tutkimuksiaan rauhanomaisiin tarkoituksiin. Tavoitteena on sotilaallisten etujen saavuttaminen, Grynkewich analysoi.<\/p>\n<p class=\"paragraph\">Samaan aikaan Ven\u00e4j\u00e4 testaa uusien asej\u00e4rjestelmiens\u00e4 toimivuutta pohjoisissa olosuhteissa.<\/p>\n<p class=\"paragraph\">\u2013 Ven\u00e4j\u00e4 jatkaa kehittyneiden suorituskykyjens\u00e4 testaamista Barentsinmerell\u00e4.<\/p>\n<p>Kenraali Alexus G. Grynkewich saapui S\u00e4leniin hyv\u00e4ntuulisena. H\u00e4n luottaa Ven\u00e4j\u00e4n kunnioittavan Naton voimaa. evelina carborn<\/p>\n<p>Uusi etulinja<\/p>\n<p class=\"paragraph\">Ilmaston l\u00e4mpeneminen kasvattaa pohjoisiin Nato-maihin kohdistuvaa uhkaa.<\/p>\n<p class=\"paragraph\">\u2013 Kun syntyy uusia laivareittej\u00e4 ja l\u00f6ydet\u00e4\u00e4n luonnonvaroja, arktisen alueen strateginen merkitys vain kasvaa. Kiteytetysti arktinen alue \u2013 ja sen seurauksena Pohjois-Eurooppa \u2013 on muuttunut strategisen kilpailun etulinjaksi, Grynkewich t\u00e4hdent\u00e4\u00e4.<\/p>\n<p class=\"paragraph\">Grynkewich pit\u00e4\u00e4 ep\u00e4todenn\u00e4k\u00f6isen\u00e4, ett\u00e4 Ven\u00e4j\u00e4 uskaltaisi ainakaan l\u00e4hitulevaisuudessa testata Natoa hy\u00f6kk\u00e4\u00e4m\u00e4ll\u00e4 johonkin puolustusliiton j\u00e4senmaahan.<\/p>\n<p class=\"paragraph\">Euroopan joukkojen p\u00e4\u00e4majassa tehd\u00e4\u00e4n Grynkewichin mukaan jatkuvasti toimenpiteit\u00e4, jotka vahvistavat Naton ennaltaehk\u00e4isev\u00e4\u00e4 pelotetta arktisilla alueilla.<\/p>\n<p class=\"paragraph\">\u2013 Ven\u00e4j\u00e4 on tietoinen liittokunnan uskomattomasta voimasta, kenraali luottaa.<\/p>\n","protected":false},"excerpt":{"rendered":"\u201dHe tekev\u00e4t siell\u00e4 syvyyskartoituksia ja yritt\u00e4v\u00e4t selvitt\u00e4\u00e4, miten he pystyisiv\u00e4t peittoamaan Naton suorituskyvyt\u201d, Naton Euroopan joukkojen komentaja Alexus&hellip;\n","protected":false},"author":2,"featured_media":139675,"comment_status":"","ping_status":"","sticky":false,"template":"","format":"standard","meta":{"footnotes":""},"categories":[14],"tags":[35,802,22,23,26,27,33,31,30,17,24,25,803,28,29,15,18,21,878,2535,32,19,20,56,16,872,59,60,61],"class_list":{"0":"post-139674","1":"post","2":"type-post","3":"status-publish","4":"format-standard","5":"has-post-thumbnail","7":"category-ulkomaat","8":"tag-24h","9":"tag-armeijat-ja-aseelliset-joukot","10":"tag-breaking-news","11":"tag-breakingnews","12":"tag-featured-news","13":"tag-featurednews","14":"tag-fi","15":"tag-finland","16":"tag-finnish","17":"tag-headlines","18":"tag-latest-news","19":"tag-latestnews","20":"tag-levottomuudet-ja-sodat","21":"tag-main-news","22":"tag-mainnews","23":"tag-news","24":"tag-otsikot","25":"tag-paauutiset","26":"tag-puolustus-ja-rajavalvonta-maanpuolustus","27":"tag-puolustuspolitiikka","28":"tag-suomi","29":"tag-top-stories","30":"tag-topstories","31":"tag-ulkomaat","32":"tag-uutiset","33":"tag-vesistot","34":"tag-world","35":"tag-world-news","36":"tag-worldnews"},"share_on_mastodon":{"url":"https:\/\/pubeurope.com\/@fi\/115877440655716571","error":""},"_links":{"self":[{"href":"https:\/\/www.europesays.com\/fi\/wp-json\/wp\/v2\/posts\/139674","targetHints":{"allow":["GET"]}}],"collection":[{"href":"https:\/\/www.europesays.com\/fi\/wp-json\/wp\/v2\/posts"}],"about":[{"href":"https:\/\/www.europesays.com\/fi\/wp-json\/wp\/v2\/types\/post"}],"author":[{"embeddable":true,"href":"https:\/\/www.europesays.com\/fi\/wp-json\/wp\/v2\/users\/2"}],"replies":[{"embeddable":true,"href":"https:\/\/www.europesays.com\/fi\/wp-json\/wp\/v2\/comments?post=139674"}],"version-history":[{"count":0,"href":"https:\/\/www.europesays.com\/fi\/wp-json\/wp\/v2\/posts\/139674\/revisions"}],"wp:featuredmedia":[{"embeddable":true,"href":"https:\/\/www.europesays.com\/fi\/wp-json\/wp\/v2\/media\/139675"}],"wp:attachment":[{"href":"https:\/\/www.europesays.com\/fi\/wp-json\/wp\/v2\/media?parent=139674"}],"wp:term":[{"taxonomy":"category","embeddable":true,"href":"https:\/\/www.europesays.com\/fi\/wp-json\/wp\/v2\/categories?post=139674"},{"taxonomy":"post_tag","embeddable":true,"href":"https:\/\/www.europesays.com\/fi\/wp-json\/wp\/v2\/tags?post=139674"}],"curies":[{"name":"wp","href":"https:\/\/api.w.org\/{rel}","templated":true}]}}