{"id":139676,"date":"2026-01-11T16:36:07","date_gmt":"2026-01-11T16:36:07","guid":{"rendered":"https:\/\/www.europesays.com\/fi\/139676\/"},"modified":"2026-01-11T16:36:07","modified_gmt":"2026-01-11T16:36:07","slug":"ruotsi-paatti-miljardipanostuksesta-ilmapuolustukseen-hs-fi","status":"publish","type":"post","link":"https:\/\/www.europesays.com\/fi\/139676\/","title":{"rendered":"Ruotsi p\u00e4\u00e4tti miljardipanostuksesta ilmapuolustukseen | HS.fi"},"content":{"rendered":"<p>S\u00e4lenin turvallisuuskonferenssi|Ruotsi kertoi uusista panostuksista siviili- ja sotilas\u00adinfrastruktuurin suojelemiseksi.<\/p>\n<p class=\"article-body mb-nof-24 px-nof-16\">Ruotsin hallitus aikoo sijoittaa 15 miljardia kruunua eli noin 1,4 miljardia euroa lis\u00e4\u00e4 ilmapuolustuksen parantamiseen.<\/p>\n<p class=\"article-body mb-nof-24 px-nof-16\">Hallitus kertoi asiasta sunnuntaina S\u00e4leniss\u00e4 j\u00e4rjestett\u00e4v\u00e4ss\u00e4 vuosittaisessa turvallisuus\u00adkonferenssissa. Hankinnoilla on aikeena suojata aiempaa paremmin sek\u00e4 siviili- ett\u00e4 sotilasinfrastruktuuria.<\/p>\n<p class=\"article-body mb-nof-24 px-nof-16\">Kyse on muun muassa kaupunkien, siltojen, junaratojen ja energia\u00adinfrastruktuurin suojelusta, p\u00e4\u00e4ministeri <a class=\"font-bold underline-offset-[0.12em] [text-decoration:var(--person-link-text-decoration)] ![text-decoration-color:var(--person-link-text-decoration-color)]\" href=\"https:\/\/www.hs.fi\/haku\/?query=Ulf%20Kristersson\" rel=\"nofollow noopener\" target=\"_blank\">Ulf Kristersson<\/a> ja puolustusministeri<a class=\"font-bold underline-offset-[0.12em] [text-decoration:var(--person-link-text-decoration)] ![text-decoration-color:var(--person-link-text-decoration-color)]\" href=\"https:\/\/www.hs.fi\/haku\/?query=%20P%C3%A5l%20Jonson\" rel=\"nofollow noopener\" target=\"_blank\"> P\u00e5l Jonson<\/a> kertoivat yhteisess\u00e4 tiedotustilaisuudessa.<\/p>\n<p class=\"article-body mb-nof-24 px-nof-16\">Panostukset keskitet\u00e4\u00e4n lyhyen matkan torjuntakykyihin, joilla voidaan torjua esimerkiksi helikoptereita, risteilyohjuksia ja drooneja.<\/p>\n<p class=\"article-body mb-nof-24 px-nof-16\">Jonson korosti, ett\u00e4 ilmapuolustukseen on nyt panostettava laajasti kaikkialla Natossa. H\u00e4n muistutti, ett\u00e4 kykyj\u00e4 olisi Naton p\u00e4\u00e4sihteerin<a class=\"font-bold underline-offset-[0.12em] [text-decoration:var(--person-link-text-decoration)] ![text-decoration-color:var(--person-link-text-decoration-color)]\" href=\"https:\/\/www.hs.fi\/haku\/?query=%20Mark%20Rutten\" rel=\"nofollow noopener\" target=\"_blank\"> Mark Rutten<\/a> laskemien mukaan kasvatettava yhteens\u00e4 400 prosenttia.<\/p>\n<p class=\"article-body mb-nof-24 px-nof-16\">Ukrainan sodasta on opittu, ett\u00e4 ilmapuolustukseen panostaminen on erityisen t\u00e4rke\u00e4\u00e4, Jonson sanoi.<\/p>\n<p class=\"article-body mb-nof-24 px-nof-16\">Ruotsin hallitus on jo aiemmin kaudellaan p\u00e4\u00e4tt\u00e4nyt suurista panostuksista ilmapuolustuksen parantamiseen.<\/p>\n<p class=\"article-body mb-nof-24 px-nof-16\">Ruotsin puolustusmenot ovat hallituksen mukaan nousemassa 2,8 prosenttiin suhteessa bruttokansan\u00adtuotteeseen vuonna 2026.<\/p>\n","protected":false},"excerpt":{"rendered":"S\u00e4lenin turvallisuuskonferenssi|Ruotsi kertoi uusista panostuksista siviili- ja sotilas\u00adinfrastruktuurin suojelemiseksi. Ruotsin hallitus aikoo sijoittaa 15 miljardia kruunua eli noin&hellip;\n","protected":false},"author":2,"featured_media":139677,"comment_status":"","ping_status":"","sticky":false,"template":"","format":"standard","meta":{"footnotes":""},"categories":[12],"tags":[22,23,26,27,33,31,30,17,46,24,25,28,29,15,18,21,32,19,20,16],"class_list":{"0":"post-139676","1":"post","2":"type-post","3":"status-publish","4":"format-standard","5":"has-post-thumbnail","7":"category-suomi","8":"tag-breaking-news","9":"tag-breakingnews","10":"tag-featured-news","11":"tag-featurednews","12":"tag-fi","13":"tag-finland","14":"tag-finnish","15":"tag-headlines","16":"tag-helsingin-sanomat","17":"tag-latest-news","18":"tag-latestnews","19":"tag-main-news","20":"tag-mainnews","21":"tag-news","22":"tag-otsikot","23":"tag-paauutiset","24":"tag-suomi","25":"tag-top-stories","26":"tag-topstories","27":"tag-uutiset"},"share_on_mastodon":{"url":"https:\/\/pubeurope.com\/@fi\/115877444561130729","error":""},"_links":{"self":[{"href":"https:\/\/www.europesays.com\/fi\/wp-json\/wp\/v2\/posts\/139676","targetHints":{"allow":["GET"]}}],"collection":[{"href":"https:\/\/www.europesays.com\/fi\/wp-json\/wp\/v2\/posts"}],"about":[{"href":"https:\/\/www.europesays.com\/fi\/wp-json\/wp\/v2\/types\/post"}],"author":[{"embeddable":true,"href":"https:\/\/www.europesays.com\/fi\/wp-json\/wp\/v2\/users\/2"}],"replies":[{"embeddable":true,"href":"https:\/\/www.europesays.com\/fi\/wp-json\/wp\/v2\/comments?post=139676"}],"version-history":[{"count":0,"href":"https:\/\/www.europesays.com\/fi\/wp-json\/wp\/v2\/posts\/139676\/revisions"}],"wp:featuredmedia":[{"embeddable":true,"href":"https:\/\/www.europesays.com\/fi\/wp-json\/wp\/v2\/media\/139677"}],"wp:attachment":[{"href":"https:\/\/www.europesays.com\/fi\/wp-json\/wp\/v2\/media?parent=139676"}],"wp:term":[{"taxonomy":"category","embeddable":true,"href":"https:\/\/www.europesays.com\/fi\/wp-json\/wp\/v2\/categories?post=139676"},{"taxonomy":"post_tag","embeddable":true,"href":"https:\/\/www.europesays.com\/fi\/wp-json\/wp\/v2\/tags?post=139676"}],"curies":[{"name":"wp","href":"https:\/\/api.w.org\/{rel}","templated":true}]}}