{"id":139681,"date":"2026-01-11T16:49:08","date_gmt":"2026-01-11T16:49:08","guid":{"rendered":"https:\/\/www.europesays.com\/fi\/139681\/"},"modified":"2026-01-11T16:49:08","modified_gmt":"2026-01-11T16:49:08","slug":"toni-nieminen-julkaisi-paidattoman-videon-kokkaustreffeista-janet-rakkaansa-kanssa-janne-ahoselta-hervoton-kuitti","status":"publish","type":"post","link":"https:\/\/www.europesays.com\/fi\/139681\/","title":{"rendered":"Toni Nieminen julkaisi paidattoman videon kokkaustreffeist\u00e4 Janet-rakkaansa kanssa \u2013 Janne Ahoselta hervoton kuitti"},"content":{"rendered":"<p>Toni Nieminen ja Janet-rakas nauttivat yhdess\u00e4 romanttisen illallisen. Nieminen kommentoi lyhyesti Iltalehdelle kaksikon v\u00e4lej\u00e4.<\/p>\n<p><img decoding=\"async\" class=\"image image-show image-preview\" src=\"https:\/\/www.europesays.com\/fi\/wp-content\/uploads\/2026\/01\/df57ce9f1259ad98d2ba7a07c8b7038d0564028178c492a8e38165eb4dc197f8.jpg\" alt=\"\"\/><img decoding=\"async\" class=\"image image-show\" src=\"https:\/\/www.europesays.com\/fi\/wp-content\/uploads\/2026\/01\/1768150148_37_df57ce9f1259ad98d2ba7a07c8b7038d0564028178c492a8e38165eb4dc197f8.jpg\" alt=\"\"\/><\/p>\n<p>Toni Nieminen ja Janet Kulmala ovat pit\u00e4neet yht\u00e4 vuodesta 2020. Matti Matikainen<\/p>\n<p class=\"paragraph\">M\u00e4kihypyn olympiavoittaja <a href=\"https:\/\/www.iltalehti.fi\/henkilot\/Toni Nieminen\" class=\"article-link-person-page\" rel=\"nofollow noopener\" target=\"_blank\">Toni Nieminen<\/a> ja h\u00e4nen kihlattunaan tunnettu <strong>Janet Kulmala<\/strong> viihtyv\u00e4t j\u00e4lleen yhdess\u00e4.<\/p>\n<p class=\"paragraph\">Nieminen julkaisi lauantaina 10. tammikuuta <a href=\"https:\/\/www.facebook.com\/reel\/1196221575569088?locale=fi_FI\" target=\"_blank\" rel=\"noopener nofollow\">Facebook<\/a>&#8211; ja Instagram-tileill\u00e4\u00e4n videon kaksikon treffeist\u00e4. Pelkk\u00e4\u00e4n pyyhkeeseen sonnustautunut Nieminen kokkaa hellan \u00e4\u00e4rell\u00e4 spagettia ja kastiketta.<\/p>\n<p class=\"paragraph\">\u2013 Ruokatreffit. Ja m\u00e4 en leiponut, Nieminen kirjoittaa julkaisun yhteyteen.<\/p>\n<p class=\"paragraph\"><a href=\"https:\/\/www.facebook.com\/reel\/1196221575569088\" target=\"_blank\" rel=\"noopener nofollow\">Videolla<\/a> n\u00e4kyy, ett\u00e4 Niemisen vasemmassa nimett\u00f6m\u00e4ss\u00e4 komeilee sormus. T\u00e4m\u00e4 voisi viitata siihen, ett\u00e4 kihlaus on voimassa.<\/p>\n<p class=\"paragraph\">Kommenttikent\u00e4ss\u00e4 Niemisen kokkailut ker\u00e4\u00e4v\u00e4t kiitosta. My\u00f6s m\u00e4kilegenda <a href=\"https:\/\/www.iltalehti.fi\/henkilot\/Janne Ahonen\" class=\"article-link-person-page\" rel=\"nofollow noopener\" target=\"_blank\">Janne Ahonen<\/a> antoi oman panoksensa keskusteluun.<\/p>\n<p class=\"paragraph\">\u2013 No ei se ihan <a href=\"https:\/\/www.iltalehti.fi\/henkilot\/Harri Syrj\u00e4nen\" class=\"article-link-person-page\" rel=\"nofollow noopener\" target=\"_blank\">Harri Syrj\u00e4nen<\/a> ole, mutta hyv\u00e4lt\u00e4 n\u00e4ytt\u00e4\u00e4, Ahonen veistelee.<\/p>\n<p class=\"paragraph\">Iltalehti tavoitti nauravaisen Niemisen kommentoimaan lauantaisia treffej\u00e4. Kysytt\u00e4ess\u00e4 h\u00e4nen ja Janetin suhteen tilasta Nieminen pysyy v\u00e4h\u00e4sanaisena.<\/p>\n<p class=\"paragraph\">\u2013 Kaikki on hyvin, h\u00e4n tiivist\u00e4\u00e4.<\/p>\n<p class=\"paragraph\">Toni Nieminen meni vuonna 2021 kihloihin Janet-rakkaansa kanssa. Lokakuussa 2025 Niemisen suhdeasiat nousivat otsikoihin, kun h\u00e4n pelmahti Ravintola Oivan seurapiiritapahtumaan tuntemattoman naisen kanssa. Nieminen kertoi tuolloin saapuneensa tilaisuuteen <strong>Nonna<\/strong>-yst\u00e4v\u00e4ns\u00e4 kanssa, jonka h\u00e4n on tuntenut parin vuoden ajan hevospiireist\u00e4.<\/p>\n<p class=\"paragraph\">\u2013 En tullut kommentoimaan minun parisuhdeasioitani sen enemp\u00e4\u00e4. Ne eiv\u00e4t minun mielest\u00e4ni kuulu kenellek\u00e4\u00e4n, Nieminen sanoi tapahtumassa.<\/p>\n<p class=\"paragraph\">Tuolloin Nieminen ei halunnut kommentoida kihlauksen voimassaoloa, eik\u00e4 h\u00e4n ollut t\u00e4ysin varma Janetin kuulumisista.<\/p>\n<p class=\"paragraph\">Joulukuussa Nieminen ja Janet-rakas edustivat yhdess\u00e4 Vanajanlinnan itsen\u00e4isyysp\u00e4iv\u00e4juhlassa. Kaksikko kommentoi tuolloinkin <a href=\"https:\/\/www.is.fi\/viihde\/art-2000011672630.html\" target=\"_blank\" rel=\"noopener nofollow\">Ilta-Sanomille<\/a> \u201dkaiken olevan hyvin\u201d.<\/p>\n<p>Toni Nieminen saapui lokakuussa median eteen Nonna-yst\u00e4v\u00e4ns\u00e4 kanssa. Jukka Vaso<\/p>\n","protected":false},"excerpt":{"rendered":"Toni Nieminen ja Janet-rakas nauttivat yhdess\u00e4 romanttisen illallisen. Nieminen kommentoi lyhyesti Iltalehdelle kaksikon v\u00e4lej\u00e4. Toni Nieminen ja Janet&hellip;\n","protected":false},"author":2,"featured_media":139682,"comment_status":"","ping_status":"","sticky":false,"template":"","format":"standard","meta":{"footnotes":""},"categories":[136],"tags":[35,1075,1074,407,137,33,31,30,1208,3007,3674,408,32,109],"class_list":{"0":"post-139681","1":"post","2":"type-post","3":"status-publish","4":"format-standard","5":"has-post-thumbnail","7":"category-julkkikset","8":"tag-24h","9":"tag-avioliitto","10":"tag-avioliitto-ja-parisuhde","11":"tag-celebrities","12":"tag-entertainment","13":"tag-fi","14":"tag-finland","15":"tag-finnish","16":"tag-haat","17":"tag-henkilokohtaiset-juhlat-ja-elamantapahtumat","18":"tag-juhla-ja-vapaapaivat","19":"tag-julkkikset","20":"tag-suomi","21":"tag-viihde"},"share_on_mastodon":{"url":"https:\/\/pubeurope.com\/@fi\/115877495638707077","error":""},"_links":{"self":[{"href":"https:\/\/www.europesays.com\/fi\/wp-json\/wp\/v2\/posts\/139681","targetHints":{"allow":["GET"]}}],"collection":[{"href":"https:\/\/www.europesays.com\/fi\/wp-json\/wp\/v2\/posts"}],"about":[{"href":"https:\/\/www.europesays.com\/fi\/wp-json\/wp\/v2\/types\/post"}],"author":[{"embeddable":true,"href":"https:\/\/www.europesays.com\/fi\/wp-json\/wp\/v2\/users\/2"}],"replies":[{"embeddable":true,"href":"https:\/\/www.europesays.com\/fi\/wp-json\/wp\/v2\/comments?post=139681"}],"version-history":[{"count":0,"href":"https:\/\/www.europesays.com\/fi\/wp-json\/wp\/v2\/posts\/139681\/revisions"}],"wp:featuredmedia":[{"embeddable":true,"href":"https:\/\/www.europesays.com\/fi\/wp-json\/wp\/v2\/media\/139682"}],"wp:attachment":[{"href":"https:\/\/www.europesays.com\/fi\/wp-json\/wp\/v2\/media?parent=139681"}],"wp:term":[{"taxonomy":"category","embeddable":true,"href":"https:\/\/www.europesays.com\/fi\/wp-json\/wp\/v2\/categories?post=139681"},{"taxonomy":"post_tag","embeddable":true,"href":"https:\/\/www.europesays.com\/fi\/wp-json\/wp\/v2\/tags?post=139681"}],"curies":[{"name":"wp","href":"https:\/\/api.w.org\/{rel}","templated":true}]}}