{"id":139687,"date":"2026-01-11T16:57:07","date_gmt":"2026-01-11T16:57:07","guid":{"rendered":"https:\/\/www.europesays.com\/fi\/139687\/"},"modified":"2026-01-11T16:57:07","modified_gmt":"2026-01-11T16:57:07","slug":"essi-hellenin-siiri-tytar-tahdittaa-uutta-supermarsu-elokuvaa","status":"publish","type":"post","link":"https:\/\/www.europesays.com\/fi\/139687\/","title":{"rendered":"Essi Hell\u00e9nin Siiri-tyt\u00e4r t\u00e4hditt\u00e4\u00e4 uutta Supermarsu-elokuvaa"},"content":{"rendered":"<p>\n  Essi Hell\u00e9nin tyt\u00e4r Siiri Virtanen kertoo saaneensa \u00e4idilt\u00e4\u00e4n ohjeita repliikkien lausumiseen.<\/p>\n<p>\n            Teksti:          <\/p>\n<p>\n            Linda Martikainen          <\/p>\n<p>N\u00e4yttelij\u00e4pari <strong>Essi Hell\u00e9nin<\/strong> ja <strong>Mikko Virtasen<\/strong> tyt\u00e4r <strong>Siiri Virtanen<\/strong> on yksi Supermarsu ja suuri huijaus -elokuvan p\u00e4\u00e4t\u00e4hdist\u00e4, sill\u00e4 Siiri esitt\u00e4\u00e4 elokuvassa Emiliaa. <\/p>\n<p>Elokuvassa n\u00e4yttelee my\u00f6s Essi. \u00c4iti ja tyt\u00e4r olivat varautuneet juhlailtaan asiaan kuuluvin menoin. <\/p>\n<p>\u201dOstimme mekon ja korkkarit. Rakkoja ei ole onneksi tullut! Sain skipata koulun t\u00e4n\u00e4\u00e4n, mik\u00e4 on tosi kiva\u201d, Siiri jutteli kutsuvierasensi-illassa Tennispalatsissa Helsingiss\u00e4. <\/p>\n<p>Essi-\u00e4iti antoi vinkkej\u00e4 tytt\u00e4relleen<\/p>\n<p>Essi Hell\u00e9n kertoi olevansa tytt\u00e4rest\u00e4\u00e4n hurjan ylpe\u00e4.<\/p>\n<p>\u201dKaikilla lapsilla on t\u00e4ss\u00e4 uskomattoman luontevaa n\u00e4yttelemist\u00e4. Olen siit\u00e4 ylpe\u00e4. Koen lapsia kunnioittavana, ett\u00e4 he ovat ihan oikeita ihmisi\u00e4.\u201d<\/p>\n<p>Elokuva kuvattiin jo kes\u00e4ll\u00e4 2024. Mahtoiko \u00e4idilt\u00e4 tulla Siirille hyvi\u00e4 ohjeita? <\/p>\n<p>\u201dKun kuvasimme, repliikkeihin tuli hyvi\u00e4 vinkkej\u00e4, miten ne kannattaisi sanoa. En oikein muista, siit\u00e4 on jo niin kauan\u201d, Siiri mietti. <\/p>\n<p>Essin aviomies Mikko on my\u00f6s n\u00e4yttelij\u00e4, ja heid\u00e4n perheeseens\u00e4 kuuluu my\u00f6s Vihtori-poika. Olisiko koko perhe mahdollista joskus n\u00e4hd\u00e4 valkokankaalla?<\/p>\n<p>\u201dRiippuu, mit\u00e4 pikkuveli ajattelee. Never say never\u201d, Essi hymyili. <\/p>\n<p>T\u00e4ll\u00e4 hetkell\u00e4 Essin pit\u00e4\u00e4 kiireisen\u00e4 etenkin some.<\/p>\n<p>\u201dKatsotaan, mihin se vie!\u201d<\/p>\n<p><a href=\"https:\/\/seura.fi\/viihde\/julkkikset\/nayttelija-essi-hellen\/\" rel=\"nofollow noopener\" target=\"_blank\">Lue my\u00f6s: N\u00e4yttelij\u00e4 Essi Hell\u00e9n paljastaa tapansa, josta haluaa eroon \u2013 \u201dOn hirve\u00e4\u00e4, kun joku sanoo, ettei luota sinuun\u201d<\/a><\/p>\n<p>Mit\u00e4 muille kuuluu?<\/p>\n","protected":false},"excerpt":{"rendered":"Essi Hell\u00e9nin tyt\u00e4r Siiri Virtanen kertoo saaneensa \u00e4idilt\u00e4\u00e4n ohjeita repliikkien lausumiseen. Teksti: Linda Martikainen N\u00e4yttelij\u00e4pari Essi Hell\u00e9nin ja&hellip;\n","protected":false},"author":2,"featured_media":139688,"comment_status":"","ping_status":"","sticky":false,"template":"","format":"standard","meta":{"footnotes":""},"categories":[130],"tags":[137,4633,33,31,30,24198,10975,20522,2838,20524,32,20206,109],"class_list":{"0":"post-139687","1":"post","2":"type-post","3":"status-publish","4":"format-standard","5":"has-post-thumbnail","7":"category-viihde","8":"tag-entertainment","9":"tag-essi-hellen","10":"tag-fi","11":"tag-finland","12":"tag-finnish","13":"tag-jarkko-lahti","14":"tag-jonsu-salomaa","15":"tag-marc-gassot","16":"tag-paula-noronen","17":"tag-pelle-heikkila","18":"tag-suomi","19":"tag-supermarsu","20":"tag-viihde"},"share_on_mastodon":{"url":"https:\/\/pubeurope.com\/@fi\/115877527170732757","error":""},"_links":{"self":[{"href":"https:\/\/www.europesays.com\/fi\/wp-json\/wp\/v2\/posts\/139687","targetHints":{"allow":["GET"]}}],"collection":[{"href":"https:\/\/www.europesays.com\/fi\/wp-json\/wp\/v2\/posts"}],"about":[{"href":"https:\/\/www.europesays.com\/fi\/wp-json\/wp\/v2\/types\/post"}],"author":[{"embeddable":true,"href":"https:\/\/www.europesays.com\/fi\/wp-json\/wp\/v2\/users\/2"}],"replies":[{"embeddable":true,"href":"https:\/\/www.europesays.com\/fi\/wp-json\/wp\/v2\/comments?post=139687"}],"version-history":[{"count":0,"href":"https:\/\/www.europesays.com\/fi\/wp-json\/wp\/v2\/posts\/139687\/revisions"}],"wp:featuredmedia":[{"embeddable":true,"href":"https:\/\/www.europesays.com\/fi\/wp-json\/wp\/v2\/media\/139688"}],"wp:attachment":[{"href":"https:\/\/www.europesays.com\/fi\/wp-json\/wp\/v2\/media?parent=139687"}],"wp:term":[{"taxonomy":"category","embeddable":true,"href":"https:\/\/www.europesays.com\/fi\/wp-json\/wp\/v2\/categories?post=139687"},{"taxonomy":"post_tag","embeddable":true,"href":"https:\/\/www.europesays.com\/fi\/wp-json\/wp\/v2\/tags?post=139687"}],"curies":[{"name":"wp","href":"https:\/\/api.w.org\/{rel}","templated":true}]}}