{"id":139689,"date":"2026-01-11T16:58:08","date_gmt":"2026-01-11T16:58:08","guid":{"rendered":"https:\/\/www.europesays.com\/fi\/139689\/"},"modified":"2026-01-11T16:58:08","modified_gmt":"2026-01-11T16:58:08","slug":"supermassiivinen-musta-aukko-syoksyy-avaruuteen-ennatysvauhdilla","status":"publish","type":"post","link":"https:\/\/www.europesays.com\/fi\/139689\/","title":{"rendered":"Supermassiivinen musta aukko sy\u00f6ksyy avaruuteen enn\u00e4tysvauhdilla"},"content":{"rendered":"<p>10.1. 21:30<\/p>\n<p class=\"article-body mb-nof-24 px-nof-16\">Nyt on vahvistunut, ett\u00e4 supermassiivinen musta aukko on karannut omille teilleen ja se kiit\u00e4\u00e4 hurjaa vauhtia kohti galaksien v\u00e4list\u00e4 avaruutta.<\/p>\n<p class=\"article-body mb-nof-24 px-nof-16\">Noin kymmenen miljoonan Auringon massaisen aukon nopeus on yli 950 kilometri\u00e4 sekunnissa. Se on jo noin 0,3 prosenttia valon nopeudesta. Mik\u00e4\u00e4n Aurinkokunnassa tai l\u00e4hiavaruudessa ei etene moista vauhtia.<\/p>\n","protected":false},"excerpt":{"rendered":"10.1. 21:30 Nyt on vahvistunut, ett\u00e4 supermassiivinen musta aukko on karannut omille teilleen ja se kiit\u00e4\u00e4 hurjaa vauhtia&hellip;\n","protected":false},"author":2,"featured_media":139690,"comment_status":"","ping_status":"","sticky":false,"template":"","format":"standard","meta":{"footnotes":""},"categories":[112],"tags":[157,33,31,30,118,32,119],"class_list":{"0":"post-139689","1":"post","2":"type-post","3":"status-publish","4":"format-standard","5":"has-post-thumbnail","7":"category-tiede","8":"tag-aamulehti","9":"tag-fi","10":"tag-finland","11":"tag-finnish","12":"tag-science","13":"tag-suomi","14":"tag-tiede"},"share_on_mastodon":{"url":"https:\/\/pubeurope.com\/@fi\/115877531007817663","error":""},"_links":{"self":[{"href":"https:\/\/www.europesays.com\/fi\/wp-json\/wp\/v2\/posts\/139689","targetHints":{"allow":["GET"]}}],"collection":[{"href":"https:\/\/www.europesays.com\/fi\/wp-json\/wp\/v2\/posts"}],"about":[{"href":"https:\/\/www.europesays.com\/fi\/wp-json\/wp\/v2\/types\/post"}],"author":[{"embeddable":true,"href":"https:\/\/www.europesays.com\/fi\/wp-json\/wp\/v2\/users\/2"}],"replies":[{"embeddable":true,"href":"https:\/\/www.europesays.com\/fi\/wp-json\/wp\/v2\/comments?post=139689"}],"version-history":[{"count":0,"href":"https:\/\/www.europesays.com\/fi\/wp-json\/wp\/v2\/posts\/139689\/revisions"}],"wp:featuredmedia":[{"embeddable":true,"href":"https:\/\/www.europesays.com\/fi\/wp-json\/wp\/v2\/media\/139690"}],"wp:attachment":[{"href":"https:\/\/www.europesays.com\/fi\/wp-json\/wp\/v2\/media?parent=139689"}],"wp:term":[{"taxonomy":"category","embeddable":true,"href":"https:\/\/www.europesays.com\/fi\/wp-json\/wp\/v2\/categories?post=139689"},{"taxonomy":"post_tag","embeddable":true,"href":"https:\/\/www.europesays.com\/fi\/wp-json\/wp\/v2\/tags?post=139689"}],"curies":[{"name":"wp","href":"https:\/\/api.w.org\/{rel}","templated":true}]}}