{"id":139693,"date":"2026-01-11T17:01:11","date_gmt":"2026-01-11T17:01:11","guid":{"rendered":"https:\/\/www.europesays.com\/fi\/139693\/"},"modified":"2026-01-11T17:01:11","modified_gmt":"2026-01-11T17:01:11","slug":"droonihavainto-oslon-lentoasemalla-ilta-sanomat","status":"publish","type":"post","link":"https:\/\/www.europesays.com\/fi\/139693\/","title":{"rendered":"Droonihavainto Oslon lentoasemalla &#8211; Ilta-Sanomat"},"content":{"rendered":"<p>Kiitotie suljettiin havainnon takia.<\/p>\n<p class=\"article-body mb-nof-24 px-nof-16\">Oslon lentoasemalla havaittiin sunnuntaina iltap\u00e4iv\u00e4ll\u00e4 drooni, norjalaismedia TV2 <a class=\"underline underline-offset-[0.12em] [text-decoration-thickness:var(--generic-link-underline-thickness)] [text-decoration-color:var(--generic-link-underline-color)] [text-decoration-skip-ink:var(--generic-link-underline-skip-ink)] break-words\" href=\"https:\/\/www.tv2.no\/direkte\/jpybz\/siste-nytt\/6963a152cbf6dec08cfaced1\/politiet-rullebane-pa-gardermoen-apnet-igjen\" rel=\"nofollow noopener\" target=\"_blank\">kertoo<\/a>.<\/p>\n<p class=\"article-body mb-nof-24 px-nof-16\">Droonihavainto tehtiin lentoaseman yll\u00e4pidosta vastaavan Avinor-yhti\u00f6n mukaan hieman ennen kahta iltap\u00e4iv\u00e4ll\u00e4 paikallista aikaa. Havainnosta ilmoitettiin poliisille.<\/p>\n<p class=\"article-body mb-nof-24 px-nof-16\">Yksi lentoaseman kiitoteist\u00e4 suljettiin havainnon takia, Norjan poliisi kertoi TV2:n mukaan.<\/p>\n<p class=\"article-body mb-nof-24 px-nof-16\">Kiitotie saatiin avattua vain lyhyen katkon j\u00e4lkeen, TV2 kertoo. Norjan poliisin mukaan droonia tai sen lenn\u00e4tt\u00e4j\u00e4\u00e4 ei ole l\u00f6ydetty.<\/p>\n<p class=\"article-body mb-nof-24 px-nof-16\">Tapauksen kerrotaan aiheuttavan pieni\u00e4 viiv\u00e4styksi\u00e4 lentoliikenteeseen.<\/p>\n","protected":false},"excerpt":{"rendered":"Kiitotie suljettiin havainnon takia. Oslon lentoasemalla havaittiin sunnuntaina iltap\u00e4iv\u00e4ll\u00e4 drooni, norjalaismedia TV2 kertoo. Droonihavainto tehtiin lentoaseman yll\u00e4pidosta vastaavan&hellip;\n","protected":false},"author":2,"featured_media":1024,"comment_status":"","ping_status":"","sticky":false,"template":"","format":"standard","meta":{"footnotes":""},"categories":[14],"tags":[22,23,26,27,33,31,30,17,34,24,25,28,29,15,18,21,32,19,20,56,16,59,60,61],"class_list":{"0":"post-139693","1":"post","2":"type-post","3":"status-publish","4":"format-standard","5":"has-post-thumbnail","7":"category-ulkomaat","8":"tag-breaking-news","9":"tag-breakingnews","10":"tag-featured-news","11":"tag-featurednews","12":"tag-fi","13":"tag-finland","14":"tag-finnish","15":"tag-headlines","16":"tag-ilta-sanomat","17":"tag-latest-news","18":"tag-latestnews","19":"tag-main-news","20":"tag-mainnews","21":"tag-news","22":"tag-otsikot","23":"tag-paauutiset","24":"tag-suomi","25":"tag-top-stories","26":"tag-topstories","27":"tag-ulkomaat","28":"tag-uutiset","29":"tag-world","30":"tag-world-news","31":"tag-worldnews"},"share_on_mastodon":{"url":"https:\/\/pubeurope.com\/@fi\/115877542934237737","error":""},"_links":{"self":[{"href":"https:\/\/www.europesays.com\/fi\/wp-json\/wp\/v2\/posts\/139693","targetHints":{"allow":["GET"]}}],"collection":[{"href":"https:\/\/www.europesays.com\/fi\/wp-json\/wp\/v2\/posts"}],"about":[{"href":"https:\/\/www.europesays.com\/fi\/wp-json\/wp\/v2\/types\/post"}],"author":[{"embeddable":true,"href":"https:\/\/www.europesays.com\/fi\/wp-json\/wp\/v2\/users\/2"}],"replies":[{"embeddable":true,"href":"https:\/\/www.europesays.com\/fi\/wp-json\/wp\/v2\/comments?post=139693"}],"version-history":[{"count":0,"href":"https:\/\/www.europesays.com\/fi\/wp-json\/wp\/v2\/posts\/139693\/revisions"}],"wp:featuredmedia":[{"embeddable":true,"href":"https:\/\/www.europesays.com\/fi\/wp-json\/wp\/v2\/media\/1024"}],"wp:attachment":[{"href":"https:\/\/www.europesays.com\/fi\/wp-json\/wp\/v2\/media?parent=139693"}],"wp:term":[{"taxonomy":"category","embeddable":true,"href":"https:\/\/www.europesays.com\/fi\/wp-json\/wp\/v2\/categories?post=139693"},{"taxonomy":"post_tag","embeddable":true,"href":"https:\/\/www.europesays.com\/fi\/wp-json\/wp\/v2\/tags?post=139693"}],"curies":[{"name":"wp","href":"https:\/\/api.w.org\/{rel}","templated":true}]}}