{"id":139696,"date":"2026-01-11T17:03:11","date_gmt":"2026-01-11T17:03:11","guid":{"rendered":"https:\/\/www.europesays.com\/fi\/139696\/"},"modified":"2026-01-11T17:03:11","modified_gmt":"2026-01-11T17:03:11","slug":"suvi-minkkinen-loisti-taustalla-tapahtui-kova-suomalaistemppu","status":"publish","type":"post","link":"https:\/\/www.europesays.com\/fi\/139696\/","title":{"rendered":"Suvi Minkkinen loisti \u2013 Taustalla tapahtui kova suomalaistemppu"},"content":{"rendered":"<p>Iltalehti seurasi t\u00e4ss\u00e4 jutussa naisten takaa-ajokisaa Oberhofissa.<\/p>\n<p><img decoding=\"async\" class=\"image image-show image-preview\" src=\"https:\/\/www.europesays.com\/fi\/wp-content\/uploads\/2026\/01\/ed9fb73b3aa78ef5a7b526e9f7714197532ae2a615028dfe1e1c29d903be22da.jpg\" alt=\"\"\/><img decoding=\"async\" class=\"image image-show\" src=\"https:\/\/www.europesays.com\/fi\/wp-content\/uploads\/2026\/01\/1768150988_208_ed9fb73b3aa78ef5a7b526e9f7714197532ae2a615028dfe1e1c29d903be22da.jpg\" alt=\"\"\/><\/p>\n<p>Suvi Minkkinen oli takaa-ajokisassa upeasti toinen. <\/p>\n<p><a href=\"https:\/\/www.iltalehti.fi\/kirjoittajat\/Harri Hepoj\u00e4rvi\" rel=\"nofollow noopener\" target=\"_blank\"><img decoding=\"async\" class=\"author-image-img\" alt=\"Tekij\u00e4n kuva\" src=\"https:\/\/www.europesays.com\/fi\/wp-content\/uploads\/2025\/10\/f0674b05c2a3af505fa7a031625c145f1d3b1c15ab6b58ca8f19cfc98c51e8dd.png\"\/><\/a><a href=\"https:\/\/www.iltalehti.fi\/kirjoittajat\/Anssi Karjalainen\" rel=\"nofollow noopener\" target=\"_blank\"><img decoding=\"async\" class=\"author-image-img\" alt=\"Tekij\u00e4n kuva\" src=\"https:\/\/www.europesays.com\/fi\/wp-content\/uploads\/2025\/11\/0599a0651f338f13f30d2507e4cd6f258d9592d83b94ed62a00adbcfecae12f7.png\"\/><\/a><\/p>\n<p>T\u00e4n\u00e4\u00e4n klo 15:19 (p\u00e4ivitetty klo 18:26)<\/p>\n<p class=\"paragraph\">Ampumahiiht\u00e4j\u00e4 <strong>Suvi Minkkinen<\/strong>, 31, sijoittui sunnuntaina upeasti toiseksi Oberhofin maailmancupin takaa-ajokisassa.<\/p>\n<p class=\"paragraph\">Sunnuntain kisan voitti <strong>Elvira \u00d6berg<\/strong>.<\/p>\n<p class=\"paragraph\">Kakkossijan my\u00f6t\u00e4 Minkkinen nousi my\u00f6s maailmancupin kokonaiskisassa toiseksi. Suomalaisen edell\u00e4 on en\u00e4\u00e4 Ranskan <strong>Lou Jeanmonnot<\/strong>.<\/p>\n<p>Vain yksi huti<\/p>\n<p class=\"paragraph\">Minkkinen onnistui ammuntapaikoilla loistavasti.<\/p>\n<p class=\"paragraph\">Ensimm\u00e4inen sujui puhtaasti. Toisella paikalla tuli yksi huti, ja kaksi viimeist\u00e4 Minkkinen selvitti ilman ongelmia.<\/p>\n<p class=\"paragraph\">Saman saldon ampui kilpailun voittanut ruotsalainen \u00d6berg. K\u00e4rkikaksikko oli muilta tavoittamattomissa. \u00d6berg hiihti maaliin 16 sekuntia ennen Minkkist\u00e4. Kolmospaikan napannut <strong>Hanna \u00d6berg<\/strong> j\u00e4i k\u00e4rjest\u00e4 minuutin ja nelj\u00e4 sekuntia.<\/p>\n<p class=\"paragraph\">Minkkisen kokonaissuoritus oli koko kisan kolmanneksi nopein.<\/p>\n<p class=\"paragraph\">\u2013\u2009Tosi hyv\u00e4 kisa. Olen ylpe\u00e4, miten maltoin rakentaa kilpailun nousujohteisesti. Oli jotenkin todella hauska kilpailla t\u00e4n\u00e4\u00e4n. Sain hiihtoon pienen boostin itseluottamukseen viestist\u00e4, ja oma p\u00e4\u00e4kin alkaa uskoa, ett\u00e4 pystyn kilpailemaan kovimpiakin hiiht\u00e4ji\u00e4 vastaan, Minkkinen kommentoi Ampumahiihtoliiton tiedotteessa.<\/p>\n<p class=\"paragraph\">\u2013\u2009Oli kiva huomata, ett\u00e4 siihen oli taas mahdollisuus. Elvira avasi yhden ikkunan voittotaisteluun, mutta ammuin samassa ammunnassa itse yhden ohilaukauksen. Muita paikkoja sijoituksen nostamiseksi ei ollutkaan. Viimeisenkin ammunnan sain k\u00e4\u00e4nnetty\u00e4 viel\u00e4 voitoksi <strong>Julia Simonia<\/strong> vastaan. Olen tosi iloinen kakkossijasta.<\/p>\n<p>Huima nousu<\/p>\n<p class=\"paragraph\">My\u00f6s <strong>Venla Lehtonen<\/strong> onnistui hienosti. H\u00e4n ampui kaikki nelj\u00e4 paikkaa puhtaasti.<\/p>\n<p class=\"paragraph\">Lopputuloksissa sijoitus oli 18:s. Lehtonen l\u00e4hti kisaan numerolla 56.<\/p>\n<p class=\"paragraph\">\u2013 P\u00e4\u00e4llimm\u00e4isen\u00e4 tosi helpottunut ja onnellinen olo. Vihdoin tuntui, ett\u00e4 sain suorituksen, jota olen koko alkukauden odottanut ja yritt\u00e4nyt. Tosi t\u00e4rke\u00e4 huomata, ett\u00e4 perustekeminen riitt\u00e4\u00e4. T\u00e4n\u00e4\u00e4n tunne oli vahva suksella ja sain rakennettua nousujohteisen kilpailun. Pystyin taistelemaan sijoituksista viel\u00e4 viimeisell\u00e4kin hiihtokierroksella, Lehtonen tunnelmoi.<\/p>\n<p class=\"paragraph\">Inka H\u00e4m\u00e4l\u00e4inen oli 54:s.<\/p>\n<p class=\"paragraph\">Ampumahiihdon maailmancup jatkuu ensi viikolla Saksan Ruhpoldingissa.<\/p>\n<p>Ei vanhempia p\u00e4ivityksi\u00e4<\/p>\n<p><a href=\"https:\/\/www.iltalehti.fi\/telkku\/?utm_source=iltalehti.fi&amp;utm_medium=almainternal&amp;utm_campaign=urheilu_artikkelibanneri&amp;utm_content=banner_612_a\" rel=\"nofollow noopener\" target=\"_blank\"><img decoding=\"async\" src=\"https:\/\/www.europesays.com\/fi\/wp-content\/uploads\/2025\/08\/7ef604e47d46ca174b7df4149bd3557dbde56a86d520f8e1b2125548b0a2e03a.png\" alt=\"TV-ohjelmat t\u00e4n\u00e4\u00e4n, TV-opas\"\/><\/a><\/p>\n","protected":false},"excerpt":{"rendered":"Iltalehti seurasi t\u00e4ss\u00e4 jutussa naisten takaa-ajokisaa Oberhofissa. Suvi Minkkinen oli takaa-ajokisassa upeasti toinen. T\u00e4n\u00e4\u00e4n klo 15:19 (p\u00e4ivitetty klo&hellip;\n","protected":false},"author":2,"featured_media":139697,"comment_status":"","ping_status":"","sticky":false,"template":"","format":"standard","meta":{"footnotes":""},"categories":[5],"tags":[35,22,23,26,27,33,31,30,17,2096,24,25,41,3318,28,29,15,18,21,2668,32,1145,19,20,16],"class_list":{"0":"post-139696","1":"post","2":"type-post","3":"status-publish","4":"format-standard","5":"has-post-thumbnail","7":"category-otsikot","8":"tag-24h","9":"tag-breaking-news","10":"tag-breakingnews","11":"tag-featured-news","12":"tag-featurednews","13":"tag-fi","14":"tag-finland","15":"tag-finnish","16":"tag-headlines","17":"tag-hiihtolajit","18":"tag-latest-news","19":"tag-latestnews","20":"tag-liikunta-ja-urheilu","21":"tag-maastohiihto","22":"tag-main-news","23":"tag-mainnews","24":"tag-news","25":"tag-otsikot","26":"tag-paauutiset","27":"tag-pohjoismaiset-hiihtolajit","28":"tag-suomi","29":"tag-talviurheilu","30":"tag-top-stories","31":"tag-topstories","32":"tag-uutiset"},"share_on_mastodon":{"url":"https:\/\/pubeurope.com\/@fi\/115877550687487171","error":""},"_links":{"self":[{"href":"https:\/\/www.europesays.com\/fi\/wp-json\/wp\/v2\/posts\/139696","targetHints":{"allow":["GET"]}}],"collection":[{"href":"https:\/\/www.europesays.com\/fi\/wp-json\/wp\/v2\/posts"}],"about":[{"href":"https:\/\/www.europesays.com\/fi\/wp-json\/wp\/v2\/types\/post"}],"author":[{"embeddable":true,"href":"https:\/\/www.europesays.com\/fi\/wp-json\/wp\/v2\/users\/2"}],"replies":[{"embeddable":true,"href":"https:\/\/www.europesays.com\/fi\/wp-json\/wp\/v2\/comments?post=139696"}],"version-history":[{"count":0,"href":"https:\/\/www.europesays.com\/fi\/wp-json\/wp\/v2\/posts\/139696\/revisions"}],"wp:featuredmedia":[{"embeddable":true,"href":"https:\/\/www.europesays.com\/fi\/wp-json\/wp\/v2\/media\/139697"}],"wp:attachment":[{"href":"https:\/\/www.europesays.com\/fi\/wp-json\/wp\/v2\/media?parent=139696"}],"wp:term":[{"taxonomy":"category","embeddable":true,"href":"https:\/\/www.europesays.com\/fi\/wp-json\/wp\/v2\/categories?post=139696"},{"taxonomy":"post_tag","embeddable":true,"href":"https:\/\/www.europesays.com\/fi\/wp-json\/wp\/v2\/tags?post=139696"}],"curies":[{"name":"wp","href":"https:\/\/api.w.org\/{rel}","templated":true}]}}