{"id":139707,"date":"2026-01-11T17:26:07","date_gmt":"2026-01-11T17:26:07","guid":{"rendered":"https:\/\/www.europesays.com\/fi\/139707\/"},"modified":"2026-01-11T17:26:07","modified_gmt":"2026-01-11T17:26:07","slug":"odotitko-tata-samsungin-pallonmuotoista-ballie-kotirobottia-saataville-haaveet-on-nyt-aika-haudata-2","status":"publish","type":"post","link":"https:\/\/www.europesays.com\/fi\/139707\/","title":{"rendered":"Odotitko t\u00e4t\u00e4 Samsungin pallonmuotoista Ballie-kotirobottia saataville? Haaveet on nyt aika haudata"},"content":{"rendered":"<p class=\"wp-block-teknavifi-ingressheading\">Samsungin sympaattinen Ballie-kotirobotti her\u00e4tti aikoinaan runsaasti huomiota, mutta vuosien odotus ei n\u00e4yt\u00e4 johtavaan sen tuloon sellaisenaan myyntiin.<\/p>\n<p>Uusimpien tietojen mukaan Ballie on laitettu toistaiseksi kokonaan j\u00e4ihin.<\/p>\n<p>Samsung esitteli Ballien ensimm\u00e4isen kerran Las Vegasin CES-messuilla jo vuonna 2020. Pieni, pallonmuotoinen robotti oli suunniteltu liikkumaan itsen\u00e4isesti kodissa ja toimimaan er\u00e4\u00e4nlaisena \u00e4lykk\u00e4\u00e4n\u00e4 avustajana.<\/p>\n<p>Viel\u00e4 viime vuonna Ballien uskottiin saapuvan markkinoille kes\u00e4ll\u00e4 2025.<\/p>\n<p>Ballien puuttuminen kokonaan nyt t\u00e4m\u00e4n vuoden CES 2026 -messuilta her\u00e4tti jo ep\u00e4ilyksi\u00e4 projektin tulevaisuudesta. Nyt tuore raportti vahvistaa, ett\u00e4 Samsung on p\u00e4\u00e4tt\u00e4nyt hyllytt\u00e4\u00e4 Ballien kuluttajajulkaisun toistaiseksi kokonaan.<\/p>\n<p>L\u00e4hteiden mukaan robottia ei olla tuomassa markkinoille l\u00e4hitulevaisuudessa, eik\u00e4 virallista uutta aikataulua ole olemassa.<\/p>\n<p>Samsungin edustajan mukaan \u201dBallie jatkaa el\u00e4m\u00e4\u00e4ns\u00e4 aktiivisena innovaatioalustana\u201d Samsungin sis\u00e4isess\u00e4 kehityksess\u00e4.<\/p>\n<p>\u201dUseiden vuosien tosiel\u00e4m\u00e4n testauksen j\u00e4lkeen se auttaa meit\u00e4 suunnittelemaan tilatietoisia ja kontekstipohjaisia k\u00e4ytt\u00f6kokemuksia, erityisesti \u00e4lykodin, ymp\u00e4r\u00f6iv\u00e4n AI:n ja yksityisyyden saralla\u201d, <a href=\"https:\/\/www.bloomberg.com\/news\/articles\/2026-01-07\/samsung-s-rolling-ballie-robot-indefinitely-shelved-after-delays\" rel=\"nofollow noopener\" target=\"_blank\">kommentoi Samsungin edustaja nyt Las Vegasin CES-messujen yhteydess\u00e4 Bloombergille<\/a>.<\/p>\n<p>Pitk\u00e4n kehitysty\u00f6n aikana Samsung uudisti aiemmin hieman my\u00f6s Ballien muotoilua ja kertoi vuonna 2025 yhteisty\u00f6st\u00e4 Googlen kanssa Gemini-teko\u00e4lyn integroimiseksi robottiin.<\/p>\n<p>Lopulta kaikesta kehityksest\u00e4 huolimatta n\u00e4ytt\u00e4\u00e4, ett\u00e4 Ballie j\u00e4\u00e4 pysyv\u00e4sti konseptiksi eik\u00e4 koskaan tule myyntiin asti. Ballie voi kuitenkin inspiroida Samsungin tulevia kotirobottisuunnitelmia tavalla tai toisella.<\/p>\n<p>            <img decoding=\"async\" src=\"https:\/\/www.europesays.com\/fi\/wp-content\/uploads\/2026\/01\/1768152367_973_65c21c901e6ae35b44de81d90a2ca2d1c3a24c673e2e76f40f42ec61ae1d005a.jpeg\" alt=\"Markus Lehtiniitty \/ Mobiili.fi\" itemprop=\"image\"\/>          <\/p>\n<p>\n          Toimittaja<br \/>\n          Markus Lehtiniitty \/ Mobiili.fi\n        <\/p>\n","protected":false},"excerpt":{"rendered":"Samsungin sympaattinen Ballie-kotirobotti her\u00e4tti aikoinaan runsaasti huomiota, mutta vuosien odotus ei n\u00e4yt\u00e4 johtavaan sen tuloon sellaisenaan myyntiin. Uusimpien&hellip;\n","protected":false},"author":2,"featured_media":139708,"comment_status":"","ping_status":"","sticky":false,"template":"","format":"standard","meta":{"footnotes":"","_share_on_mastodon":"0"},"categories":[76],"tags":[24202,79,77,33,31,30,799,32,78],"class_list":["post-139707","post","type-post","status-publish","format-standard","has-post-thumbnail","category-talous","tag-ballie","tag-business","tag-economy","tag-fi","tag-finland","tag-finnish","tag-samsung","tag-suomi","tag-talous"],"share_on_mastodon":{"url":"https:\/\/pubeurope.com\/@fi\/115877641145142114","error":""},"_links":{"self":[{"href":"https:\/\/www.europesays.com\/fi\/wp-json\/wp\/v2\/posts\/139707","targetHints":{"allow":["GET"]}}],"collection":[{"href":"https:\/\/www.europesays.com\/fi\/wp-json\/wp\/v2\/posts"}],"about":[{"href":"https:\/\/www.europesays.com\/fi\/wp-json\/wp\/v2\/types\/post"}],"author":[{"embeddable":true,"href":"https:\/\/www.europesays.com\/fi\/wp-json\/wp\/v2\/users\/2"}],"replies":[{"embeddable":true,"href":"https:\/\/www.europesays.com\/fi\/wp-json\/wp\/v2\/comments?post=139707"}],"version-history":[{"count":0,"href":"https:\/\/www.europesays.com\/fi\/wp-json\/wp\/v2\/posts\/139707\/revisions"}],"wp:featuredmedia":[{"embeddable":true,"href":"https:\/\/www.europesays.com\/fi\/wp-json\/wp\/v2\/media\/139708"}],"wp:attachment":[{"href":"https:\/\/www.europesays.com\/fi\/wp-json\/wp\/v2\/media?parent=139707"}],"wp:term":[{"taxonomy":"category","embeddable":true,"href":"https:\/\/www.europesays.com\/fi\/wp-json\/wp\/v2\/categories?post=139707"},{"taxonomy":"post_tag","embeddable":true,"href":"https:\/\/www.europesays.com\/fi\/wp-json\/wp\/v2\/tags?post=139707"}],"curies":[{"name":"wp","href":"https:\/\/api.w.org\/{rel}","templated":true}]}}