{"id":139716,"date":"2026-01-11T17:38:11","date_gmt":"2026-01-11T17:38:11","guid":{"rendered":"https:\/\/www.europesays.com\/fi\/139716\/"},"modified":"2026-01-11T17:38:11","modified_gmt":"2026-01-11T17:38:11","slug":"ihmisoikeusjarjestot-viranomaiset-tappaneet-iranissa-ainakin-28-ihmista-suomessa-asuva-behzad-ei-saa-yhteytta-sukuunsa-ulkomaat","status":"publish","type":"post","link":"https:\/\/www.europesays.com\/fi\/139716\/","title":{"rendered":"Ihmisoikeusj\u00e4rjest\u00f6t: Viranomaiset tappaneet Iranissa ainakin 28 ihmist\u00e4 \u2013 Suomessa asuva Behzad ei saa yhteytt\u00e4 sukuunsa | Ulkomaat"},"content":{"rendered":"<p class=\"aw-1gybjub aw-5vja16 kEtdKx kmuxyA yle__article__paragraph\">Iranilaiset vaativat poliittisen j\u00e4rjestelm\u00e4n muutosta. Internet on ollut poikki Iranissa eilisest\u00e4 l\u00e4htien.<\/p>\n<p>Mielt\u00e4 on osoitettu muun muassa Teheranissa. <\/p>\n<p class=\"aw-1gybjub aw-1p7kakr kEtdKx cEmitX yle__article__paragraph\">Ihmisoikeusj\u00e4rjest\u00f6 Amnesty Internationalin ja Human Rights Watchin mukaan viranomaiset ovat tappaneet ainakin 28 mielenosoittajaa ja sivullista 13 kaupungissa Iranissa. Osa kuolleista on j\u00e4rjest\u00f6jen mukaan lapsia.<\/p>\n<p class=\"aw-1gybjub aw-1p7kakr kEtdKx cEmitX yle__article__paragraph\">Iranilaiset vaativat hallinnon kaatamista ja poliittisen j\u00e4rjestelm\u00e4n muutosta.<\/p>\n<p>Internet on katkaistu ennenkin protestien takia<\/p>\n<p class=\"aw-1gybjub aw-1p7kakr kEtdKx cEmitX yle__article__paragraph\">Suomessa pitk\u00e4\u00e4n asunut iranilainen <strong class=\"aw-ak79eh KyCXm yle__article__strong\">Behzad<\/strong> kertoo, ettei h\u00e4n ole saanut yhteytt\u00e4 Iranissa asuviin omaisiinsa eilisen j\u00e4lkeen.<\/p>\n<p class=\"aw-1gybjub aw-1p7kakr kEtdKx cEmitX yle__article__paragraph\">Torstaina uutisoitiin, ett\u00e4 Iranissa on maanlaajuinen <a class=\"aw-iao6s4 iHOxEa yle__article__link\" href=\"https:\/\/www.theguardian.com\/world\/2026\/jan\/08\/iran-plunged-into-internet-blackout-as-protests-over-economy-spread-nationwide\" role=\"link\" rel=\"nofollow noopener\" target=\"_blank\">internetkatkos<\/a>. On ep\u00e4selv\u00e4\u00e4, mist\u00e4 se johtuu. Aiemmin viranomaiset ovat sulkeneet internetin mielenosoitusten vuoksi. My\u00f6sk\u00e4\u00e4n puhelut ulkomaille eiv\u00e4t onnistu ja lentoja on peruttu.<\/p>\n<p class=\"aw-1gybjub aw-1p7kakr kEtdKx cEmitX yle__article__paragraph\">Behzad kertoo viestitelleens\u00e4 siskonsa kanssa torstai-iltana. Sen j\u00e4lkeen viestit eiv\u00e4t en\u00e4\u00e4 ole menneet perille.<\/p>\n<p class=\"aw-1gybjub aw-1p7kakr kEtdKx cEmitX yle__article__paragraph\">Emme julkaise h\u00e4nen koko nime\u00e4\u00e4n, koska se voisi mahdollisesti vaikuttaa h\u00e4nen Iranissa el\u00e4v\u00e4n sukunsa turvallisuuteen.<\/p>\n<p class=\"aw-1gybjub aw-1p7kakr kEtdKx cEmitX yle__article__paragraph\">\u2013 Suku on demokratian puolella, emme hyv\u00e4ksy islamistien valtaa, Behzad luonnehtii.<\/p>\n<p class=\"aw-1gybjub aw-1p7kakr kEtdKx cEmitX yle__article__paragraph\">H\u00e4n l\u00e4hti Iranista 1970-luvulla.<\/p>\n<p class=\"aw-1gybjub aw-1p7kakr kEtdKx cEmitX yle__article__paragraph\">\u2013 Joka kerta, kun tapahtuu mielenosoituksia, seuraavalla kerralla se vain vahvistuu, ei laannu, ihmiset ovat niin kyll\u00e4styneit\u00e4, Behzad sanoo.<\/p>\n<p class=\"aw-1gybjub aw-1p7kakr kEtdKx cEmitX yle__article__paragraph\">\u2013 Nyt mukana on vaikutusvaltaisia, varakkaita ihmisi\u00e4. Ja vanhempia ihmisi\u00e4, Behzad kuvailee mielenosoituksia.<\/p>\n<p class=\"aw-1gybjub aw-1p7kakr kEtdKx cEmitX yle__article__paragraph\">Ongelmana h\u00e4n n\u00e4kee esimerkiksi sen, ett\u00e4 ei ole hahmoa, joka toisi ihmiset yhteen.<\/p>\n<p class=\"aw-1gybjub aw-1p7kakr kEtdKx cEmitX yle__article__paragraph\">\u2013 Iranissa on paljon eri kansanryhmi\u00e4, ja kaikilla on omat johtohahmonsa, Behzad huomauttaa.<\/p>\n<p>Khamenei: \u201dIslamilainen tasavalta ei per\u00e4\u00e4nny\u201d<\/p>\n<p class=\"aw-1gybjub aw-1p7kakr kEtdKx cEmitX yle__article__paragraph\">Ihmisoikeusj\u00e4rjest\u00f6jen mukaan viranomaiset ovat k\u00e4ytt\u00e4neet aseita, metallihauleilla ladattuja haulikoita, vesitykkej\u00e4, kyynelkaasua ja pahoinpitelyj\u00e4 rauhanomaisten mielenosoitusten hajottamiseen.<\/p>\n<p class=\"aw-1gybjub aw-1p7kakr kEtdKx cEmitX yle__article__paragraph\">Sotilaat ovat pid\u00e4tt\u00e4neet satoja siviilej\u00e4 mielivaltaisesti. Pid\u00e4tettyjen joukossa on j\u00e4rjest\u00f6jen mukaan 14-vuotiaita lapsia.<\/p>\n<p class=\"aw-1gybjub aw-1p7kakr kEtdKx cEmitX yle__article__paragraph\">Amnesty ja HRW vaativat, ett\u00e4 Iranin korkein turvallisuuselin eli turvallisuusneuvosto m\u00e4\u00e4r\u00e4\u00e4 viranomaiset lopettamaan laittoman voimank\u00e4yt\u00f6n. Lis\u00e4ksi j\u00e4rjest\u00f6t painottavat, ett\u00e4 YK:n j\u00e4senvaltioiden ja <a class=\"aw-iao6s4 iHOxEa yle__article__link\" href=\"https:\/\/yle.fi\/a\/74-20203406\" role=\"link\" rel=\"nofollow noopener\" target=\"_blank\">EU:n<\/a> on ryhdytt\u00e4v\u00e4 kiireellisiin diplomaattisiin toimiin.<\/p>\n<p class=\"aw-1gybjub aw-1p7kakr kEtdKx cEmitX yle__article__paragraph\">Iranin korkein johtaja ajatollah <strong class=\"aw-ak79eh KyCXm yle__article__strong\">Ali Khamenei<\/strong> on kommentoinut t\u00e4n\u00e4\u00e4n perjantaina, ett\u00e4 islamilainen tasavalta \u201dei per\u00e4\u00e4nny\u201d.<\/p>\n","protected":false},"excerpt":{"rendered":"Iranilaiset vaativat poliittisen j\u00e4rjestelm\u00e4n muutosta. Internet on ollut poikki Iranissa eilisest\u00e4 l\u00e4htien. Mielt\u00e4 on osoitettu muun muassa Teheranissa.&hellip;\n","protected":false},"author":2,"featured_media":130019,"comment_status":"","ping_status":"","sticky":false,"template":"","format":"standard","meta":{"footnotes":""},"categories":[87],"tags":[33,31,30,148,3648,4258,2571,32,91,92,56],"class_list":{"0":"post-139716","1":"post","2":"type-post","3":"status-publish","4":"format-standard","5":"has-post-thumbnail","7":"category-internet","8":"tag-fi","9":"tag-finland","10":"tag-finnish","11":"tag-internet","12":"tag-iran","13":"tag-konfliktit","14":"tag-mielenosoitukset","15":"tag-suomi","16":"tag-technology","17":"tag-teknologia","18":"tag-ulkomaat"},"share_on_mastodon":{"url":"https:\/\/pubeurope.com\/@fi\/115877688283353634","error":""},"_links":{"self":[{"href":"https:\/\/www.europesays.com\/fi\/wp-json\/wp\/v2\/posts\/139716","targetHints":{"allow":["GET"]}}],"collection":[{"href":"https:\/\/www.europesays.com\/fi\/wp-json\/wp\/v2\/posts"}],"about":[{"href":"https:\/\/www.europesays.com\/fi\/wp-json\/wp\/v2\/types\/post"}],"author":[{"embeddable":true,"href":"https:\/\/www.europesays.com\/fi\/wp-json\/wp\/v2\/users\/2"}],"replies":[{"embeddable":true,"href":"https:\/\/www.europesays.com\/fi\/wp-json\/wp\/v2\/comments?post=139716"}],"version-history":[{"count":0,"href":"https:\/\/www.europesays.com\/fi\/wp-json\/wp\/v2\/posts\/139716\/revisions"}],"wp:featuredmedia":[{"embeddable":true,"href":"https:\/\/www.europesays.com\/fi\/wp-json\/wp\/v2\/media\/130019"}],"wp:attachment":[{"href":"https:\/\/www.europesays.com\/fi\/wp-json\/wp\/v2\/media?parent=139716"}],"wp:term":[{"taxonomy":"category","embeddable":true,"href":"https:\/\/www.europesays.com\/fi\/wp-json\/wp\/v2\/categories?post=139716"},{"taxonomy":"post_tag","embeddable":true,"href":"https:\/\/www.europesays.com\/fi\/wp-json\/wp\/v2\/tags?post=139716"}],"curies":[{"name":"wp","href":"https:\/\/api.w.org\/{rel}","templated":true}]}}