{"id":139739,"date":"2026-01-11T18:15:08","date_gmt":"2026-01-11T18:15:08","guid":{"rendered":"https:\/\/www.europesays.com\/fi\/139739\/"},"modified":"2026-01-11T18:15:08","modified_gmt":"2026-01-11T18:15:08","slug":"no-huh-mita-kuvia-kastanja-rauhala","status":"publish","type":"post","link":"https:\/\/www.europesays.com\/fi\/139739\/","title":{"rendered":"No huh, mit\u00e4 kuvia Kastanja Rauhala!"},"content":{"rendered":"<p>            Timo Korhonen\n        <\/p>\n<p class=\"subtitle \">Kev\u00e4t 2026 on suurta aikaa Kastanjalle, sill\u00e4 nainen t\u00e4ytt\u00e4\u00e4 30 vuotta 16. toukokuuta. Muutamaa p\u00e4iv\u00e4\u00e4 aiemmin Paul Simon on taas esiintynyt Lontoossa Royal Albert Hallissa.<\/p>\n<p class=\"article-content article-content-width !bg-background\"> on ihastuttanut Tanssii t\u00e4htien kanssa -ohjelmassa kahtena edellisen\u00e4 kautena.<\/p>\n<p class=\"article-content article-content-width !bg-background\">Onpa Kastanja tanssinut varsin tuloksellisesti, sill\u00e4 molemmilla kerroilla h\u00e4n on tullut parinsa kanssa toiseksi: ensin  kanssa ja sitten tubettaja &#8221;Lakon&#8221; eli  kanssa.<\/p>\n<p class=\"article-content article-content-width !bg-background\">Kev\u00e4t 2026 on suurta aikaa Kastanjalle, sill\u00e4 nainen t\u00e4ytt\u00e4\u00e4 30 vuotta 16. toukokuuta. Muutamaa p\u00e4iv\u00e4\u00e4 aiemmin  on taas esiintynyt Lontoossa Royal Albert Hallissa.<\/p>\n<p>        <a itemprop=\"url\" href=\"https:\/\/www.seiska.fi\/katso\/palaako-kastanja-rauhala-ttkhon-nain-han-vastaa\/2033878\" rel=\"nofollow noopener\" target=\"_blank\"><\/p>\n<p>\nN\u00e4in h\u00e4n vastaa\n<\/p>\n<p class=\"section-date\">\n        <strong class=\"article-section\" data-section=\"katso\"><br \/>\n            katso<br \/>\n        <\/strong><br \/>\n        30.12.2025 08:15\n    <\/p>\n<p>Palaako Kastanja Rauhala TTK:hon? N\u00e4in h\u00e4n vastaa\n    <\/p>\n<p itemprop=\"description\" class=\"subtitle \">\n    Kastanja Rauhala kertoo, kiinnostaisivatko h\u00e4nt\u00e4 my\u00f6s tv-alan ty\u00f6t Tanssii t\u00e4htien kanssa -kisan lis\u00e4ksi.\n<\/p>\n<p>        <\/a><\/p>\n<p class=\"no_italic m-no_italic article-content article-content-width !bg-background\">Paulin yksi suurista ja kauneimmista biiseist\u00e4 taas on Homeward Bound.<\/p>\n<p>                <img decoding=\"async\" src=\"https:\/\/www.europesays.com\/fi\/wp-content\/uploads\/2026\/01\/2002629.webp.jpeg\" width=\"576\" height=\"720\" alt=\"Kastanja Rauhala tuli viime vuonna ja sit\u00e4 edellisen\u00e4 vuonna toiseksi parinsa kanssa TTK:ssa. Kuvassa Kastanja sek\u00e4 Isaac Sene marraskuussa 2024. Heid\u00e4n v\u00e4lill\u00e4\u00e4n huhuttiin olevan jonkin sortin romanssia viime vuonna.\" loading=\"lazy\" \/>            <\/p>\n<p>\n            Kastanja Rauhala tuli viime vuonna ja sit\u00e4 edellisen\u00e4 vuonna toiseksi parinsa kanssa TTK:ssa. Kuvassa Kastanja sek\u00e4 Isaac Sene marraskuussa 2024. Heid\u00e4n v\u00e4lill\u00e4\u00e4n huhuttiin olevan jonkin sortin romanssia viime vuonna.<br \/>\n            Timo Korhonen\n        <\/p>\n<p>Levi ja Italia<\/p>\n<p class=\"article-content article-content-width !bg-background\">Kotimatkalla oli taannoin Kastanjakin, sill\u00e4 ensin h\u00e4n vietti joulun Levill\u00e4 ja sitten h\u00e4n meni katsastamaan Italiaa.<\/p>\n<p class=\"article-content article-content-width !bg-background\">Seiska on kertonut, ett\u00e4 Kastanja ei ole ollut yksin reissuillaan, vaan h\u00e4n on viihtynyt samaan aikaan samoissa paikoissa mit\u00e4 ilmeisimmin  kanssa.<\/p>\n<p class=\"article-content article-content-width !bg-background\">Ajan tavan mukaan he ovat tallettaneet omia hetki\u00e4\u00e4n somekanavilleen, mutta eiv\u00e4t suurin surminkaan ole merkinneet toisiaan julkaisuihin saatikka kuvanneet toisiaan.<\/p>\n<p>        <a itemprop=\"url\" href=\"https:\/\/www.seiska.fi\/kotimaa\/joel-harkimo-ja-kastanja-rauhala-paljonpuhuvia-kuvia\/2037396\" rel=\"nofollow noopener\" target=\"_blank\"><\/p>\n<p>\nJoel Harkimo ja Kastanja Rauhala\n<\/p>\n<p class=\"section-date\">\n        <strong class=\"article-section\" data-section=\"kotimaa\"><br \/>\n            kotimaa<br \/>\n        <\/strong><br \/>\n        9.1. 05:00\n    <\/p>\n<p>Joel Harkimo ja Kastanja Rauhala: Paljonpuhuvia kuvia!\n    <\/p>\n<p itemprop=\"description\" class=\"subtitle \">\n    Kaksikko n\u00e4ytt\u00e4\u00e4 viett\u00e4neen joulun yhdess\u00e4, ja kumpikin l\u00e4hti Italiaan vuodenvaihteen tienoilla.\n<\/p>\n<p>        <\/a><\/p>\n<p class=\"article-content article-content-width !bg-background\">Seiska tavoitteli aiemmin viikolla Joelia mahdollisen romanssin tiimoilta, mutta Joel ei vastannut soittoihin eik\u00e4 viesteihin.<\/p>\n<p class=\"article-content article-content-width !bg-background\">Joel erosi  kes\u00e4ll\u00e4.<\/p>\n<p class=\"article-content article-content-width !bg-background\">Kastanjaa taas yhdistettiin kovastikin viime vuoden alkupuolella tanssipariinsa  huhuissa.<\/p>\n<p>                <img decoding=\"async\" src=\"https:\/\/www.europesays.com\/fi\/wp-content\/uploads\/2026\/01\/1974241.webp.jpeg\" width=\"576\" height=\"720\" alt=\"Joel Harkimo viihtyi viime kaudella useampaan otteeseen TTK-katsomossa. Yhdell\u00e4 kertaa seurana oli Tiia Elg, jonka kanssa Joel osallistui TTK:hon vuonna 2022.\" loading=\"lazy\" \/>            <\/p>\n<p>\n            Joel Harkimo viihtyi viime kaudella useampaan otteeseen TTK-katsomossa. Yhdell\u00e4 kertaa seurana oli Tiia Elg, jonka kanssa Joel osallistui TTK:hon vuonna 2022.<br \/>\n            Timo Korhonen\n        <\/p>\n<p>Kultamekko<\/p>\n<p class=\"article-content article-content-width !bg-background\">Lauantaina Kastanja jakoi heng\u00e4stytt\u00e4vi\u00e4 kuvia kultaisessa mekossa Instagram-tilill\u00e4\u00e4n.<\/p>\n<p class=\"article-content article-content-width !bg-background\">Kastanja ei tuo mieleen vaatteesta huolimatta  \u2013 vanhan ajan Hollywood-t\u00e4hdet kyll\u00e4kin.<\/p>\n<p class=\"article-content article-content-width !bg-background\">Puku s\u00e4ihkyy kilpaa Kastanjan hymyn ja olemuksen kanssa, eik\u00e4 ihme.<\/p>\n<p>        <a itemprop=\"url\" href=\"https:\/\/www.seiska.fi\/kotimaa\/joel-harkimo-paatti-hiljaisuuden-uutta-tietoa-matkasta\/2041022\" rel=\"nofollow noopener\" target=\"_blank\"><\/p>\n<p>\nUutta tietoa!\n<\/p>\n<p class=\"section-date\">\n        <strong class=\"article-section\" data-section=\"kotimaa\"><br \/>\n            kotimaa<br \/>\n        <\/strong><br \/>\n        10.1. 08:00\n    <\/p>\n<p>Joel Harkimo p\u00e4\u00e4tti hiljaisuuden \u2013 uutta tietoa matkasta\n    <\/p>\n<p itemprop=\"description\" class=\"subtitle \">\n    Kastanja Rauhalaan yhdistetty Joel paljasti merkitt\u00e4v\u00e4\u00e4 tietoa.\n<\/p>\n<p>        <\/a><\/p>\n<p class=\"article-content article-content-width !bg-background\"> \u2013 Lomat on nyt aikalailla lusittu ja arki alkaa\ud83e\udef6 Pakko my\u00f6nt\u00e4\u00e4, ett\u00e4 itselleni uudet projektit v\u00e4h\u00e4n j\u00e4nnitt\u00e4\u00e4, mutta kyll\u00e4 sit\u00e4 tekem\u00e4ll\u00e4 oppii ja kaikesta aina selvi\u00e4\u00e4 kun tekee vaan\ud83e\udd79\u2764\ufe0f<\/p>\n<p class=\"article-content article-content-width !bg-background\">Tekeep\u00e4 Kastanja pienen paljastuksenkin.<\/p>\n<p class=\"article-content article-content-width !bg-background\"> \u2013 En tee juuri ikin\u00e4 uudenvuoden lupauksia, mutta t\u00e4n\u00e4 vuonna haluan l\u00f6yt\u00e4\u00e4 balanssin ja paremmat rutiinit tekemiseen, joten sit\u00e4 kohti!\ud83d\udc83 Ihanaa talvista tammikuuta kaikille teille\u2728\ufe0f\ud83d\udc9b, Kastanja kirjoittaa.<\/p>\n<p>Kaunis kantaja<\/p>\n<p class=\"article-content article-content-width !bg-background\">Tekstist\u00e4 k\u00e4y my\u00f6s ilmi, ett\u00e4 upea puku on Kastanjan yst\u00e4v\u00e4n ja maineikkaan muotisuunnittelijan  luomus.<\/p>\n<p class=\"article-content article-content-width !bg-background\">Kommentit ovat luonnollisesti ylist\u00e4vi\u00e4.<\/p>\n<p class=\"article-content article-content-width !bg-background\">\u2013 Tsemppi\u00e4 tulevaan ja ty\u00f6n iloa muuten upea asu \u2665\ufe0f\u2728\ufe0f\u2665\ufe0f\ud83d\udc4f\ud83d\udc4f\ud83d\udc4f\ud83d\udc4d, ihastelee er\u00e4s nainen.<\/p>\n<p class=\"article-content article-content-width !bg-background\"> \u2013 Upea puku ..kauniilla kantajalla\ud83d\ude0d, kirjoittaa toinen nainen.<\/p>\n<p class=\"article-content article-content-width !bg-background\">Tykk\u00e4\u00e4ji\u00e4 on tuhatm\u00e4\u00e4rin aina Joelista  ja taviksiin.<\/p>\n","protected":false},"excerpt":{"rendered":"Timo Korhonen Kev\u00e4t 2026 on suurta aikaa Kastanjalle, sill\u00e4 nainen t\u00e4ytt\u00e4\u00e4 30 vuotta 16. toukokuuta. Muutamaa p\u00e4iv\u00e4\u00e4 aiemmin&hellip;\n","protected":false},"author":2,"featured_media":139740,"comment_status":"","ping_status":"","sticky":false,"template":"","format":"standard","meta":{"footnotes":""},"categories":[130],"tags":[137,33,31,30,3520,3055,212,20553,24205,32,903,109],"class_list":{"0":"post-139739","1":"post","2":"type-post","3":"status-publish","4":"format-standard","5":"has-post-thumbnail","7":"category-viihde","8":"tag-entertainment","9":"tag-fi","10":"tag-finland","11":"tag-finnish","12":"tag-joel-harkimo","13":"tag-kastanja-rauhala","14":"tag-lifestyle","15":"tag-mert-otsamo","16":"tag-paul-simon","17":"tag-suomi","18":"tag-tanssii-tahtien-kanssa","19":"tag-viihde"},"share_on_mastodon":{"url":"https:\/\/pubeurope.com\/@fi\/115877833837224523","error":""},"_links":{"self":[{"href":"https:\/\/www.europesays.com\/fi\/wp-json\/wp\/v2\/posts\/139739","targetHints":{"allow":["GET"]}}],"collection":[{"href":"https:\/\/www.europesays.com\/fi\/wp-json\/wp\/v2\/posts"}],"about":[{"href":"https:\/\/www.europesays.com\/fi\/wp-json\/wp\/v2\/types\/post"}],"author":[{"embeddable":true,"href":"https:\/\/www.europesays.com\/fi\/wp-json\/wp\/v2\/users\/2"}],"replies":[{"embeddable":true,"href":"https:\/\/www.europesays.com\/fi\/wp-json\/wp\/v2\/comments?post=139739"}],"version-history":[{"count":0,"href":"https:\/\/www.europesays.com\/fi\/wp-json\/wp\/v2\/posts\/139739\/revisions"}],"wp:featuredmedia":[{"embeddable":true,"href":"https:\/\/www.europesays.com\/fi\/wp-json\/wp\/v2\/media\/139740"}],"wp:attachment":[{"href":"https:\/\/www.europesays.com\/fi\/wp-json\/wp\/v2\/media?parent=139739"}],"wp:term":[{"taxonomy":"category","embeddable":true,"href":"https:\/\/www.europesays.com\/fi\/wp-json\/wp\/v2\/categories?post=139739"},{"taxonomy":"post_tag","embeddable":true,"href":"https:\/\/www.europesays.com\/fi\/wp-json\/wp\/v2\/tags?post=139739"}],"curies":[{"name":"wp","href":"https:\/\/api.w.org\/{rel}","templated":true}]}}