{"id":139755,"date":"2026-01-11T18:45:12","date_gmt":"2026-01-11T18:45:12","guid":{"rendered":"https:\/\/www.europesays.com\/fi\/139755\/"},"modified":"2026-01-11T18:45:12","modified_gmt":"2026-01-11T18:45:12","slug":"yhdysvaltalaismediat-trumpin-hallinnossa-keskusteluja-mahdollisista-iskuista-iraniin-vastauksena-mielenosoitusten-tukahduttamiseen","status":"publish","type":"post","link":"https:\/\/www.europesays.com\/fi\/139755\/","title":{"rendered":"Yhdysvaltalaismediat: Trumpin hallinnossa keskusteluja mahdollisista iskuista Iraniin vastauksena mielenosoitusten tukahduttamiseen"},"content":{"rendered":"<p>    <img decoding=\"async\" class=\"responsive-image article__image-image lozad\"   src=\"https:\/\/www.europesays.com\/fi\/wp-content\/uploads\/2026\/01\/bOkySBRXSio8RL7BWs4xdKUks0uW2FgL5xD_PxtuM2i8mTTBRafyqbY91UvjQ3kw0IWFJLnhvhj44CHKdiZZEJ2lpNJbThTYpsvZ.jpeg\" alt=\"New York Timesin mukaan presidentti Donald Trump harkitsee vakavasti iskuja Iraniin.\"\/><\/p>\n<p>\n                New York Timesin mukaan presidentti Donald Trump harkitsee vakavasti iskuja Iraniin.\n              <\/p>\n<p>\n                Kuva: SAUL LOEB \/ AFP \/ Lehtikuva\n              <\/p>\n<p class=\"article__paragraph\">\n      Yhdysvaltain presidentin Donald Trumpin hallinnossa on k\u00e4yty keskusteluja mahdollisista iskuista Iraniin.\n    <\/p>\n<p class=\"article__paragraph\">\n      Asiasta uutisoivat yhdysvaltalaismediat <a href=\"https:\/\/www.nytimes.com\/2026\/01\/10\/us\/politics\/trump-iran-strikes.html\" rel=\"nofollow noopener\" target=\"_blank\">New York Times<\/a> (NYT) ja <a href=\"https:\/\/www.wsj.com\/world\/middle-east\/iran-toughens-crackdown-as-death-toll-grows-a2200bda?mod=hp_lead_pos1\" rel=\"nofollow noopener\" target=\"_blank\">Wall Street Journal<\/a> (WSJ) viranomaisl\u00e4hteiden antamien tietojen pohjalta.\n    <\/p>\n<p class=\"article__paragraph\">\n      New York Timesin mukaan Trumpille olisi esitelty erilaisia vaihtoehtoja Iraniin teht\u00e4ville iskuille. Lehden l\u00e4hteiden mukaan Trump harkitsee vakavasti iskuja vastauksena Iranin hallinnon toimiin, joilla pyrit\u00e4\u00e4n tukahduttamaan maassa j\u00e4rjestett\u00e4vi\u00e4 mielenosoituksia.\n    <\/p>\n<p class=\"article__paragraph\">\n      P\u00e4\u00e4t\u00f6st\u00e4 ei ole NYT:n l\u00e4hteiden mukaan kuitenkaan viel\u00e4 tehty. Trumpille on esitelty muun muassa iskuja sotilaskohteisiin sek\u00e4 Teheranissa sijaitseviin ei-sotilaallisiin kohteisiin.\n    <\/p>\n<p class=\"article__paragraph\">\n      Wall Street Journalille puhuneet l\u00e4hteet kertovat, ett\u00e4 iskuja Iraniin ei n\u00e4ill\u00e4 n\u00e4kymin olisi v\u00e4litt\u00f6m\u00e4sti tapahtumassa. Yhden WSJ:n l\u00e4hteen mukaan hallinnon keskusteluissa on ollut muun muassa laajoja ilmaiskuja moniin Iranin sotilaskohteisiin. Toisen l\u00e4hteen mukaan sotilaskalustoa tai -henkil\u00f6st\u00e4 ei ole siirretty iskuihin valmistautumiseksi.\n    <\/p>\n<p class=\"article__paragraph\">\n      Trump sanoi lauantaina <a href=\"https:\/\/truthsocial.com\/@realDonaldTrump\/posts\/115872214156165257\" rel=\"nofollow noopener\" target=\"_blank\">viestiss\u00e4\u00e4n<\/a> Truth Social -viestipalvelussa, ett\u00e4 Yhdysvallat on valmis auttamaan.\n    <\/p>\n<p class=\"article__paragraph\">\n      \u2013\u2009Iran pyrkii vapauteen ehk\u00e4 sinnikk\u00e4\u00e4mmin kuin koskaan aikaisemmin. Yhdysvallat on valmiina auttamaan.\n    <\/p>\n<p class=\"article__paragraph\">\n      Aikaisemmin Trump on sanonut Iranin olevan ongelmissa ja varoittanut Yhdysvaltojen voivan iske\u00e4 Iraniin.\n    <\/p>\n<p class=\"article__paragraph\">\n      Iranin parlamentin puheenjohtaja Mohammad Bagher Ghalibaf sanoi sunnuntaina Iranin vastaavan voimalla, jos Yhdysvallat toteuttaa iskuja maahan.\n    <\/p>\n<p class=\"article__paragraph\">\n      Ghalibaf sanoi Iranin voivan iskev\u00e4 esimerkiksi Yhdysvaltojen asevoimien tai merenkulun kohteisiin sek\u00e4 miehitetyille alueille. Miehitetyill\u00e4 alueilla tarkoitetaan todenn\u00e4k\u00f6isesti my\u00f6s Israelin valtiota, jota Iranin nykyinen hallinto ei tunnusta.\n    <\/p>\n<p>      Useita kuolonuhreja<\/p>\n<p class=\"article__paragraph\">\n      Mielenosoitukset jatkuivat Iranissa my\u00f6s lauantaina. Britannian yleisradio <a href=\"https:\/\/www.bbc.com\/news\/articles\/cm2jek15m8no\" rel=\"nofollow noopener\" target=\"_blank\">BBC<\/a> kertoo vahvistaneensa useita videoita, joista voidaan todeta v\u00e4kivaltaisuuksien jatkuvan mielenosoittajien ja Iranin turvallisuusjoukkojen v\u00e4lill\u00e4.\n    <\/p>\n<p class=\"article__paragraph\">\n      Kaksi viikkoa kest\u00e4neet mielenosoitukset saivat sytykkeen Iranin elinkustannuskriisist\u00e4 ja inflaatiosta. Maan hallinto on pyrkinyt tukahduttamaan protesteja v\u00e4kivalloin, ja Iranin viranomaiset ajoivat t\u00e4ll\u00e4 viikolla maan verkkoyhteydet alas hillit\u00e4kseen mielenosoituksia.\n    <\/p>\n<p class=\"article__paragraph\">\n      Iranin presidentti Masoud Pezeshkian kommentoi viime p\u00e4ivien mielenosoituksia sunnuntaina valtiollisella televisiokanavalla. Pezeshkian sanoi, ettei mellakoitsijoille pid\u00e4 antaa valtaa keskeytt\u00e4\u00e4 koko yhteiskunnan toimintoja ja kansan tulisi uskoa hallinnon haluavan vain pit\u00e4\u00e4 yll\u00e4 lakia ja j\u00e4rjestyst\u00e4.\n    <\/p>\n<p class=\"article__paragraph\">\n      Viranomaiset ovat sunnuntaina kertoneet tehneens\u00e4 lukuisia ja merkitt\u00e4vi\u00e4 pid\u00e4tyksi\u00e4. Tarkkoja lukuja tai muita yksityiskohtia pid\u00e4tyksist\u00e4 ei ole kerrottu. Norjalaisen Hengaw-ihmisoikeusj\u00e4rjest\u00f6n <a href=\"https:\/\/x.com\/Hengaw_English\/status\/2009772153583857745\" rel=\"nofollow\">mukaan<\/a> yli 2\u2009500 ihmist\u00e4 olisi pid\u00e4tetty viimeisen kahden viikon aikana.\n    <\/p>\n<p class=\"article__paragraph\">\n      Iranista on vaikea saada varmistettua tietoa, ja j\u00e4rjest\u00f6jen ja medioiden raportoimissa uhrilukemissa on paljon vaihtelua.\n    <\/p>\n<p class=\"article__paragraph\">\n      USA:sta toimivan <a href=\"https:\/\/www.en-hrana.org\/day-fourteen-of-protests-ongoing-demonstrations-internet-blackouts-and-drone-surveillance\/\" rel=\"nofollow noopener\" target=\"_blank\">HRANA-j\u00e4rjest\u00f6n<\/a> aiempien tietojen mukaan kuolleita olisi ainakin sata. Norjasta toimivan <a href=\"https:\/\/iranhr.net\/en\/articles\/8526\/\" rel=\"nofollow noopener\" target=\"_blank\">Iran Human Rights<\/a> -j\u00e4rjest\u00f6n mukaan kuolonuhrien m\u00e4\u00e4r\u00e4 olisi sunnuntaihin menness\u00e4 noussut jo noin kahteensataan.\n    <\/p>\n<p class=\"article__paragraph\">\n      Yhdysvaltalaisen <a href=\"https:\/\/time.com\/7345092\/iran-protests-death-toll-regime-crackdown\/\" rel=\"nofollow noopener\" target=\"_blank\">Time-lehden<\/a> nimet\u00f6n l\u00e4\u00e4k\u00e4ril\u00e4hde Iranista kertoi Suomen aikaa lauantaina julkaistussa jutussa, ett\u00e4 kuudessa Teheranin sairaalassa olisi kirjattu yhteens\u00e4 217 kuollutta mielenosoittajaa.\n    <\/p>\n<p class=\"article__note\">\n      L\u00e4hteen\u00e4 my\u00f6s uutistoimisto AFP.\n    <\/p>\n","protected":false},"excerpt":{"rendered":"New York Timesin mukaan presidentti Donald Trump harkitsee vakavasti iskuja Iraniin. Kuva: SAUL LOEB \/ AFP \/ Lehtikuva&hellip;\n","protected":false},"author":2,"featured_media":139756,"comment_status":"","ping_status":"","sticky":false,"template":"","format":"standard","meta":{"footnotes":""},"categories":[14],"tags":[22,23,26,27,33,31,30,17,24,25,28,29,15,18,21,32,19,20,56,16,59,60,61],"class_list":{"0":"post-139755","1":"post","2":"type-post","3":"status-publish","4":"format-standard","5":"has-post-thumbnail","7":"category-ulkomaat","8":"tag-breaking-news","9":"tag-breakingnews","10":"tag-featured-news","11":"tag-featurednews","12":"tag-fi","13":"tag-finland","14":"tag-finnish","15":"tag-headlines","16":"tag-latest-news","17":"tag-latestnews","18":"tag-main-news","19":"tag-mainnews","20":"tag-news","21":"tag-otsikot","22":"tag-paauutiset","23":"tag-suomi","24":"tag-top-stories","25":"tag-topstories","26":"tag-ulkomaat","27":"tag-uutiset","28":"tag-world","29":"tag-world-news","30":"tag-worldnews"},"share_on_mastodon":{"url":"https:\/\/pubeurope.com\/@fi\/115877951851618372","error":""},"_links":{"self":[{"href":"https:\/\/www.europesays.com\/fi\/wp-json\/wp\/v2\/posts\/139755","targetHints":{"allow":["GET"]}}],"collection":[{"href":"https:\/\/www.europesays.com\/fi\/wp-json\/wp\/v2\/posts"}],"about":[{"href":"https:\/\/www.europesays.com\/fi\/wp-json\/wp\/v2\/types\/post"}],"author":[{"embeddable":true,"href":"https:\/\/www.europesays.com\/fi\/wp-json\/wp\/v2\/users\/2"}],"replies":[{"embeddable":true,"href":"https:\/\/www.europesays.com\/fi\/wp-json\/wp\/v2\/comments?post=139755"}],"version-history":[{"count":0,"href":"https:\/\/www.europesays.com\/fi\/wp-json\/wp\/v2\/posts\/139755\/revisions"}],"wp:featuredmedia":[{"embeddable":true,"href":"https:\/\/www.europesays.com\/fi\/wp-json\/wp\/v2\/media\/139756"}],"wp:attachment":[{"href":"https:\/\/www.europesays.com\/fi\/wp-json\/wp\/v2\/media?parent=139755"}],"wp:term":[{"taxonomy":"category","embeddable":true,"href":"https:\/\/www.europesays.com\/fi\/wp-json\/wp\/v2\/categories?post=139755"},{"taxonomy":"post_tag","embeddable":true,"href":"https:\/\/www.europesays.com\/fi\/wp-json\/wp\/v2\/tags?post=139755"}],"curies":[{"name":"wp","href":"https:\/\/api.w.org\/{rel}","templated":true}]}}