{"id":139761,"date":"2026-01-11T18:59:08","date_gmt":"2026-01-11T18:59:08","guid":{"rendered":"https:\/\/www.europesays.com\/fi\/139761\/"},"modified":"2026-01-11T18:59:08","modified_gmt":"2026-01-11T18:59:08","slug":"jari-saarion-veneessa-syttyi-tulipalo-silloin-iski-hata","status":"publish","type":"post","link":"https:\/\/www.europesays.com\/fi\/139761\/","title":{"rendered":"Jari Saarion veneess\u00e4 syttyi tulipalo \u2013 Silloin iski h\u00e4t\u00e4"},"content":{"rendered":"<p>Saario toivoi, ett\u00e4 palo sammuisi.<\/p>\n<p><img decoding=\"async\" class=\"image image-show image-preview\" src=\"https:\/\/www.europesays.com\/fi\/wp-content\/uploads\/2026\/01\/21662a128598219f048e6e2a918bea3a473143c5e9064e86506f4d3a33227016.jpg\" alt=\"\"\/><img decoding=\"async\" class=\"image image-show\" src=\"https:\/\/www.europesays.com\/fi\/wp-content\/uploads\/2026\/01\/1768157948_223_21662a128598219f048e6e2a918bea3a473143c5e9064e86506f4d3a33227016.jpg\" alt=\"\"\/><\/p>\n<p>Jari Saarion veneen akku syttyi palamaan. Jari Saarion albumi<\/p>\n<p class=\"paragraph\">Sunnuntaina pelastettu yksinsoutaja <strong>Jari Saario<\/strong> julkaisi illalla <a href=\"https:\/\/www.instagram.com\/p\/DTYRiLHDKrF\/\" target=\"_blank\" rel=\"noopener nofollow\">Instagramissa videon<\/a>, jossa h\u00e4n kertoi yksityiskohtaisemmin, mit\u00e4 merell\u00e4 tapahtui.<\/p>\n<p class=\"paragraph\">Jo ennen videota tiedettiin, ett\u00e4 Saarion veneen per\u00e4sin oli vaurioitunut kovassa merenk\u00e4ynniss\u00e4.<\/p>\n<p class=\"paragraph\">\u2013\u2009Silloin, kun minusta tuntui, ett\u00e4 per\u00e4sin ei ohjaa, oli pakko k\u00e4yd\u00e4 tarkistamassa se, Saario aloitti.<\/p>\n<p class=\"paragraph\">Saario ei voinut pit\u00e4\u00e4 turvavaljaita kiinnitettyn\u00e4, kun h\u00e4n l\u00e4hti tarkistamaan per\u00e4simen tilaa.<\/p>\n<p class=\"paragraph\">\u2013\u2009Jos k\u00e4y niin huono tuuri, ett\u00e4 vene k\u00e4\u00e4ntyy yl\u00f6salaisin silloin, niin sitten minun pit\u00e4\u00e4 vet\u00e4\u00e4 itseni pois ja toivoa, ett\u00e4 vene l\u00e4htee k\u00e4\u00e4ntym\u00e4\u00e4n. Niin se l\u00e4htikin, mutta vene j\u00e4i kallelleen, koska toisella laidalla oli niin paljon vett\u00e4.<\/p>\n<p class=\"paragraph\">Saario alkoi tyhjent\u00e4\u00e4 venett\u00e4\u00e4n vedest\u00e4. Vene k\u00e4\u00e4ntyi kahdesti, mink\u00e4 seurauksena vett\u00e4 p\u00e4\u00e4si veneen akkuihin. Akut syttyiv\u00e4t palamaan.<\/p>\n<p class=\"paragraph\">\u2013\u2009Toivoin vain, ett\u00e4 pystyisin tyhjent\u00e4m\u00e4\u00e4n sammuttimeni sinne. Akkupalot eiv\u00e4t normaalisti sammu noin helposti.<\/p>\n<p class=\"paragraph\">\u2013\u2009Silloin laukaisin my\u00f6s pelastuslauttani, koska tiesin, ett\u00e4 jos koko vene syttyy palamaan, on minulla hyvin v\u00e4h\u00e4n aikaa toimia.<\/p>\n<p class=\"paragraph\">Samalla Saario teki h\u00e4lytyksen. Siin\u00e4 vaiheessa h\u00e4n tiesi, ett\u00e4 peli oli pelattu.<\/p>\n<p class=\"paragraph\">\u2013\u2009Kun minulla ei ole en\u00e4\u00e4 s\u00e4hk\u00f6j\u00e4, olen oikeasti merih\u00e4d\u00e4ss\u00e4.<\/p>\n<p>Ylistyst\u00e4 kapteenille ja miehist\u00f6lle<\/p>\n<p class=\"paragraph\">Saario joutui merih\u00e4t\u00e4\u00e4n perjantaina. H\u00e4net saatiin pelastettua sunnuntain vastaisena y\u00f6n\u00e4 Cymona Eagle -alukselle.<\/p>\n<p class=\"paragraph\">Henkisesti ja fyysisesti hyvin voiva Saario on saanut tarvitsemaansa hoitoa aluksella ja on nyt tarkkailussa.<\/p>\n<p class=\"paragraph\">Saario jatkoi asiasta puhumista viel\u00e4 Instagram-tarinoiden puolella.<\/p>\n<p class=\"paragraph\">\u2013\u2009Kun tiesin, ett\u00e4 laiva oli jo l\u00e4hell\u00e4, ammuin kaksi h\u00e4t\u00e4rakettia. He sanoivat, ett\u00e4 se oli tosi hyv\u00e4 juttu. Kun n\u00e4in laivan, tiesin, ettei mik\u00e4\u00e4n ollut viel\u00e4 selv\u00e4\u00e4.<\/p>\n<p class=\"paragraph\">\u2013\u2009On supervaikeaa nousta tuollaisen 200-metrisen rahtilaivan kyytiin veneest\u00e4. He heittiv\u00e4t minulle liinoja ja yrittiv\u00e4t saada naruja kiinni. Ajauduin jo ihan per\u00e4\u00e4n asti. Sitten sain viime hetkell\u00e4 yhdest\u00e4 narusta kiinni. T\u00e4llaisen laivan k\u00e4\u00e4nt\u00e4minen olisi kest\u00e4nyt ehk\u00e4 30 minuuttia tuossa keliss\u00e4.<\/p>\n<p class=\"paragraph\">Miehist\u00f6 sai \u201dkovalla ty\u00f6ll\u00e4\u201d vedetty\u00e4 Saarion k\u00f6ysien ja verkon avulla.<\/p>\n<p class=\"paragraph\">\u2013\u2009Miten ammattitaitoinen kapteeni t\u00e4ss\u00e4 laivassa on. Miten h\u00e4n sai ohjattua valtavan laivan pienen veneen viereen niin, ett\u00e4 he saivat heitetty\u00e4 minulle k\u00f6yden. Ihan huikeaa ammattitaitoa.<\/p>\n<p class=\"paragraph\">Miehist\u00f6 on ottanut operaatiosta aiheutuneen viiv\u00e4styksen hyvin vastaan.<\/p>\n<p class=\"paragraph\">\u2013\u2009He kokevat pelastaneensa hengen. T\u00e4\u00e4ll\u00e4 on ihan superyst\u00e4v\u00e4llist\u00e4 jengi\u00e4. Koen olevani etuoikeutettu, ett\u00e4 juuri he tulivat pelastamaan minut.<\/p>\n<p class=\"paragraph\">Saarion Clayton-soutuvene j\u00e4i avomerelle.<\/p>\n<p class=\"paragraph\">Nyt Saario matkaa Cymone Eaglella Kapkapunkiin, josta h\u00e4n aloittaa kotimatkansa Suomeen. Aluksen on m\u00e4\u00e4r\u00e4 olla Kapkaupungissa alustavan arvion mukaan perjantaina 16. tammikuuta.<\/p>\n<p><script async src=\"\/\/www.instagram.com\/embed.js\"><\/script><\/p>\n","protected":false},"excerpt":{"rendered":"Saario toivoi, ett\u00e4 palo sammuisi. Jari Saarion veneen akku syttyi palamaan. Jari Saarion albumi Sunnuntaina pelastettu yksinsoutaja Jari&hellip;\n","protected":false},"author":2,"featured_media":139762,"comment_status":"","ping_status":"","sticky":false,"template":"","format":"standard","meta":{"footnotes":""},"categories":[136],"tags":[35,407,137,33,31,30,408,2187,121,41,120,32,2568,109],"class_list":{"0":"post-139761","1":"post","2":"type-post","3":"status-publish","4":"format-standard","5":"has-post-thumbnail","7":"category-julkkikset","8":"tag-24h","9":"tag-celebrities","10":"tag-entertainment","11":"tag-fi","12":"tag-finland","13":"tag-finnish","14":"tag-julkkikset","15":"tag-kulkuneuvot","16":"tag-liikenne-ja-kuljetus","17":"tag-liikunta-ja-urheilu","18":"tag-onnettomuustapaus","19":"tag-suomi","20":"tag-vesiliikenne","21":"tag-viihde"},"share_on_mastodon":{"url":"https:\/\/pubeurope.com\/@fi\/115878006803644227","error":""},"_links":{"self":[{"href":"https:\/\/www.europesays.com\/fi\/wp-json\/wp\/v2\/posts\/139761","targetHints":{"allow":["GET"]}}],"collection":[{"href":"https:\/\/www.europesays.com\/fi\/wp-json\/wp\/v2\/posts"}],"about":[{"href":"https:\/\/www.europesays.com\/fi\/wp-json\/wp\/v2\/types\/post"}],"author":[{"embeddable":true,"href":"https:\/\/www.europesays.com\/fi\/wp-json\/wp\/v2\/users\/2"}],"replies":[{"embeddable":true,"href":"https:\/\/www.europesays.com\/fi\/wp-json\/wp\/v2\/comments?post=139761"}],"version-history":[{"count":0,"href":"https:\/\/www.europesays.com\/fi\/wp-json\/wp\/v2\/posts\/139761\/revisions"}],"wp:featuredmedia":[{"embeddable":true,"href":"https:\/\/www.europesays.com\/fi\/wp-json\/wp\/v2\/media\/139762"}],"wp:attachment":[{"href":"https:\/\/www.europesays.com\/fi\/wp-json\/wp\/v2\/media?parent=139761"}],"wp:term":[{"taxonomy":"category","embeddable":true,"href":"https:\/\/www.europesays.com\/fi\/wp-json\/wp\/v2\/categories?post=139761"},{"taxonomy":"post_tag","embeddable":true,"href":"https:\/\/www.europesays.com\/fi\/wp-json\/wp\/v2\/tags?post=139761"}],"curies":[{"name":"wp","href":"https:\/\/api.w.org\/{rel}","templated":true}]}}