{"id":139763,"date":"2026-01-11T19:06:11","date_gmt":"2026-01-11T19:06:11","guid":{"rendered":"https:\/\/www.europesays.com\/fi\/139763\/"},"modified":"2026-01-11T19:06:11","modified_gmt":"2026-01-11T19:06:11","slug":"milanon-jaakiekkoareena-korkattiin-nyt-paljastui-viela-karumpi-naky","status":"publish","type":"post","link":"https:\/\/www.europesays.com\/fi\/139763\/","title":{"rendered":"Milanon j\u00e4\u00e4kiekkoareena korkattiin \u2013 Nyt paljastui viel\u00e4 karumpi n\u00e4ky"},"content":{"rendered":"<p>Olympial\u00e4tk\u00e4n p\u00e4\u00e4n\u00e4ytt\u00e4m\u00f6 on viel\u00e4 todella pahasti kesken. The Athleticin sivuilla julkaistiin karuja kuvia areenalta.<\/p>\n<p><img decoding=\"async\" class=\"image image-show image-preview\" src=\"https:\/\/www.europesays.com\/fi\/wp-content\/uploads\/2026\/01\/660a4705144911f85427ea11e0d8db94c7e05a095d320176727d12c65e47c8e9.jpg\" alt=\"\"\/><img decoding=\"async\" class=\"image image-show\" src=\"https:\/\/www.europesays.com\/fi\/wp-content\/uploads\/2026\/01\/1768158369_104_660a4705144911f85427ea11e0d8db94c7e05a095d320176727d12c65e47c8e9.jpg\" alt=\"\"\/><\/p>\n<p>Milanon olympia-areena on viel\u00e4 pahasti vaiheessa. Tulostaulu vaihdetaan viel\u00e4 kuulemma suurempaan ennen kisojen alkua. AOP<\/p>\n<p class=\"paragraph\">\u2013 Kuin olisi astunut rakennusty\u00f6maalle.<\/p>\n<p class=\"paragraph\">N\u00e4in kokenut NHL-toimittaja <strong>Chris Johnston<\/strong> kuvaili Milanon uutta olympia-areenaa, kun h\u00e4n piipahti siell\u00e4 katsomassa viime perjantaina ensimm\u00e4ist\u00e4 testipeli\u00e4.<\/p>\n<p class=\"paragraph\">Areena on yh\u00e4 pahasti keskener\u00e4inen, vaikka olympiakiekon alkuun on alle nelj\u00e4 viikkoa. Avausottelu pelataan Ranskan ja Italian naisten v\u00e4lill\u00e4 5.2.<\/p>\n<p class=\"paragraph\">Johnstonin mukaan hyv\u00e4 uutinen oli se, ett\u00e4 j\u00e4\u00e4 ja penkit olivat jo paikoillaan. Penkkej\u00e4 on kuitenkin valtavasti suunniteltua v\u00e4hemm\u00e4n, ja j\u00e4\u00e4 vaikuttaa surkealta.<\/p>\n<p class=\"paragraph\">Areenaan piti alkuper\u00e4isen suunnitelman mukaan mahtua 14\u00a0000 katsojaa, mutta koska kaikkia katsomoita ei ehdit\u00e4 tehd\u00e4, rakennukseen mahtuu vain 11 800 sierainparia.<\/p>\n<p class=\"paragraph\">J\u00e4\u00e4 taas petti jo testipelin ensimm\u00e4isess\u00e4 er\u00e4ss\u00e4, kun toisen maalin eteen tuli reik\u00e4. J\u00e4\u00e4n tekeminen lienee hankalaa, koska hallin sein\u00e4ss\u00e4 on viel\u00e4 useita isoja reiki\u00e4.<\/p>\n<p class=\"paragraph\">\u2013 Se aiheuttaa suuren haasteen j\u00e4\u00e4ntekij\u00f6ille, koska he eiv\u00e4t voi kunnolla s\u00e4\u00e4dell\u00e4 olosuhteita hallin sis\u00e4ll\u00e4, Johnston arvelee.<\/p>\n<p class=\"paragraph\">Pukukoppeja on tarkoitus rakentaa 14. Niist\u00e4 l\u00e4hes valmiina on vasta kolme, mutta paikallisilla on kova yritys saada kaikki valmiiksi ennen kisojen alkua. Yksi areenan ty\u00f6ntekij\u00f6ist\u00e4 kertoi Johnstonille, ett\u00e4 h\u00e4n oli juuri painanut 11 tunnin ty\u00f6p\u00e4iv\u00e4n.<\/p>\n<p class=\"paragraph\">Johnstonin mukaan areenassa on viel\u00e4 paljon maalaamattomia kipsilevyj\u00e4 ja viimeistelem\u00e4tt\u00f6mi\u00e4 betonilattioita. Perjantai-illan testimatsissa fanit joutuivat ostamaan ruokaa ja olutta areenan ulkopuolelle pys\u00e4k\u00f6idyist\u00e4 ruokarekoista.<\/p>\n<p class=\"paragraph\">J\u00e4\u00e4n yl\u00e4puolella roikkui naurettavan pieni tulostaulu, mutta se kuulemma vaihdetaan ennen olympiakisoja kaksi kertaa suurempaan kuutioon.<\/p>\n<p class=\"paragraph\">Kokonaan oma lukunsa on harjoitushalli, joka muistuttaa enemm\u00e4n kasvihuonetta kuin j\u00e4\u00e4hallia. Kyseinen kyh\u00e4elm\u00e4 on isossa roolissa olympiakisoissa, sill\u00e4 se on ainoa paikka, jossa kiekkojoukkueet p\u00e4\u00e4sev\u00e4t harjoittelemaan kuvioitaan.<\/p>\n<p class=\"paragraph\">Jos videokuva harjoitushallista ei n\u00e4y laitteellasi, voit katsoa sen <a href=\"https:\/\/x.com\/fwieser55\/status\/2010322094312341645\" target=\"_blank\" rel=\"noopener nofollow\">t\u00e4\u00e4lt\u00e4<\/a>.<\/p>\n<p>Perjantain testipeliss\u00e4 putiikit eiv\u00e4t viel\u00e4 olleet auki. Ruokaa ja juomaa piti hakea hallin ulkopuolelta. AOP<\/p>\n<p class=\"paragraph\">L\u00e4hde: <a href=\"https:\/\/www.nytimes.com\/athletic\/6958181\/2026\/01\/09\/olympic-hockey-rink-construction-first-look\/?source=user_shared_article\" target=\"_blank\" rel=\"noopener nofollow\">The Athletic<\/a><\/p>\n<p><a href=\"https:\/\/www.iltalehti.fi\/telkku\/?utm_source=iltalehti.fi&amp;utm_medium=almainternal&amp;utm_campaign=urheilu_artikkelibanneri&amp;utm_content=banner_612_a\" rel=\"nofollow noopener\" target=\"_blank\"><img decoding=\"async\" src=\"https:\/\/www.europesays.com\/fi\/wp-content\/uploads\/2025\/08\/7ef604e47d46ca174b7df4149bd3557dbde56a86d520f8e1b2125548b0a2e03a.png\" alt=\"TV-ohjelmat t\u00e4n\u00e4\u00e4n, TV-opas\"\/><\/a><\/p>\n","protected":false},"excerpt":{"rendered":"Olympial\u00e4tk\u00e4n p\u00e4\u00e4n\u00e4ytt\u00e4m\u00f6 on viel\u00e4 todella pahasti kesken. The Athleticin sivuilla julkaistiin karuja kuvia areenalta. Milanon olympia-areena on viel\u00e4&hellip;\n","protected":false},"author":2,"featured_media":139764,"comment_status":"","ping_status":"","sticky":false,"template":"","format":"standard","meta":{"footnotes":""},"categories":[158],"tags":[35,1274,33,31,30,1143,41,159,32,1145,160,161],"class_list":{"0":"post-139763","1":"post","2":"type-post","3":"status-publish","4":"format-standard","5":"has-post-thumbnail","7":"category-urheilu","8":"tag-24h","9":"tag-ammattiurheilu","10":"tag-fi","11":"tag-finland","12":"tag-finnish","13":"tag-jaakiekko","14":"tag-liikunta-ja-urheilu","15":"tag-sports","16":"tag-suomi","17":"tag-talviurheilu","18":"tag-urheilu","19":"tag-urheilutapahtumat"},"share_on_mastodon":{"url":"https:\/\/pubeurope.com\/@fi\/115878034444463466","error":""},"_links":{"self":[{"href":"https:\/\/www.europesays.com\/fi\/wp-json\/wp\/v2\/posts\/139763","targetHints":{"allow":["GET"]}}],"collection":[{"href":"https:\/\/www.europesays.com\/fi\/wp-json\/wp\/v2\/posts"}],"about":[{"href":"https:\/\/www.europesays.com\/fi\/wp-json\/wp\/v2\/types\/post"}],"author":[{"embeddable":true,"href":"https:\/\/www.europesays.com\/fi\/wp-json\/wp\/v2\/users\/2"}],"replies":[{"embeddable":true,"href":"https:\/\/www.europesays.com\/fi\/wp-json\/wp\/v2\/comments?post=139763"}],"version-history":[{"count":0,"href":"https:\/\/www.europesays.com\/fi\/wp-json\/wp\/v2\/posts\/139763\/revisions"}],"wp:featuredmedia":[{"embeddable":true,"href":"https:\/\/www.europesays.com\/fi\/wp-json\/wp\/v2\/media\/139764"}],"wp:attachment":[{"href":"https:\/\/www.europesays.com\/fi\/wp-json\/wp\/v2\/media?parent=139763"}],"wp:term":[{"taxonomy":"category","embeddable":true,"href":"https:\/\/www.europesays.com\/fi\/wp-json\/wp\/v2\/categories?post=139763"},{"taxonomy":"post_tag","embeddable":true,"href":"https:\/\/www.europesays.com\/fi\/wp-json\/wp\/v2\/tags?post=139763"}],"curies":[{"name":"wp","href":"https:\/\/api.w.org\/{rel}","templated":true}]}}