{"id":139770,"date":"2026-01-11T19:12:08","date_gmt":"2026-01-11T19:12:08","guid":{"rendered":"https:\/\/www.europesays.com\/fi\/139770\/"},"modified":"2026-01-11T19:12:08","modified_gmt":"2026-01-11T19:12:08","slug":"18-vuotias-opiskelija-perusti-poriin-oman-ravintolan-ei-ole-paljon-vapaa-aikaa-mutta-pystyn-kylla-lepaamaan","status":"publish","type":"post","link":"https:\/\/www.europesays.com\/fi\/139770\/","title":{"rendered":"18-vuotias opiskelija perusti Poriin oman ravintolan: \u201dEi ole paljon vapaa-aikaa, mutta pystyn kyll\u00e4 lep\u00e4\u00e4m\u00e4\u00e4n\u201d"},"content":{"rendered":"<p>K\u00e4pp\u00e4r\u00e4ss\u00e4 avautui uusi kebab-pizzeria Hekim. Ravintola\u00adyritt\u00e4j\u00e4 on 18-vuotias, joka samalla opiskelee aivan toisenlaista ammattia.<\/p>\n<p class=\"article-body mb-nof-24 px-nof-16\">Pori<\/p>\n<p class=\"article-body mb-nof-24 px-nof-16\">K\u00e4pp\u00e4r\u00e4 sai uuden ravintolan kuukausi sitten, kun joulukuun 8. p\u00e4iv\u00e4 vietettiin Hekim kebab pizzerian avajaisia.<\/p>\n<p class=\"article-body mb-nof-24 px-nof-16\">Yritt\u00e4j\u00e4n\u00e4 on vasta 18-vuotias <a class=\"font-bold underline-offset-[0.12em] [text-decoration:var(--person-link-text-decoration)] ![text-decoration-color:var(--person-link-text-decoration-color)]\" href=\"https:\/\/www.satakunnankansa.fi\/haku\/?query=Mehmet%20Keskin\" rel=\"nofollow noopener\" target=\"_blank\">Mehmet Keskin<\/a>. H\u00e4n toteaa iloisena, ett\u00e4 ensimm\u00e4inen kuukausi on sujunut oikein hyvin.<\/p>\n","protected":false},"excerpt":{"rendered":"K\u00e4pp\u00e4r\u00e4ss\u00e4 avautui uusi kebab-pizzeria Hekim. Ravintola\u00adyritt\u00e4j\u00e4 on 18-vuotias, joka samalla opiskelee aivan toisenlaista ammattia. Pori K\u00e4pp\u00e4r\u00e4 sai uuden&hellip;\n","protected":false},"author":2,"featured_media":139771,"comment_status":"","ping_status":"","sticky":false,"template":"","format":"standard","meta":{"footnotes":""},"categories":[12],"tags":[22,23,26,27,33,31,30,17,24,25,28,29,15,18,21,80,32,19,20,16],"class_list":{"0":"post-139770","1":"post","2":"type-post","3":"status-publish","4":"format-standard","5":"has-post-thumbnail","7":"category-suomi","8":"tag-breaking-news","9":"tag-breakingnews","10":"tag-featured-news","11":"tag-featurednews","12":"tag-fi","13":"tag-finland","14":"tag-finnish","15":"tag-headlines","16":"tag-latest-news","17":"tag-latestnews","18":"tag-main-news","19":"tag-mainnews","20":"tag-news","21":"tag-otsikot","22":"tag-paauutiset","23":"tag-satakunnan-kansa","24":"tag-suomi","25":"tag-top-stories","26":"tag-topstories","27":"tag-uutiset"},"share_on_mastodon":{"url":"https:\/\/pubeurope.com\/@fi\/115878058012098035","error":""},"_links":{"self":[{"href":"https:\/\/www.europesays.com\/fi\/wp-json\/wp\/v2\/posts\/139770","targetHints":{"allow":["GET"]}}],"collection":[{"href":"https:\/\/www.europesays.com\/fi\/wp-json\/wp\/v2\/posts"}],"about":[{"href":"https:\/\/www.europesays.com\/fi\/wp-json\/wp\/v2\/types\/post"}],"author":[{"embeddable":true,"href":"https:\/\/www.europesays.com\/fi\/wp-json\/wp\/v2\/users\/2"}],"replies":[{"embeddable":true,"href":"https:\/\/www.europesays.com\/fi\/wp-json\/wp\/v2\/comments?post=139770"}],"version-history":[{"count":0,"href":"https:\/\/www.europesays.com\/fi\/wp-json\/wp\/v2\/posts\/139770\/revisions"}],"wp:featuredmedia":[{"embeddable":true,"href":"https:\/\/www.europesays.com\/fi\/wp-json\/wp\/v2\/media\/139771"}],"wp:attachment":[{"href":"https:\/\/www.europesays.com\/fi\/wp-json\/wp\/v2\/media?parent=139770"}],"wp:term":[{"taxonomy":"category","embeddable":true,"href":"https:\/\/www.europesays.com\/fi\/wp-json\/wp\/v2\/categories?post=139770"},{"taxonomy":"post_tag","embeddable":true,"href":"https:\/\/www.europesays.com\/fi\/wp-json\/wp\/v2\/tags?post=139770"}],"curies":[{"name":"wp","href":"https:\/\/api.w.org\/{rel}","templated":true}]}}