{"id":139774,"date":"2026-01-11T19:25:13","date_gmt":"2026-01-11T19:25:13","guid":{"rendered":"https:\/\/www.europesays.com\/fi\/139774\/"},"modified":"2026-01-11T19:25:13","modified_gmt":"2026-01-11T19:25:13","slug":"kelly-clarksonin-lapset-menettivat-isansa-laulajalta-harvinainen-lausunto-arjesta-surun-keskella","status":"publish","type":"post","link":"https:\/\/www.europesays.com\/fi\/139774\/","title":{"rendered":"Kelly Clarksonin lapset menettiv\u00e4t is\u00e4ns\u00e4 \u2013 laulajalta harvinainen lausunto arjesta surun keskell\u00e4"},"content":{"rendered":"<p>Kelly Clarkson nauttii nyt arkisista asioista.<\/p>\n<p class=\"article-body mb-nof-24 px-nof-16\">Laulaja <a class=\"font-bold underline-offset-[0.12em] [text-decoration:var(--person-link-text-decoration)] ![text-decoration-color:var(--person-link-text-decoration-color)]\" href=\"https:\/\/www.is.fi\/haku\/?query=Kelly%20Clarksonin\" rel=\"nofollow noopener\" target=\"_blank\">Kelly Clarksonin<\/a> entinen aviomies ja lasten is\u00e4 <a class=\"font-bold underline-offset-[0.12em] [text-decoration:var(--person-link-text-decoration)] ![text-decoration-color:var(--person-link-text-decoration-color)]\" href=\"https:\/\/www.is.fi\/haku\/?query=Brandon%20Blackstock\" rel=\"nofollow noopener\" target=\"_blank\">Brandon Blackstock<\/a> kuoli sy\u00f6p\u00e4\u00e4n kes\u00e4ll\u00e4 48-vuotiaana.<\/p>\n<p class=\"article-body mb-nof-24 px-nof-16\">Nyt Clarkson on kertonut Blackstockin kuoleman j\u00e4lkeisest\u00e4 ajasta Youtube-kanavallaan. Clarksonilla on kaksi lasta, <a class=\"font-bold underline-offset-[0.12em] [text-decoration:var(--person-link-text-decoration)] ![text-decoration-color:var(--person-link-text-decoration-color)]\" href=\"https:\/\/www.is.fi\/haku\/?query=River\" rel=\"nofollow noopener\" target=\"_blank\">River<\/a> ja <a class=\"font-bold underline-offset-[0.12em] [text-decoration:var(--person-link-text-decoration)] ![text-decoration-color:var(--person-link-text-decoration-color)]\" href=\"https:\/\/www.is.fi\/haku\/?query=Remington\" rel=\"nofollow noopener\" target=\"_blank\">Remington<\/a>, jotka j\u00e4iv\u00e4t kaipaamaan is\u00e4\u00e4ns\u00e4. Lapset ovat i\u00e4lt\u00e4\u00e4n 9 ja 11.<\/p>\n<p class=\"article-body mb-nof-24 px-nof-16\">\u2013 Perheess\u00e4mme on ollut paljon meneill\u00e4\u00e4n viime aikoina, joten olen sallinut heid\u00e4n nukkua vieress\u00e4ni melko paljon, <a class=\"underline underline-offset-[0.12em] [text-decoration-thickness:var(--generic-link-underline-thickness)] [text-decoration-color:var(--generic-link-underline-color)] [text-decoration-skip-ink:var(--generic-link-underline-skip-ink)] break-words\" href=\"https:\/\/people.com\/kelly-clarkson-shares-rare-update-on-how-kids-are-doing-after-dad-brandon-blackstock-death-11883065\" rel=\"nofollow noopener\" target=\"_blank\">People<\/a> kirjoittaa Clarksonin sanoneen.<\/p>\n<p class=\"article-body mb-nof-24 px-nof-16\">\u2013 Kaksi koiraani, kaksi lastani ja min\u00e4. Se on paljon, h\u00e4n lis\u00e4si.<\/p>\n<p class=\"article-body mb-nof-24 px-nof-16\">Laulaja kertoi, ett\u00e4 lasten halaaminen tuo h\u00e4nelle hyv\u00e4n mielen joka p\u00e4iv\u00e4. Lasten kanssa k\u00e4ydyt keskustelut ovat erityisi\u00e4.<\/p>\n<p><img decoding=\"async\" src=\"https:\/\/www.europesays.com\/fi\/wp-content\/uploads\/2026\/01\/1768159513_488_468.jpg\" alt=\"Kelly Clarkson ja Brandon Blackstock poseerasivat vuonna 2019 yhdess\u00e4 yhteisten lastensa ja Blackstockin vanhempien lasten Sethin ja Savannahin kanssa.\" class=\"_Img_1rerz_1\" style=\"aspect-ratio:0.8296875\" loading=\"eager\"\/><\/p>\n<p class=\"article-picture-caption\">Kelly Clarkson ja Brandon Blackstock poseerasivat vuonna 2019 yhdess\u00e4 yhteisten lastensa ja Blackstockin vanhempien lasten Sethin ja Savannahin kanssa. Kuva:\u00a0Starmax \/ Newscom \/ Zuma \/ MVPhotos<\/p>\n<p class=\"article-body mb-nof-24 px-nof-16\">Sis\u00e4piiril\u00e4hde kertoi hiljattain Clarksonin syd\u00e4men s\u00e4rkyneen lastensa takia.<\/p>\n<p class=\"article-body mb-nof-24 px-nof-16\">\u2013 Is\u00e4n menett\u00e4minen on uskomattoman kivuliasta ja h\u00e4mment\u00e4v\u00e4\u00e4.<\/p>\n<p class=\"article-body mb-nof-24 px-nof-16\">L\u00e4hteen mukaan Clarkson ei kuitenkaan ole murtumassa, vaan suhtautuu el\u00e4m\u00e4\u00e4n hyvin realistisesti ja tekee kaikkensa lastensa eteen.<\/p>\n<p class=\"article-body mb-nof-24 px-nof-16\">Clarkson ja Blackstock meniv\u00e4t naimisiin vuonna 2013. Clarkson haki eroa vuonna 2020. Kun ex-pariskunnan lasten huoltajuutta k\u00e4siteltiin, oikeuden dokumenteissa todettiin, ett\u00e4 parin v\u00e4lille oli tullut erimielisyyksi\u00e4 ja yhteisen vanhemmuuden tielle oli tullut luottamusongelmia.<\/p>\n<p class=\"article-body mb-nof-24 px-nof-16\">Blackstock toimi liiton aikana Clarksonin managerina, ja h\u00e4n ty\u00f6skenteli my\u00f6s country-t\u00e4hti <a class=\"font-bold underline-offset-[0.12em] [text-decoration:var(--person-link-text-decoration)] ![text-decoration-color:var(--person-link-text-decoration-color)]\" href=\"https:\/\/www.is.fi\/haku\/?query=Blake%20Sheltonin\" rel=\"nofollow noopener\" target=\"_blank\">Blake Sheltonin<\/a> managerina.<\/p>\n","protected":false},"excerpt":{"rendered":"Kelly Clarkson nauttii nyt arkisista asioista. Laulaja Kelly Clarksonin entinen aviomies ja lasten is\u00e4 Brandon Blackstock kuoli sy\u00f6p\u00e4\u00e4n&hellip;\n","protected":false},"author":2,"featured_media":139775,"comment_status":"","ping_status":"","sticky":false,"template":"","format":"standard","meta":{"footnotes":""},"categories":[136],"tags":[407,137,33,31,30,34,408,32,109],"class_list":{"0":"post-139774","1":"post","2":"type-post","3":"status-publish","4":"format-standard","5":"has-post-thumbnail","7":"category-julkkikset","8":"tag-celebrities","9":"tag-entertainment","10":"tag-fi","11":"tag-finland","12":"tag-finnish","13":"tag-ilta-sanomat","14":"tag-julkkikset","15":"tag-suomi","16":"tag-viihde"},"share_on_mastodon":{"url":"https:\/\/pubeurope.com\/@fi\/115878109023100991","error":""},"_links":{"self":[{"href":"https:\/\/www.europesays.com\/fi\/wp-json\/wp\/v2\/posts\/139774","targetHints":{"allow":["GET"]}}],"collection":[{"href":"https:\/\/www.europesays.com\/fi\/wp-json\/wp\/v2\/posts"}],"about":[{"href":"https:\/\/www.europesays.com\/fi\/wp-json\/wp\/v2\/types\/post"}],"author":[{"embeddable":true,"href":"https:\/\/www.europesays.com\/fi\/wp-json\/wp\/v2\/users\/2"}],"replies":[{"embeddable":true,"href":"https:\/\/www.europesays.com\/fi\/wp-json\/wp\/v2\/comments?post=139774"}],"version-history":[{"count":0,"href":"https:\/\/www.europesays.com\/fi\/wp-json\/wp\/v2\/posts\/139774\/revisions"}],"wp:featuredmedia":[{"embeddable":true,"href":"https:\/\/www.europesays.com\/fi\/wp-json\/wp\/v2\/media\/139775"}],"wp:attachment":[{"href":"https:\/\/www.europesays.com\/fi\/wp-json\/wp\/v2\/media?parent=139774"}],"wp:term":[{"taxonomy":"category","embeddable":true,"href":"https:\/\/www.europesays.com\/fi\/wp-json\/wp\/v2\/categories?post=139774"},{"taxonomy":"post_tag","embeddable":true,"href":"https:\/\/www.europesays.com\/fi\/wp-json\/wp\/v2\/tags?post=139774"}],"curies":[{"name":"wp","href":"https:\/\/api.w.org\/{rel}","templated":true}]}}