{"id":139776,"date":"2026-01-11T19:29:09","date_gmt":"2026-01-11T19:29:09","guid":{"rendered":"https:\/\/www.europesays.com\/fi\/139776\/"},"modified":"2026-01-11T19:29:09","modified_gmt":"2026-01-11T19:29:09","slug":"paul-masvidal-muisteli-karua-tapahtumaa-deathin-klassikkoalbumin-nimen-taustalla-se-oli-kuin-suoraan-painajaisesta","status":"publish","type":"post","link":"https:\/\/www.europesays.com\/fi\/139776\/","title":{"rendered":"Paul Masvidal muisteli karua tapahtumaa Deathin klassikkoalbumin nimen taustalla &#8211; &#8221;Se oli kuin suoraan painajaisesta&#8221;"},"content":{"rendered":"<p><strong>Death <\/strong>julkaisi vuonna 1991 yhdeksi teknisen death metalin kivijalkoihin luettavan pitk\u00e4soiton Human. Levyll\u00e4 soittanut <strong>Cynic<\/strong>-kitaristi <strong>Paul Masvidal<\/strong> muisteli hiljattain The Garza Podcastissa vieraillessaan tapahtumaa, joka antoi Death-pomo <strong>Chuck Schuldinerille<\/strong> inspiraation paitsi levyn nimeen my\u00f6s konseptiin laulaja-kitaristin siirrytty\u00e4 alkuaikojen kauhusta ja gorella m\u00e4ss\u00e4ilyst\u00e4 yh\u00e4 vahvemmin introspektiivisiin ja eksistentiaalisiin lyriikoihin.<\/p>\n<p>\u201dTreenasimme levyn biisej\u00e4 Miamissa ja Chuck majaili minun luonani. Olimme juuri l\u00e4hteneet treeneist\u00e4 ja ajamassa kotiin, kun n\u00e4imme yht\u00e4kki\u00e4 outoja vilkuvia valoja tyhj\u00e4ll\u00e4 tontilla. \u2019Mit\u00e4 vittua nuo valot ovat? Ei tuolla pit\u00e4isi olla mit\u00e4\u00e4n valoja.\u2019 Ajoimme tien sivuun ja k\u00e4velimme katsomaan\u201d, <a href=\"https:\/\/metalinjection.net\/news\/paul-masvidal-explains-the-grim-story-behind-why-deaths-1991-album-is-called-human\" target=\"_blank\" rel=\"noreferrer noopener nofollow\">Masvidal kertaa<\/a>.<\/p>\n<p>\u201dSiell\u00e4 oli tapahtunut moottoripy\u00f6r\u00e4onnettomuus. Siin\u00e4 oli nuori tytt\u00f6 ja mies. Mies oli h\u00e4din tuskin elossa, tytt\u00f6 oli menehtynyt. Se oli karmiva n\u00e4ky, kuin suoraan painajaisesta.\u201d<\/p>\n<p>\u201dSilloin ei ollut k\u00e4nnyk\u00f6it\u00e4, joten min\u00e4 ja Chuck j\u00e4imme paikalle, kun muut l\u00e4htiv\u00e4t etsim\u00e4\u00e4n puhelinta ja soittamaan poliisille. Siin\u00e4 me Chuckin kanssa vain hengailimme niiden ruumiiden luona. Muistan, miten siin\u00e4 hetkess\u00e4 Chuckille valkeni, mik\u00e4 levyn konsepti ja nimi tulee olemaan. Se oli mielest\u00e4ni hyvin symbolinen hetki.\u201d<\/p>\n<p>\u201dLuulen h\u00e4nen k\u00e4yneen sanoituksia l\u00e4pi mieless\u00e4\u00e4n ja ajatelleen, ett\u00e4 t\u00e4st\u00e4 on tulossa jotain hyvin inhimillist\u00e4. H\u00e4n oli joka tapauksessa menossa jo siihen suuntaan, mutta luulen, ett\u00e4 tuo hyvin intesiivinen hetki selkeytti h\u00e4nen polkuaan.\u201d<\/p>\n<p><img loading=\"lazy\" decoding=\"async\" alt=\"YouTube video\" width=\"480\" height=\"360\" data-pin-nopin=\"true\" nopin=\"nopin\" class=\"perfmatters-lazy\" src=\"https:\/\/www.europesays.com\/fi\/wp-content\/uploads\/2026\/01\/1768159749_75_hqdefault.jpg\"\/><\/p>\n<p><img loading=\"lazy\" decoding=\"async\" alt=\"YouTube video\" width=\"480\" height=\"360\" data-pin-nopin=\"true\" nopin=\"nopin\" class=\"perfmatters-lazy\" src=\"https:\/\/www.europesays.com\/fi\/wp-content\/uploads\/2026\/01\/1768159749_702_hqdefault.jpg\"\/><\/p>\n<p>Lue my\u00f6s: <a href=\"https:\/\/www.inferno.fi\/uutiset\/emme-todellakaan-istuneet-alas-ja-keksineet-jonkinlaista-nerokasta-suunnitelmaa-etta-yhdistamme-nyt-naita-metallin-osasia-ja-kutsumme-sotkua-death-metaliksi-suuri-teemajuttu-deat\/\" title=\"\u201dEmme todellakaan istuneet alas ja keksineet jonkinlaista nerokasta suunnitelmaa, ett\u00e4 yhdist\u00e4mme nyt n\u00e4it\u00e4 metallin osasia ja kutsumme sotkua death metaliksi\u201d \u2013 suuri teemajuttu Death-yhtyeest\u00e4 ja Chuck Schuldinerista\" class=\"underline-custom !font-montserrat !font-bold !underline-offset-4 !decoration-4 !decoration-red-600 !text-md\" rel=\"nofollow noopener\" target=\"_blank\">\u201dEmme todellakaan istuneet alas ja keksineet jonkinlaista nerokasta suunnitelmaa, ett\u00e4 yhdist\u00e4mme nyt n\u00e4it\u00e4 metallin osasia ja kutsumme sotkua death metaliksi\u201d \u2013 suuri teemajuttu Death-yhtyeest\u00e4 ja Chuck Schuldinerista<\/a><\/p>\n<p>Lue my\u00f6s: <a href=\"https:\/\/www.inferno.fi\/uutiskirje\/\" title=\"Tilaa Infernon uutiskirje\" class=\"underline-custom !font-montserrat !font-bold !underline-offset-4 !decoration-4 !decoration-red-600 !text-md\" rel=\"nofollow noopener\" target=\"_blank\">Tilaa Infernon uutiskirje ja tied\u00e4t mist\u00e4 kahvitauolla puhutaan! Nappaa raskaan musiikin uutiset ja puheenaiheet suoraan s\u00e4hk\u00f6postiin t\u00e4st\u00e4.<\/a><\/p>\n","protected":false},"excerpt":{"rendered":"Death julkaisi vuonna 1991 yhdeksi teknisen death metalin kivijalkoihin luettavan pitk\u00e4soiton Human. Levyll\u00e4 soittanut Cynic-kitaristi Paul Masvidal muisteli&hellip;\n","protected":false},"author":2,"featured_media":139777,"comment_status":"","ping_status":"","sticky":false,"template":"","format":"standard","meta":{"footnotes":""},"categories":[132],"tags":[137,33,31,30,195,47,32,109],"class_list":{"0":"post-139776","1":"post","2":"type-post","3":"status-publish","4":"format-standard","5":"has-post-thumbnail","7":"category-musiikki","8":"tag-entertainment","9":"tag-fi","10":"tag-finland","11":"tag-finnish","12":"tag-music","13":"tag-musiikki","14":"tag-suomi","15":"tag-viihde"},"share_on_mastodon":{"url":"https:\/\/pubeurope.com\/@fi\/115878124770307353","error":""},"_links":{"self":[{"href":"https:\/\/www.europesays.com\/fi\/wp-json\/wp\/v2\/posts\/139776","targetHints":{"allow":["GET"]}}],"collection":[{"href":"https:\/\/www.europesays.com\/fi\/wp-json\/wp\/v2\/posts"}],"about":[{"href":"https:\/\/www.europesays.com\/fi\/wp-json\/wp\/v2\/types\/post"}],"author":[{"embeddable":true,"href":"https:\/\/www.europesays.com\/fi\/wp-json\/wp\/v2\/users\/2"}],"replies":[{"embeddable":true,"href":"https:\/\/www.europesays.com\/fi\/wp-json\/wp\/v2\/comments?post=139776"}],"version-history":[{"count":0,"href":"https:\/\/www.europesays.com\/fi\/wp-json\/wp\/v2\/posts\/139776\/revisions"}],"wp:featuredmedia":[{"embeddable":true,"href":"https:\/\/www.europesays.com\/fi\/wp-json\/wp\/v2\/media\/139777"}],"wp:attachment":[{"href":"https:\/\/www.europesays.com\/fi\/wp-json\/wp\/v2\/media?parent=139776"}],"wp:term":[{"taxonomy":"category","embeddable":true,"href":"https:\/\/www.europesays.com\/fi\/wp-json\/wp\/v2\/categories?post=139776"},{"taxonomy":"post_tag","embeddable":true,"href":"https:\/\/www.europesays.com\/fi\/wp-json\/wp\/v2\/tags?post=139776"}],"curies":[{"name":"wp","href":"https:\/\/api.w.org\/{rel}","templated":true}]}}