{"id":139778,"date":"2026-01-11T19:32:11","date_gmt":"2026-01-11T19:32:11","guid":{"rendered":"https:\/\/www.europesays.com\/fi\/139778\/"},"modified":"2026-01-11T19:32:11","modified_gmt":"2026-01-11T19:32:11","slug":"patrik-laine-palasi-harjoituksiin-ihanaa","status":"publish","type":"post","link":"https:\/\/www.europesays.com\/fi\/139778\/","title":{"rendered":"Patrik Laine palasi harjoituksiin: \u201dIhanaa\u201d"},"content":{"rendered":"<p>Tamperelaishy\u00f6kk\u00e4\u00e4j\u00e4 ei saanut ottaa viel\u00e4 kontaktia.<\/p>\n<p class=\"article-body mb-nof-24 px-nof-16\">Pitk\u00e4\u00e4n sivussa ollut tamperelaishy\u00f6kk\u00e4\u00e4j\u00e4 <a class=\"font-bold underline-offset-[0.12em] [text-decoration:var(--person-link-text-decoration)] ![text-decoration-color:var(--person-link-text-decoration-color)]\" href=\"https:\/\/www.aamulehti.fi\/haku\/?query=Patrik%20Laine\" rel=\"nofollow noopener\" target=\"_blank\">Patrik Laine<\/a> palasi lauantaina Montreal Canadiensin NHL-harjoituksiin.<\/p>\n<p class=\"article-body mb-nof-24 px-nof-16\">Lauantain aamuj\u00e4ill\u00e4 Laineeseen ei viel\u00e4 saanut ottaa kontaktia. Suomalaislaituri aloitti aiemmin t\u00e4ll\u00e4 viikolla j\u00e4\u00e4harjoittelun yksin\u00e4\u00e4n.<\/p>\n<p class=\"article-body mb-nof-24 px-nof-16\">Viestint\u00e4palvelu X:\u00e4\u00e4n ladatuissa videoissa Laine, 27, n\u00e4hd\u00e4\u00e4n harjoittelemassa hy\u00f6kk\u00e4yskuvioita joukkuekavereidensa kanssa.<\/p>\n<p class=\"article-body mb-nof-24 px-nof-16\">\u201dIhanaa n\u00e4hd\u00e4 n\u00e4m\u00e4 j\u00e4tk\u00e4t j\u00e4\u00e4ll\u00e4\u201d, Canadiensin sosiaalisen median p\u00e4ivityksess\u00e4 iloitaan.<\/p>\n<p class=\"article-body mb-nof-24 px-nof-16\">My\u00f6s Canadiensin hy\u00f6kk\u00e4\u00e4j\u00e4t <a class=\"font-bold underline-offset-[0.12em] [text-decoration:var(--person-link-text-decoration)] ![text-decoration-color:var(--person-link-text-decoration-color)]\" href=\"https:\/\/www.aamulehti.fi\/haku\/?query=Jake%20Evans\" rel=\"nofollow noopener\" target=\"_blank\">Jake Evans<\/a> ja <a class=\"font-bold underline-offset-[0.12em] [text-decoration:var(--person-link-text-decoration)] ![text-decoration-color:var(--person-link-text-decoration-color)]\" href=\"https:\/\/www.aamulehti.fi\/haku\/?query=Kirby%20Dach\" rel=\"nofollow noopener\" target=\"_blank\">Kirby Dach<\/a> palasivat harjoituksiin loukkaantumistensa j\u00e4ljilt\u00e4.<\/p>\n<p class=\"article-body mb-nof-24 px-nof-16\">Laine on ollut tositoimista sivussa lokakuun puoliv\u00e4list\u00e4 saakka, koska h\u00e4nen lihasper\u00e4inen alavartalovammansa vaati leikkaushoitoa.<\/p>\n<p class=\"article-body mb-nof-24 px-nof-16\">Tuolloin Laineen oletettiin j\u00e4\u00e4v\u00e4n sivuun peleist\u00e4 3\u20134 kuukauden ajaksi. Canadiensin general manager <a class=\"font-bold underline-offset-[0.12em] [text-decoration:var(--person-link-text-decoration)] ![text-decoration-color:var(--person-link-text-decoration-color)]\" href=\"https:\/\/www.aamulehti.fi\/haku\/?query=Kent%20Hughes\" rel=\"nofollow noopener\" target=\"_blank\">Kent Hughes<\/a> vahvisti tiistaina, ett\u00e4 alkuper\u00e4inen arvio suomalaisen paluun aikataulusta pit\u00e4\u00e4.<\/p>\n<p class=\"article-body mb-nof-24 px-nof-16\">L\u00e4hes koko kauden ilman suomalaishy\u00f6kk\u00e4\u00e4j\u00e4\u00e4 pelannut Canadiens on NHL:n it\u00e4isen konferenssin nelj\u00e4nten\u00e4 ja kiinni pudotuspelipaikassa.<\/p>\n","protected":false},"excerpt":{"rendered":"Tamperelaishy\u00f6kk\u00e4\u00e4j\u00e4 ei saanut ottaa viel\u00e4 kontaktia. Pitk\u00e4\u00e4n sivussa ollut tamperelaishy\u00f6kk\u00e4\u00e4j\u00e4 Patrik Laine palasi lauantaina Montreal Canadiensin NHL-harjoituksiin. Lauantain&hellip;\n","protected":false},"author":2,"featured_media":139779,"comment_status":"","ping_status":"","sticky":false,"template":"","format":"standard","meta":{"footnotes":""},"categories":[158],"tags":[157,33,31,30,159,32,160],"class_list":{"0":"post-139778","1":"post","2":"type-post","3":"status-publish","4":"format-standard","5":"has-post-thumbnail","7":"category-urheilu","8":"tag-aamulehti","9":"tag-fi","10":"tag-finland","11":"tag-finnish","12":"tag-sports","13":"tag-suomi","14":"tag-urheilu"},"share_on_mastodon":{"url":"https:\/\/pubeurope.com\/@fi\/115878136896489100","error":""},"_links":{"self":[{"href":"https:\/\/www.europesays.com\/fi\/wp-json\/wp\/v2\/posts\/139778","targetHints":{"allow":["GET"]}}],"collection":[{"href":"https:\/\/www.europesays.com\/fi\/wp-json\/wp\/v2\/posts"}],"about":[{"href":"https:\/\/www.europesays.com\/fi\/wp-json\/wp\/v2\/types\/post"}],"author":[{"embeddable":true,"href":"https:\/\/www.europesays.com\/fi\/wp-json\/wp\/v2\/users\/2"}],"replies":[{"embeddable":true,"href":"https:\/\/www.europesays.com\/fi\/wp-json\/wp\/v2\/comments?post=139778"}],"version-history":[{"count":0,"href":"https:\/\/www.europesays.com\/fi\/wp-json\/wp\/v2\/posts\/139778\/revisions"}],"wp:featuredmedia":[{"embeddable":true,"href":"https:\/\/www.europesays.com\/fi\/wp-json\/wp\/v2\/media\/139779"}],"wp:attachment":[{"href":"https:\/\/www.europesays.com\/fi\/wp-json\/wp\/v2\/media?parent=139778"}],"wp:term":[{"taxonomy":"category","embeddable":true,"href":"https:\/\/www.europesays.com\/fi\/wp-json\/wp\/v2\/categories?post=139778"},{"taxonomy":"post_tag","embeddable":true,"href":"https:\/\/www.europesays.com\/fi\/wp-json\/wp\/v2\/tags?post=139778"}],"curies":[{"name":"wp","href":"https:\/\/api.w.org\/{rel}","templated":true}]}}