{"id":139784,"date":"2026-01-11T19:37:10","date_gmt":"2026-01-11T19:37:10","guid":{"rendered":"https:\/\/www.europesays.com\/fi\/139784\/"},"modified":"2026-01-11T19:37:10","modified_gmt":"2026-01-11T19:37:10","slug":"venezuela-gronlanti-ja-donroen-oppi-tama-kaikki-tapahtui-trumpin-hullulla-viikolla","status":"publish","type":"post","link":"https:\/\/www.europesays.com\/fi\/139784\/","title":{"rendered":"Venezuela, Gr\u00f6nlanti ja Donroen oppi: t\u00e4m\u00e4 kaikki tapahtui Trumpin hullulla viikolla"},"content":{"rendered":"<p>Kokoava juttu|Tammikuun alussa Yhdysvallat hy\u00f6kk\u00e4si Venezuelaan, presidentti Donald Trump uhkasi Natoa ja kyseenalaisti kansainv\u00e4lisen politiikan pelis\u00e4\u00e4nn\u00f6t.<\/p>\n<p>Lue tiivistelm\u00e4<\/p>\n<p class=\"article-body mb-nof-24 px-nof-16 sndp-summary-bullet-point-font\">Yhdysvaltain presidentti Donald Trump on ravistellut maailmaa aggressiivisella ulkopolitiikallaan tammikuun ensimm\u00e4isill\u00e4 viikoilla.<\/p>\n<p class=\"article-body mb-nof-24 px-nof-16 sndp-summary-bullet-point-font\">Yhdysvallat hy\u00f6kk\u00e4si Venezuelaan ja kaappasi maan presidentin Nicol\u00e1s Maduron, jota Trump syytt\u00e4\u00e4 huumesalakuljetuksesta.<\/p>\n<p class=\"article-body mb-nof-24 px-nof-16 sndp-summary-bullet-point-font\">Trump on uhannut sotilaallisilla operaatioilla my\u00f6s Kuubaa, Kolumbiaa ja Meksikoa vastaan sek\u00e4 vaatinut Gr\u00f6nlannin haltuunottoa.<\/p>\n<p class=\"article-body mb-nof-24 px-nof-16 sndp-summary-bullet-point-font\">Trump sanoi, ett\u00e4 h\u00e4nen moraalinsa on ainoa Yhdysvaltojen toimintaa rajoittava tekij\u00e4, eik\u00e4 h\u00e4n tarvitse kansainv\u00e4list\u00e4 oikeutta.<\/p>\n<p class=\"article-body mb-nof-24 px-nof-16\">Tammikuun ensimm\u00e4isten viikkojen aikana Yhdysvaltain presidentti <a class=\"font-bold underline-offset-[0.12em] [text-decoration:var(--person-link-text-decoration)] ![text-decoration-color:var(--person-link-text-decoration-color)]\" href=\"https:\/\/www.hs.fi\/haku\/?query=Donald%20Trump\" rel=\"nofollow noopener\" target=\"_blank\">Donald Trump<\/a> on ravistellut maailmaa aggressiivisella ulkopolitiikallaan. Yhdysvallat on tehnyt iskun Venezuelaan, uhannut Naton yhten\u00e4isyytt\u00e4 ja ilmoittanut Trumpin moraalin olevan ainoa maan toimintaa rajoittava tekij\u00e4.<\/p>\n<p class=\"article-body mb-nof-24 px-nof-16\">HS kokosi t\u00e4h\u00e4n artikkeliin tammikuun ensimm\u00e4isten viikkojen keskeisimm\u00e4t k\u00e4\u00e4nteet Yhdysvaltojen ulkopolitiikassa.<\/p>\n<p>Venezuelan presidentin kaappaus<\/p>\n<p class=\"article-body mb-nof-24 px-nof-16\">Paine Venezuelaa kohtaan oli kasvanut loppuvuodesta Yhdysvaltojen siirretty\u00e4 Karibianmerelle ja Meksikonlahdelle merkitt\u00e4v\u00e4\u00e4 sotilasvoimaa muun muassa lentotukialus Gerald R. Fordin muodossa.<\/p>\n<p class=\"article-body mb-nof-24 px-nof-16\">Tammikuun 3. p\u00e4iv\u00e4n vastaisena y\u00f6n\u00e4 Yhdysvallat lopulta hy\u00f6kk\u00e4si Venezuelaan ilmaiskuilla ja erikoisjoukoilla. Operaation lopputulemana Yhdysvallat kaappasi Venezuelan presidentin <a class=\"font-bold underline-offset-[0.12em] [text-decoration:var(--person-link-text-decoration)] ![text-decoration-color:var(--person-link-text-decoration-color)]\" href=\"https:\/\/www.hs.fi\/haku\/?query=Nicol%C3%A1s%20Maduron\" rel=\"nofollow noopener\" target=\"_blank\">Nicol\u00e1s Maduron<\/a>.<\/p>\n<p class=\"article-body mb-nof-24 px-nof-16\">Trumpin hallinto syytt\u00e4\u00e4 Maduroa huumesalakuljetuksesta. Maduro on kiist\u00e4nyt syytteet Yhdysvaltain oikeudessa.<\/p>\n<p class=\"article-body mb-nof-24 px-nof-16\">Trump on sanonut Yhdysvaltojen voivan hallita Venezuelaa jopa vuosia. H\u00e4n sanoi my\u00f6s Yhdysvaltojen tarkoituksena olevan hy\u00f6dynt\u00e4\u00e4 Venezuelan \u00f6ljyvaroja ja tuoda yhdysvaltalaisia \u00f6ljy-yhti\u00f6it\u00e4 maahan parantamaan \u00f6ljy-infrastruktuuria.<\/p>\n<p class=\"article-body mb-nof-24 px-nof-16\">\u201dAiomme k\u00e4ytt\u00e4\u00e4 \u00f6ljy\u00e4 ja aiomme ottaa \u00f6ljy\u00e4\u201d, <a class=\"underline underline-offset-[0.12em] [text-decoration-thickness:var(--generic-link-underline-thickness)] [text-decoration-color:var(--generic-link-underline-color)] [text-decoration-skip-ink:var(--generic-link-underline-skip-ink)] break-words\" href=\"https:\/\/www.nytimes.com\/2026\/01\/08\/us\/politics\/trump-interview-venezuela.html\" rel=\"nofollow noopener\" target=\"_blank\">presidentti sanoi <\/a>The New York Timesille torstaina.<\/p>\n<p class=\"article-body mb-nof-24 px-nof-16\">Venezuelan <a class=\"underline underline-offset-[0.12em] [text-decoration-thickness:var(--generic-link-underline-thickness)] [text-decoration-color:var(--generic-link-underline-color)] [text-decoration-skip-ink:var(--generic-link-underline-skip-ink)] break-words\" href=\"https:\/\/www.hs.fi\/maailma\/art-2000011729843.html\" rel=\"nofollow noopener\" target=\"_blank\">johtoon nousi<\/a> maan varapresidentti <a class=\"font-bold underline-offset-[0.12em] [text-decoration:var(--person-link-text-decoration)] ![text-decoration-color:var(--person-link-text-decoration-color)]\" href=\"https:\/\/www.hs.fi\/haku\/?query=Delcy%20Rodr%C3%ADguez\" rel=\"nofollow noopener\" target=\"_blank\">Delcy Rodr\u00edguez<\/a>, joka tekee Yhdysvaltojen kanssa yhteisty\u00f6t\u00e4.<\/p>\n<p><img decoding=\"async\" src=\"https:\/\/www.europesays.com\/fi\/wp-content\/uploads\/2026\/01\/1768160230_740_468.jpg\" alt=\"Yhdysvaltain presidentti Donald Trump seuraa puolustusministeri Pete Hegsethin ja ulkoministeri Marco Rubion kanssa Maduron kaappausoperaation etenemist\u00e4 Floridan Mar-a-Lagossa.\" class=\"_Img_1rerz_1\" style=\"aspect-ratio:1.5011727912431587\" loading=\"eager\"\/><\/p>\n<p class=\"article-picture-caption\">Yhdysvaltain presidentti Donald Trump seuraa puolustusministeri Pete Hegsethin ja ulkoministeri Marco Rubion kanssa Maduron kaappausoperaation etenemist\u00e4 Floridan Mar-a-Lagossa. Kuva:\u00a0White House Press Office<\/p>\n<p>Kuuba, Kolumbia ja Meksiko Trumpin t\u00e4ht\u00e4imiss\u00e4<\/p>\n<p class=\"article-body mb-nof-24 px-nof-16\">Heti Venezuelan operaation j\u00e4lkeen Trump v\u00e4l\u00e4ytteli muihinkin maihin suuntautuvia sotilasoperaatioita. Listalla olivat muun muassa Kuuba, Kolumbia, Meksiko ja Iran.<\/p>\n<p class=\"article-body mb-nof-24 px-nof-16\">Presidentti Trump sanoi muun muassa Kolumbiaan kohdistuvan sotilaallisen operaation \u201dkuulostavan hyv\u00e4lt\u00e4\u201d.<\/p>\n<p class=\"article-body mb-nof-24 px-nof-16\">Trumpin mukaan t\u00e4ht\u00e4imiss\u00e4 on muidenkin maiden osalta juuri huumekauppa. Lauantaina 3. tammikuuta Trump sanoi huumekartellien \u201dpy\u00f6ritt\u00e4v\u00e4n Meksikoa\u201d.<\/p>\n<p class=\"article-body mb-nof-24 px-nof-16\">Torstaina Trump <a class=\"underline underline-offset-[0.12em] [text-decoration-thickness:var(--generic-link-underline-thickness)] [text-decoration-color:var(--generic-link-underline-color)] [text-decoration-skip-ink:var(--generic-link-underline-skip-ink)] break-words\" href=\"https:\/\/www.cnbc.com\/2026\/01\/09\/trump-us-military-cartels-mexico-land.html\" rel=\"nofollow noopener\" target=\"_blank\">kertoikin<\/a> Yhdysvaltojen aloittavan iskut huumekartelleja vastaan Meksikossa. Operaatioiden luonne ei ole viel\u00e4 tiedossa.<\/p>\n<p class=\"article-body mb-nof-24 px-nof-16\">Kolumbian presidentti <a class=\"font-bold underline-offset-[0.12em] [text-decoration:var(--person-link-text-decoration)] ![text-decoration-color:var(--person-link-text-decoration-color)]\" href=\"https:\/\/www.hs.fi\/haku\/?query=Gustavo%20Petro\" rel=\"nofollow noopener\" target=\"_blank\">Gustavo Petro<\/a> <a class=\"underline underline-offset-[0.12em] [text-decoration-thickness:var(--generic-link-underline-thickness)] [text-decoration-color:var(--generic-link-underline-color)] [text-decoration-skip-ink:var(--generic-link-underline-skip-ink)] break-words\" href=\"https:\/\/www.hs.fi\/maailma\/art-2000011738346.html\" rel=\"nofollow noopener\" target=\"_blank\">kertoi<\/a> perjantaina, ett\u00e4 Yhdysvallat oli suunnitellut sotilasoperaatiota suoraan Kolumbiaa vastaan. Tieto oli presidentin mukaan tullut suoraan Trumpilta.<\/p>\n<p>Gr\u00f6nlannin uhkailu ja Naton tulevaisuus<\/p>\n<p class=\"article-body mb-nof-24 px-nof-16\">Latinalaista Amerikkaa uhkaillessaan Trump v\u00e4l\u00e4ytti j\u00e4lleen my\u00f6s Gr\u00f6nlannin haltuunottoa. Presidentti sanoi Yhdysvaltojen tarvitsevan Gr\u00f6nlantia kansallisen turvallisuuden vuoksi.<\/p>\n<p class=\"article-body mb-nof-24 px-nof-16\">Tanskan p\u00e4\u00e4ministeri <a class=\"font-bold underline-offset-[0.12em] [text-decoration:var(--person-link-text-decoration)] ![text-decoration-color:var(--person-link-text-decoration-color)]\" href=\"https:\/\/www.hs.fi\/haku\/?query=Mette%20Frederiksen\" rel=\"nofollow noopener\" target=\"_blank\">Mette Frederiksen<\/a> <a class=\"underline underline-offset-[0.12em] [text-decoration-thickness:var(--generic-link-underline-thickness)] [text-decoration-color:var(--generic-link-underline-color)] [text-decoration-skip-ink:var(--generic-link-underline-skip-ink)] break-words\" href=\"https:\/\/www.hs.fi\/maailma\/art-2000011730083.html\" rel=\"nofollow noopener\" target=\"_blank\">kritisoi lausuntoja<\/a> v\u00e4litt\u00f6m\u00e4sti. Gr\u00f6nlanti on itsehallinnollinen osa Tanskan kuningaskuntaa.<\/p>\n<p class=\"article-body mb-nof-24 px-nof-16\">Maanantaina Trump sanoi Gr\u00f6nlannin kuuluvan \u201doikeutetusti\u201d Yhdysvalloille. Saari on v\u00e4itetysti liian huonosti puolustettu. Trumpin varakanslia\u00adp\u00e4\u00e4llikk\u00f6 <a class=\"font-bold underline-offset-[0.12em] [text-decoration:var(--person-link-text-decoration)] ![text-decoration-color:var(--person-link-text-decoration-color)]\" href=\"https:\/\/www.hs.fi\/haku\/?query=Stephen%20Miller\" rel=\"nofollow noopener\" target=\"_blank\">Stephen Miller<\/a> lis\u00e4si samana p\u00e4iv\u00e4n\u00e4, ett\u00e4 Yhdysvallat voisi ottaa saaren haltuunsa, jos tahtoisi.<\/p>\n<p class=\"article-body mb-nof-24 px-nof-16\">\u201dKukaan ei taistele Yhdysvaltoja vastaan Gr\u00f6nlannin tulevaisuudesta\u201d, Miller sanoi.<\/p>\n<p class=\"article-body mb-nof-24 px-nof-16\">Loppuviikosta Yhdysvaltain ulkoministeri <a class=\"font-bold underline-offset-[0.12em] [text-decoration:var(--person-link-text-decoration)] ![text-decoration-color:var(--person-link-text-decoration-color)]\" href=\"https:\/\/www.hs.fi\/haku\/?query=Marco%20Rubio\" rel=\"nofollow noopener\" target=\"_blank\">Marco Rubio<\/a> kuitenkin <a class=\"underline underline-offset-[0.12em] [text-decoration-thickness:var(--generic-link-underline-thickness)] [text-decoration-color:var(--generic-link-underline-color)] [text-decoration-skip-ink:var(--generic-link-underline-skip-ink)] break-words\" href=\"https:\/\/www.nytimes.com\/2026\/01\/06\/us\/politics\/rubio-trump-greenland.html\" rel=\"nofollow noopener\" target=\"_blank\">toppuutteli<\/a> hallinnon retoriikkaa ja sanoi Trumpin tahtovan ostaa Gr\u00f6nlannin. H\u00e4n kertoi torstaina tapaavansa Tanskan viranomaisia Gr\u00f6nlantiin liittyen.<\/p>\n<p class=\"article-body mb-nof-24 px-nof-16\">Torstaina Trump kuitenkin kiristi taas retoriikkaansa. The New York Timesin <a class=\"underline underline-offset-[0.12em] [text-decoration-thickness:var(--generic-link-underline-thickness)] [text-decoration-color:var(--generic-link-underline-color)] [text-decoration-skip-ink:var(--generic-link-underline-skip-ink)] break-words\" href=\"https:\/\/www.nytimes.com\/2026\/01\/08\/us\/politics\/trump-interview-power-morality.html\" rel=\"nofollow noopener\" target=\"_blank\">haastattelussa <\/a>h\u00e4n sanoi, ett\u00e4 h\u00e4nen t\u00e4ytyy ehk\u00e4 tehd\u00e4 valinta Gr\u00f6nlannin ja puolustusliitto Naton s\u00e4ilytt\u00e4misen v\u00e4lilt\u00e4.<\/p>\n<p class=\"article-body mb-nof-24 px-nof-16\">Trumpin lausunnot her\u00e4ttiv\u00e4t<a class=\"underline underline-offset-[0.12em] [text-decoration-thickness:var(--generic-link-underline-thickness)] [text-decoration-color:var(--generic-link-underline-color)] [text-decoration-skip-ink:var(--generic-link-underline-skip-ink)] break-words\" href=\"https:\/\/www.hs.fi\/kirjeenvaihtajat\/art-2000011730003.html\" rel=\"nofollow noopener\" target=\"_blank\"> laajaa huolta<\/a> Euroopassa viikon aikana.<\/p>\n<p><img decoding=\"async\" src=\"https:\/\/www.europesays.com\/fi\/wp-content\/uploads\/2026\/01\/1768160230_229_468.jpg\" alt=\"Tanskan asevoimien sotilaita harjoittelemassa Gr\u00f6nlannissa syyskuussa.\" class=\"_Img_1rerz_1\" style=\"aspect-ratio:1.5011727912431587\" loading=\"eager\"\/><\/p>\n<p class=\"article-picture-caption\">Tanskan asevoimien sotilaita harjoittelemassa Gr\u00f6nlannissa syyskuussa. Kuva:\u00a0Guglielmo Mangiapane<\/p>\n<p>Yhdysvaltojen ylivalta ja Trumpin oma moraali<\/p>\n<p class=\"article-body mb-nof-24 px-nof-16\">Sotaisan retoriikan rinnalla Trumpin ja h\u00e4nen hallintonsa korkeat virkamiehet ovat viitanneet useita kertoja niin kutsuttuun Monroen oppiin. Termi juontaa juurensa 1800-luvulle, jolloin Yhdysvaltain 5. presidentti <a class=\"font-bold underline-offset-[0.12em] [text-decoration:var(--person-link-text-decoration)] ![text-decoration-color:var(--person-link-text-decoration-color)]\" href=\"https:\/\/www.hs.fi\/haku\/?query=James%20Monroe\" rel=\"nofollow noopener\" target=\"_blank\">James Monroe<\/a> sanoi Yhdysvaltain pysyv\u00e4n poissa Euroopan asioista ja keskittyv\u00e4n l\u00e4ntiselle pallonpuoliskolle.<\/p>\n<p class=\"article-body mb-nof-24 px-nof-16\">Monroen oppia k\u00e4ytettiin jo tuolloin perustelemaan Yhdysvaltain imperialismia ja jatkuvia v\u00e4liintuloja V\u00e4li- ja Etel\u00e4-Amerikoissa.<\/p>\n<p class=\"article-body mb-nof-24 px-nof-16\">Yhdysvaltojen toimet Venezuelassa sek\u00e4 koventunut retoriikka muita Latinalaisen Amerikan maita ja Gr\u00f6nlantia kohtaan onkin n\u00e4hty mediassa juuri Monroen opin toisintona.<\/p>\n<p class=\"article-body mb-nof-24 px-nof-16\">Trump viittasi itse ulkopolitiikkaansa \u201dDonroen\u201d oppina.<\/p>\n<p class=\"article-body mb-nof-24 px-nof-16\">\u201dAmerikan ylivaltaa l\u00e4ntisell\u00e4 pallonpuoliskolla ei kyseenalaisteta en\u00e4\u00e4 koskaan\u201d, presidentti sanoi.<\/p>\n<p class=\"article-body mb-nof-24 px-nof-16\">Yhdysvallat my\u00f6s <a class=\"underline underline-offset-[0.12em] [text-decoration-thickness:var(--generic-link-underline-thickness)] [text-decoration-color:var(--generic-link-underline-color)] [text-decoration-skip-ink:var(--generic-link-underline-skip-ink)] break-words\" href=\"https:\/\/www.hs.fi\/maailma\/art-2000011735396.html\" rel=\"nofollow noopener\" target=\"_blank\">irtautui useista<\/a> kansainv\u00e4lisist\u00e4 j\u00e4rjest\u00f6ist\u00e4 kuluneella viikolla. Presidentti Trumpin lausunnot mukaan kansainv\u00e4linen s\u00e4\u00e4nt\u00f6pohjainen j\u00e4rjestelm\u00e4 ei ole Yhdysvalloille hy\u00f6dyllinen.<\/p>\n<p class=\"article-body mb-nof-24 px-nof-16\">\u201dEn tarvitse kansainv\u00e4list\u00e4 lakia\u201d, presidentti sanoi.<\/p>\n<p class=\"article-body mb-nof-24 px-nof-16\">Yhdysvaltojen toimintaa rajoittaa Trumpin mukaan vain h\u00e4nen oma moraalinsa.<\/p>\n<p class=\"article-body mb-nof-24 px-nof-16\">Trumpin hallinnon toiminta on her\u00e4tt\u00e4nyt huolta Yhdysvaltain kongressissa harvinaisesti niin demokraattien kuin republikaanienkin keskuudessa. Senaatti <a class=\"underline underline-offset-[0.12em] [text-decoration-thickness:var(--generic-link-underline-thickness)] [text-decoration-color:var(--generic-link-underline-color)] [text-decoration-skip-ink:var(--generic-link-underline-skip-ink)] break-words\" href=\"https:\/\/www.hs.fi\/maailma\/art-2000011737735.html\" rel=\"nofollow noopener\" target=\"_blank\">hyv\u00e4ksyi torstaina p\u00e4\u00e4t\u00f6slauselman<\/a>, joka rajoittaisi presidentin oikeuksia k\u00e4ytt\u00e4\u00e4 sotilaallista voimaa.<\/p>\n<p class=\"article-body mb-nof-24 px-nof-16\">P\u00e4\u00e4t\u00f6slauselman odotetaan j\u00e4\u00e4v\u00e4n l\u00e4hinn\u00e4 symboliseksi.<\/p>\n","protected":false},"excerpt":{"rendered":"Kokoava juttu|Tammikuun alussa Yhdysvallat hy\u00f6kk\u00e4si Venezuelaan, presidentti Donald Trump uhkasi Natoa ja kyseenalaisti kansainv\u00e4lisen politiikan pelis\u00e4\u00e4nn\u00f6t. Lue tiivistelm\u00e4&hellip;\n","protected":false},"author":2,"featured_media":139785,"comment_status":"","ping_status":"","sticky":false,"template":"","format":"standard","meta":{"footnotes":""},"categories":[14],"tags":[22,23,26,27,33,31,30,17,46,24,25,28,29,15,18,21,32,19,20,56,16,59,60,61],"class_list":{"0":"post-139784","1":"post","2":"type-post","3":"status-publish","4":"format-standard","5":"has-post-thumbnail","7":"category-ulkomaat","8":"tag-breaking-news","9":"tag-breakingnews","10":"tag-featured-news","11":"tag-featurednews","12":"tag-fi","13":"tag-finland","14":"tag-finnish","15":"tag-headlines","16":"tag-helsingin-sanomat","17":"tag-latest-news","18":"tag-latestnews","19":"tag-main-news","20":"tag-mainnews","21":"tag-news","22":"tag-otsikot","23":"tag-paauutiset","24":"tag-suomi","25":"tag-top-stories","26":"tag-topstories","27":"tag-ulkomaat","28":"tag-uutiset","29":"tag-world","30":"tag-world-news","31":"tag-worldnews"},"share_on_mastodon":{"url":"https:\/\/pubeurope.com\/@fi\/115878156341248595","error":""},"_links":{"self":[{"href":"https:\/\/www.europesays.com\/fi\/wp-json\/wp\/v2\/posts\/139784","targetHints":{"allow":["GET"]}}],"collection":[{"href":"https:\/\/www.europesays.com\/fi\/wp-json\/wp\/v2\/posts"}],"about":[{"href":"https:\/\/www.europesays.com\/fi\/wp-json\/wp\/v2\/types\/post"}],"author":[{"embeddable":true,"href":"https:\/\/www.europesays.com\/fi\/wp-json\/wp\/v2\/users\/2"}],"replies":[{"embeddable":true,"href":"https:\/\/www.europesays.com\/fi\/wp-json\/wp\/v2\/comments?post=139784"}],"version-history":[{"count":0,"href":"https:\/\/www.europesays.com\/fi\/wp-json\/wp\/v2\/posts\/139784\/revisions"}],"wp:featuredmedia":[{"embeddable":true,"href":"https:\/\/www.europesays.com\/fi\/wp-json\/wp\/v2\/media\/139785"}],"wp:attachment":[{"href":"https:\/\/www.europesays.com\/fi\/wp-json\/wp\/v2\/media?parent=139784"}],"wp:term":[{"taxonomy":"category","embeddable":true,"href":"https:\/\/www.europesays.com\/fi\/wp-json\/wp\/v2\/categories?post=139784"},{"taxonomy":"post_tag","embeddable":true,"href":"https:\/\/www.europesays.com\/fi\/wp-json\/wp\/v2\/tags?post=139784"}],"curies":[{"name":"wp","href":"https:\/\/api.w.org\/{rel}","templated":true}]}}