{"id":139790,"date":"2026-01-11T19:51:09","date_gmt":"2026-01-11T19:51:09","guid":{"rendered":"https:\/\/www.europesays.com\/fi\/139790\/"},"modified":"2026-01-11T19:51:09","modified_gmt":"2026-01-11T19:51:09","slug":"hanna-kinnunen-45-ilouutinen-puolittain-myos-itselleni","status":"publish","type":"post","link":"https:\/\/www.europesays.com\/fi\/139790\/","title":{"rendered":"Hanna Kinnunen, 45, ilouutinen: &#8221;Puolittain my\u00f6s itselleni&#8221;"},"content":{"rendered":"<p>\n            20240125, Helsinki. Salatut el\u00e4m\u00e4t 25 vuotta. Kuvassa Hanna Kinnunen.<br \/>\n            Timo Korhonen\n        <\/p>\n<p class=\"subtitle \">Hanna kertoo my\u00f6s kirjoittavansa kirjaa, joka kertoo siit\u00e4, kuinka h\u00e4nen isois\u00e4ns\u00e4 jatkosodassa 14-vuotiaana Neuvostoliittoon.<\/p>\n<p class=\"article-content article-content-width !bg-background\"> on melkoinen tapaus.<\/p>\n<p class=\"article-content article-content-width !bg-background\">Hanna laulaa, n\u00e4yttelee ja puhelee.<\/p>\n<p class=\"article-content article-content-width !bg-background\">Maanantaista l\u00e4htien h\u00e4n puhelee Aito Iskelm\u00e4n aamussa yhdess\u00e4  kanssa.<\/p>\n<p class=\"article-content article-content-width !bg-background\">Aiemmin Hanna on juontanut keskip\u00e4iv\u00e4\u00e4 ja Jenni iltaa.<\/p>\n<p>        <a itemprop=\"url\" href=\"https:\/\/www.seiska.fi\/kotimaa\/hanna-kinnunen-suhdepaljastus\/2020073\" rel=\"nofollow noopener\" target=\"_blank\"><\/p>\n<p>\nHanna Kinnunen\n<\/p>\n<p class=\"section-date\">\n        <strong class=\"article-section\" data-section=\"kotimaa\"><br \/>\n            kotimaa<br \/>\n        <\/strong><br \/>\n        14.12.2025 12:00\n    <\/p>\n<p>Hanna Kinnunen: Suhdepaljastus\n    <\/p>\n<p itemprop=\"description\" class=\"subtitle \">\n    N\u00e4yttelij\u00e4-muusikko tekee paljastuksen yksityisel\u00e4m\u00e4st\u00e4\u00e4n.\n<\/p>\n<p>        <\/a><\/p>\n<p class=\"article-content article-content-width !bg-background\">Paikka aamussa aukeni, kun edellinen aamutaikuri  lopetti radiossa.<\/p>\n<p>                <img decoding=\"async\" src=\"https:\/\/www.europesays.com\/fi\/wp-content\/uploads\/2026\/01\/1805288.webp.jpeg\" width=\"576\" height=\"639\" alt=\"Hanna on kokenut tekij\u00e4 radioaalloilla.\" loading=\"lazy\" \/>            <\/p>\n<p>\n            Hanna on kokenut tekij\u00e4 radioaalloilla.<br \/>\n            Hanna Kinnusen kotialbumi\n        <\/p>\n<p>&#8221;Tosi hyv\u00e4 meininki&#8221;<\/p>\n<p class=\"article-content article-content-width !bg-background\">Seiska tavoitti Hannan, jonka \u00e4\u00e4nest\u00e4 kuuluu aito innostus.<\/p>\n<p class=\"article-content article-content-width !bg-background\">\u2013 Iloinen yll\u00e4tys, puolittain my\u00f6s itselleni, ett\u00e4 palaan aamuun.<\/p>\n<p class=\"article-content article-content-width !bg-background\">\u2013 Olen ajatellut, etten en\u00e4\u00e4 koskaan tee aamuradiota, mutta sitten minut puhuttiin ymp\u00e4ri.<\/p>\n<p>        <a itemprop=\"url\" href=\"https:\/\/www.seiska.fi\/katso\/hanna-kinnunen-merkillisia-pyyntoja-salatut-elamat-faneilta\/1991081\" rel=\"nofollow noopener\" target=\"_blank\"><\/p>\n<p>\nSalatut el\u00e4m\u00e4t -t\u00e4hti\n<\/p>\n<p class=\"section-date\">\n        <strong class=\"article-section\" data-section=\"katso\"><br \/>\n            katso<br \/>\n        <\/strong><br \/>\n        12.11.2025 15:15\n    <\/p>\n<p>Hanna Kinnunen: Merkillisi\u00e4 pyynt\u00f6j\u00e4 Salatut el\u00e4m\u00e4t -faneilta\n    <\/p>\n<p itemprop=\"description\" class=\"subtitle \">\n    Salatut el\u00e4m\u00e4t -n\u00e4yttelij\u00e4 Hanna Kinnunen kertoo erikoisesta pyynn\u00f6st\u00e4, jonka saa toistuvasti faneiltaan.\n<\/p>\n<p>        <\/a><\/p>\n<p class=\"article-content article-content-width !bg-background\">Lopulta p\u00e4\u00e4t\u00f6s oli Hannan mukaan jopa helppo, sill\u00e4 h\u00e4n on tehnyt Pitk\u00e4 lounas -nimist\u00e4 ohjelmaa Jennin kanssa jo pidemm\u00e4n aikaa.<\/p>\n<p class=\"article-content article-content-width !bg-background\">\u2013 Meill\u00e4 on tosi hyv\u00e4 meininki siin\u00e4, Hanna kehuu.<\/p>\n<p>                <img decoding=\"async\" src=\"https:\/\/www.europesays.com\/fi\/wp-content\/uploads\/2026\/01\/1976781.webp.jpeg\" width=\"576\" height=\"269\" title=\"Hannan ty\u00f6t Salkkareissa jatkuvat.\" alt=\"Salatut el\u00e4m\u00e4t Salla ja Kari Taalasmaa (Hanna Kinnunen, Tommi Taurula)\" loading=\"lazy\" \/>            <\/p>\n<p>\n            Hannan ty\u00f6t Salkkareissa jatkuvat.<br \/>\n            MTV\n        <\/p>\n<p>45<\/p>\n<p class=\"article-content article-content-width !bg-background\">Radion aamuohjelmia voisi kuvailla jonkinlaiseksi kuningaslajiksi, sill\u00e4 siihen aikaan kuulijoita on paljon.<\/p>\n<p class=\"article-content article-content-width !bg-background\">Samalla kun moni vasta her\u00e4ilee tai haukottelee matkalla t\u00f6ihin, pit\u00e4\u00e4 juontajien olla peippoina luomassa hyv\u00e4\u00e4 fiilist\u00e4 heti aamutuimaan.<\/p>\n<p class=\"article-content article-content-width !bg-background\">\u2013 On aivan ihana ruveta her\u00e4\u00e4m\u00e4\u00e4n meid\u00e4n kuulijoiden kanssa uuteen p\u00e4iv\u00e4\u00e4n.<\/p>\n<p>        <a itemprop=\"url\" href=\"https:\/\/www.seiska.fi\/kotimaa\/hanna-kinnusen-asumoka-huvittaa-tajusin-vasta-taksissa\/1713643\" rel=\"nofollow noopener\" target=\"_blank\"><\/p>\n<p>\nAsumoka huvittaa!\n<\/p>\n<p class=\"section-date\">\n        <strong class=\"article-section\" data-section=\"kotimaa\"><br \/>\n            kotimaa<br \/>\n        <\/strong><br \/>\n        25.5.2025 19:30\n    <\/p>\n<p>Hanna Kinnusen asumoka huvittaa: &#8221;Tajusin vasta taksissa&#8230;&#8221;\n    <\/p>\n<p itemprop=\"description\" class=\"subtitle \">\n    Hyv\u00e4lt\u00e4 n\u00e4ytt\u00e4\u00e4, vaikkei aivan nappiin mennytk\u00e4\u00e4n.\n<\/p>\n<p>        <\/a><\/p>\n<p class=\"article-content article-content-width !bg-background\">\u2013 Meille tulee mielenkiintoisia vieraita sek\u00e4 superhauska kisa.<\/p>\n<p class=\"article-content article-content-width !bg-background\">Aamurytmi mahdollistaa my\u00f6s muutakin.<\/p>\n<p class=\"article-content article-content-width !bg-background\">\u2013 Jatkan Salkkareissa, kirjoitan kirjaa ja ensi perjantaina julkaistaan uusi biisi nimelt\u00e4 45, toteaa viime kes\u00e4n\u00e4 45 vuotta t\u00e4ytt\u00e4nyt Hanna.<\/p>\n<p>                <img decoding=\"async\" src=\"https:\/\/www.europesays.com\/fi\/wp-content\/uploads\/2026\/01\/1886495.webp.jpeg\" width=\"576\" height=\"720\" alt=\"Hannan parina aamuohjelmassa n\u00e4hd\u00e4\u00e4n Jenni Alexandrova. Onhan aamushow'n nimikin 'Kinnunen &amp; Alexandrova'.\" loading=\"lazy\" \/>            <\/p>\n<p>\n            Hannan parina aamuohjelmassa n\u00e4hd\u00e4\u00e4n Jenni Alexandrova. Onhan aamushow&#8217;n nimikin &#8221;Kinnunen &amp; Alexandrova&#8221;.<br \/>\n            Matti Matikainen\n        <\/p>\n<p>&#8221;Koskettava tarina&#8221;<\/p>\n<p class=\"article-content article-content-width !bg-background\">Mutta hetkinen. Kirja?<\/p>\n<p class=\"article-content article-content-width !bg-background\">\u2013 Kyll\u00e4, kirjoitan isois\u00e4ni tarinaa romaaniksi. H\u00e4net kaapattiin jatkosodassa 14-vuotiaana Neuvostoliittoon ja siit\u00e4 alkoi kolmen vuoden selviytymistarina.<\/p>\n<p class=\"article-content article-content-width !bg-background\">Hanna kertoo toteuttavansa isois\u00e4ns\u00e4 viimeist\u00e4 toivetta.<\/p>\n<p>        <a itemprop=\"url\" href=\"https:\/\/www.seiska.fi\/katso\/hanna-kinnunen-kuumottavassa-tilanteessa-poliisin-kanssa\/1956329\" rel=\"nofollow noopener\" target=\"_blank\"><\/p>\n<p>\nHanna Kinnunen\n<\/p>\n<p class=\"section-date\">\n        <strong class=\"article-section\" data-section=\"katso\"><br \/>\n            katso<br \/>\n        <\/strong><br \/>\n        9.10.2025 12:15\n    <\/p>\n<p>Hanna Kinnunen kuumottavassa tilanteessa poliisin kanssa\n    <\/p>\n<p itemprop=\"description\" class=\"subtitle \">\n    \u2013 Salla Taalasmaa on uhka \u2013 koko maailmalle, Hanna Kinnunen naurahtaa Salatut el\u00e4m\u00e4t -hahmostaan.\n<\/p>\n<p>        <\/a><\/p>\n<p class=\"article-content article-content-width !bg-background\">\u2013 Pappani pyysi ennen kuolemaansa, ett\u00e4 kirjoitan h\u00e4nen kokemuksistaan kirjan, kun mummosta aika j\u00e4tt\u00e4\u00e4. Se tapahtui kaksi vuotta sitten.<\/p>\n<p class=\"article-content article-content-width !bg-background\">\u2013 Todella kiehtova ja koskettava tarina.<\/p>\n<p class=\"article-content article-content-width !bg-background\">Hanna kertoo, ett\u00e4 tavoitteena on julkaista kirja vuoden p\u00e4\u00e4st\u00e4.<\/p>\n","protected":false},"excerpt":{"rendered":"20240125, Helsinki. Salatut el\u00e4m\u00e4t 25 vuotta. Kuvassa Hanna Kinnunen. Timo Korhonen Hanna kertoo my\u00f6s kirjoittavansa kirjaa, joka kertoo&hellip;\n","protected":false},"author":2,"featured_media":139791,"comment_status":"","ping_status":"","sticky":false,"template":"","format":"standard","meta":{"footnotes":""},"categories":[136],"tags":[13492,407,24220,137,33,31,30,13491,7385,408,2636,212,32,109],"class_list":{"0":"post-139790","1":"post","2":"type-post","3":"status-publish","4":"format-standard","5":"has-post-thumbnail","7":"category-julkkikset","8":"tag-aito-iskelma","9":"tag-celebrities","10":"tag-elina-otsala","11":"tag-entertainment","12":"tag-fi","13":"tag-finland","14":"tag-finnish","15":"tag-hanna-kinnunen","16":"tag-jenni-alexandrova","17":"tag-julkkikset","18":"tag-kirja","19":"tag-lifestyle","20":"tag-suomi","21":"tag-viihde"},"share_on_mastodon":{"url":"https:\/\/pubeurope.com\/@fi\/115878211288931173","error":""},"_links":{"self":[{"href":"https:\/\/www.europesays.com\/fi\/wp-json\/wp\/v2\/posts\/139790","targetHints":{"allow":["GET"]}}],"collection":[{"href":"https:\/\/www.europesays.com\/fi\/wp-json\/wp\/v2\/posts"}],"about":[{"href":"https:\/\/www.europesays.com\/fi\/wp-json\/wp\/v2\/types\/post"}],"author":[{"embeddable":true,"href":"https:\/\/www.europesays.com\/fi\/wp-json\/wp\/v2\/users\/2"}],"replies":[{"embeddable":true,"href":"https:\/\/www.europesays.com\/fi\/wp-json\/wp\/v2\/comments?post=139790"}],"version-history":[{"count":0,"href":"https:\/\/www.europesays.com\/fi\/wp-json\/wp\/v2\/posts\/139790\/revisions"}],"wp:featuredmedia":[{"embeddable":true,"href":"https:\/\/www.europesays.com\/fi\/wp-json\/wp\/v2\/media\/139791"}],"wp:attachment":[{"href":"https:\/\/www.europesays.com\/fi\/wp-json\/wp\/v2\/media?parent=139790"}],"wp:term":[{"taxonomy":"category","embeddable":true,"href":"https:\/\/www.europesays.com\/fi\/wp-json\/wp\/v2\/categories?post=139790"},{"taxonomy":"post_tag","embeddable":true,"href":"https:\/\/www.europesays.com\/fi\/wp-json\/wp\/v2\/tags?post=139790"}],"curies":[{"name":"wp","href":"https:\/\/api.w.org\/{rel}","templated":true}]}}