{"id":139797,"date":"2026-01-11T20:03:10","date_gmt":"2026-01-11T20:03:10","guid":{"rendered":"https:\/\/www.europesays.com\/fi\/139797\/"},"modified":"2026-01-11T20:03:10","modified_gmt":"2026-01-11T20:03:10","slug":"asiantuntija-tata-iranin-hallinnon-kaatuminen-tarkoittaisi-venajalle","status":"publish","type":"post","link":"https:\/\/www.europesays.com\/fi\/139797\/","title":{"rendered":"Asiantuntija: T\u00e4t\u00e4 Iranin hallinnon kaatuminen tarkoittaisi Ven\u00e4j\u00e4lle"},"content":{"rendered":"<p>Laajoja mielenosoituksia todistavan Iranin hallinnolla on l\u00e4heiset v\u00e4lit Ven\u00e4j\u00e4\u00e4n.<\/p>\n<p>Mielenosoitukset Iranissa jatkuvat.<\/p>\n<p class=\"article-body mb-nof-24 px-nof-16\">Laajat hallinnon vastaiset mielenosoitukset Iranissa jatkuvat.<\/p>\n<p class=\"article-body mb-nof-24 px-nof-16\">Britannian yleisradioyhti\u00f6 BBC:n <a class=\"underline underline-offset-[0.12em] [text-decoration-thickness:var(--generic-link-underline-thickness)] [text-decoration-color:var(--generic-link-underline-color)] [text-decoration-skip-ink:var(--generic-link-underline-skip-ink)] break-words\" href=\"https:\/\/www.bbc.com\/news\/articles\/cm2jek15m8no\" rel=\"nofollow noopener\" target=\"_blank\">mukaan<\/a> mielenosoitukset ovat levinneet jo yli sataan kaupunkiin ja taajamaan sek\u00e4 jokaiseen Iranin provinsseista.<\/p>\n<p class=\"article-body mb-nof-24 px-nof-16\">L\u00e4hi-id\u00e4n tutkimuksen professori <a class=\"font-bold underline-offset-[0.12em] [text-decoration:var(--person-link-text-decoration)] ![text-decoration-color:var(--person-link-text-decoration-color)]\" href=\"https:\/\/www.is.fi\/haku\/?query=Hannu%20Juusola\" rel=\"nofollow noopener\" target=\"_blank\">Hannu Juusola<\/a> Helsingin yliopistosta pit\u00e4\u00e4 vallankumousta Iranissa mahdollisena.<\/p>\n<p class=\"article-body mb-nof-24 px-nof-16\">\u2013\u2009Mutta se ei ole ollenkaan itsest\u00e4\u00e4nselvyys, Juusola sanoo.<\/p>\n<p class=\"article-body mb-nof-24 px-nof-16\">Juusolan mukaan nykyiset mielenosoitukset ovat hyvin laajalle levinneit\u00e4, ja niiden kannatus n\u00e4ytt\u00e4isi olevan laajaa eri yhteiskuntaluokissa.<\/p>\n<p class=\"article-body mb-nof-24 px-nof-16\">\u2013 Iranin regiimin asema on heikompi kuin koskaan, tai ainakin vuosikymmeniin, Juusola tiivist\u00e4\u00e4.<\/p>\n<p><img decoding=\"async\" src=\"https:\/\/www.europesays.com\/fi\/wp-content\/uploads\/2026\/01\/1768161788_204_468.jpg\" alt=\"L\u00e4hi-id\u00e4n tutkimuksen professori Hannu Juusola pit\u00e4\u00e4 Iranin vallankumousta mahdollisena.\" class=\"_Img_1rerz_1\" style=\"aspect-ratio:1.5011727912431587\" loading=\"eager\"\/><\/p>\n<p class=\"article-picture-caption\">L\u00e4hi-id\u00e4n tutkimuksen professori Hannu Juusola pit\u00e4\u00e4 Iranin vallankumousta mahdollisena. Kuva:\u00a0Ari Aalto \/ Helsingin yliopisto<\/p>\n<p class=\"article-body mb-nof-24 px-nof-16\">Iranin nykyhallinnolla on tunnetusti l\u00e4heiset suhteet Ven\u00e4j\u00e4\u00e4n. Ven\u00e4j\u00e4 on muun muassa saanut Iranilta lennokkiteknologiaa k\u00e4ytett\u00e4v\u00e4ksi hy\u00f6kk\u00e4yssodassaan Ukrainaa vastaan.<\/p>\n<p class=\"article-body mb-nof-24 px-nof-16\">Jos Iranissa vallankumous nyt tulisi, olisi kyse jo kolmannesta Ven\u00e4j\u00e4lle l\u00e4heisen hallinnon kaatumisesta reilun vuoden aikana.<\/p>\n<p class=\"article-body mb-nof-24 px-nof-16\">Joulukuussa 2024 Syyriassa maan nykyinen presidentti <a class=\"font-bold underline-offset-[0.12em] [text-decoration:var(--person-link-text-decoration)] ![text-decoration-color:var(--person-link-text-decoration-color)]\" href=\"https:\/\/www.is.fi\/haku\/?query=Ahmed%20al-Sharaa\" rel=\"nofollow noopener\" target=\"_blank\">Ahmed al-Sharaa<\/a> onnistui kaatamaan Ven\u00e4j\u00e4lle uskollisen hallitsijan <a class=\"font-bold underline-offset-[0.12em] [text-decoration:var(--person-link-text-decoration)] ![text-decoration-color:var(--person-link-text-decoration-color)]\" href=\"https:\/\/www.is.fi\/haku\/?query=Bashar%20al-Assadin\" rel=\"nofollow noopener\" target=\"_blank\">Bashar al-Assadin<\/a>. Vain reilu viikko sitten, 3. tammikuuta kaappasi Yhdysvallat puolestaan Ven\u00e4j\u00e4\u00e4n l\u00e4heisi\u00e4 suhteita yll\u00e4pit\u00e4neen Venezuelan presidentti <a class=\"font-bold underline-offset-[0.12em] [text-decoration:var(--person-link-text-decoration)] ![text-decoration-color:var(--person-link-text-decoration-color)]\" href=\"https:\/\/www.is.fi\/haku\/?query=Nicol%C3%A1s%20Maduron\" rel=\"nofollow noopener\" target=\"_blank\">Nicol\u00e1s Maduron<\/a>.<\/p>\n<p class=\"article-body mb-nof-24 px-nof-16\">Jos Iraninkin hallinto kaatuisi, mit\u00e4 se tarkoittaisi Ven\u00e4j\u00e4lle?<\/p>\n<p class=\"article-body mb-nof-24 px-nof-16\">Juusolan mukaan kyse olisi Ven\u00e4j\u00e4lle tappiosta \u2013 mutta tappiosta, jolla olisi vain v\u00e4h\u00e4n k\u00e4yt\u00e4nn\u00f6n merkityst\u00e4.<\/p>\n<p class=\"article-body mb-nof-24 px-nof-16\">\u2013\u2009Olisi se heille tavallaan kunniatappio. Se osoittaisi, ettei Ven\u00e4j\u00e4 pysty suojelemaan omia liittolaisiaan, Juusola kuvailee.<\/p>\n<p class=\"article-body mb-nof-24 px-nof-16\">\u2013\u2009Mutta k\u00e4yt\u00e4nn\u00f6ss\u00e4 merkitys olisi suhteellisen v\u00e4h\u00e4inen. Iranin merkitys Ven\u00e4j\u00e4n tukijana on suhteellisen rajattu.<\/p>\n<p><img decoding=\"async\" src=\"https:\/\/www.europesays.com\/fi\/wp-content\/uploads\/2026\/01\/1768161788_867_468.jpg\" alt=\"Hannu Juusola mukaan Iranin hallinnon kaatuminen olisi Ven\u00e4j\u00e4lle kunniatappio.\" class=\"_Img_1rerz_1\" style=\"aspect-ratio:1.461187214611872\" loading=\"eager\"\/><\/p>\n<p class=\"article-picture-caption\">Hannu Juusola mukaan Iranin hallinnon kaatuminen olisi Ven\u00e4j\u00e4lle kunniatappio. Kuva:\u00a0Mikhail Metzel \/ Sputnik \/ Reuters<\/p>\n<p class=\"article-body mb-nof-24 px-nof-16\">Juusolan mukaan Ven\u00e4j\u00e4ll\u00e4 on nyky\u00e4\u00e4n itsell\u00e4\u00e4n lennokkiteknologiaa, jonka Iran on aiemmin sille tarjonnut. N\u00e4in ei Iranin hallinnon kaatumisella olisi Juusolan arvion mukaan suurta vaikutusta my\u00f6sk\u00e4\u00e4n Ven\u00e4j\u00e4n kykyyn k\u00e4yd\u00e4 sotaa Ukrainaa vastaan.<\/p>\n<p class=\"article-body mb-nof-24 px-nof-16\">Iranin poliittisen tuen merkityst\u00e4 Ven\u00e4j\u00e4lle ei sit\u00e4k\u00e4\u00e4n pid\u00e4 liioitella, Juusola sanoo.<\/p>\n<p class=\"article-body mb-nof-24 px-nof-16\">\u2013\u2009Tietysti Ven\u00e4j\u00e4lle on t\u00e4rke\u00e4\u00e4, mit\u00e4 Iranissa tapahtuu, kun se on suhteellisen l\u00e4hell\u00e4 Ven\u00e4j\u00e4\u00e4. Jos Iranissa tulee kaaos, on se huono asia Ven\u00e4j\u00e4lle, Juusola sanoo.<\/p>\n<p class=\"article-body mb-nof-24 px-nof-16\">\u2013\u2009Mutta ei se k\u00e4\u00e4nteentekev\u00e4\u00e4 ole. Ven\u00e4j\u00e4n intressit ovat pitk\u00e4lti ihan muualla.<\/p>\n<p class=\"article-body mb-nof-24 px-nof-16\">Iranin islamistinen hallinto sulki viime torstai-illasta l\u00e4htien internetin maassa l\u00e4hes kokonaan, mink\u00e4 lis\u00e4ksi useimmat kansainv\u00e4liset mediat eiv\u00e4t pysty t\u00e4ll\u00e4 hetkell\u00e4 raportoimaan Iranin sis\u00e4puolelta.<\/p>\n<p><img decoding=\"async\" src=\"https:\/\/www.europesays.com\/fi\/wp-content\/uploads\/2026\/01\/1768161789_864_468.jpg\" alt=\"Kuvia Iranin mielenosoituksista on tullut vain harvakseltaan, sill\u00e4 hallinto sulki maasta internetin l\u00e4hes kokonaan.\" class=\"_Img_1rerz_1\" style=\"aspect-ratio:1.7744916820702403\" loading=\"eager\"\/><\/p>\n<p class=\"article-picture-caption\">Kuvia Iranin mielenosoituksista on tullut vain harvakseltaan, sill\u00e4 hallinto sulki maasta internetin l\u00e4hes kokonaan. Kuva:\u00a0Social media \/ Reuters<\/p>\n<p><img decoding=\"async\" src=\"https:\/\/www.europesays.com\/fi\/wp-content\/uploads\/2026\/01\/1767696368_327_468.jpg\" alt=\"Suurajatollah Ali Khamenei on kutsunut mielenosoittajia vandaalien joukoksi.\" class=\"_Img_1rerz_1\" style=\"aspect-ratio:1.518987341772152\" loading=\"eager\"\/><\/p>\n<p class=\"article-picture-caption\">Suurajatollah Ali Khamenei on kutsunut mielenosoittajia vandaalien joukoksi. Kuva:\u00a0Office of the Iranian Supreme Leader \/ WANA \/ Reuters<\/p>\n<p class=\"article-body mb-nof-24 px-nof-16\">Brittilehti The Guardianin <a class=\"underline underline-offset-[0.12em] [text-decoration-thickness:var(--generic-link-underline-thickness)] [text-decoration-color:var(--generic-link-underline-color)] [text-decoration-skip-ink:var(--generic-link-underline-skip-ink)] break-words\" href=\"https:\/\/www.theguardian.com\/global-development\/2026\/jan\/10\/iran-protesters-tell-of-brutal-police-response-deaths-and-forced-confessions\" rel=\"nofollow noopener\" target=\"_blank\">mukaan<\/a> jotkut hallintoa vastustavat iranilaiset ovat kuitenkin pystyneet l\u00e4hett\u00e4m\u00e4\u00e4n viestej\u00e4 ja videoita maan ulkopuolelle Starlink-satelliittiyhteyden avulla. Uutistoimisto Reutersin hankkimilla videoilla n\u00e4kyy laajoja mielenosoittaja\u00adjoukkoja ja kuuluu hallintoa vastustavien iskulauseiden huutoa. Reuters on onnistunut vahvistamaan videoiden sijainnin Mashhadin kaupungissa, mutta ei niiden ajankohtaa.<\/p>\n<p class=\"article-body mb-nof-24 px-nof-16\">Kansainv\u00e4listen medioiden saamat tiedot viittaavat siihen, ett\u00e4 Iranin hallinto on vastannut mielenosoituksiin v\u00e4kivallalla.<\/p>\n<p class=\"article-body mb-nof-24 px-nof-16\">Esimerkiksi BBC:lle puhuneet kahden iranilaisen sairaalan hoitohenkil\u00f6kunnan j\u00e4senet kertoivat, ett\u00e4 sairaaloihin oli tuotu kahden p\u00e4iv\u00e4n aikana yli sata ruumista.<\/p>\n<p class=\"article-body mb-nof-24 px-nof-16\">Lue lis\u00e4\u00e4: <a class=\"underline underline-offset-[0.12em] [text-decoration-thickness:var(--generic-link-underline-thickness)] [text-decoration-color:var(--generic-link-underline-color)] [text-decoration-skip-ink:var(--generic-link-underline-skip-ink)] break-words\" href=\"https:\/\/www.is.fi\/ulkomaat\/art-2000011742267.html\" rel=\"nofollow noopener\" target=\"_blank\">J\u00e4rkytt\u00e4v\u00e4 tilanne Iranin sairaaloissa \u2013 kuolleita kasattu rukoushuoneeseen<\/a><\/p>\n<p class=\"article-body mb-nof-24 px-nof-16\">BBC:n mukaan Iranin oikeusministeri on sanonut, ett\u00e4 kaikkia mielenosoittajia pidet\u00e4\u00e4n \u201dJumalan vihollisina\u201d, josta voidaan Iranissa antaa kuolemantuomio. Iranin johtaja, suurajatollah <a class=\"font-bold underline-offset-[0.12em] [text-decoration:var(--person-link-text-decoration)] ![text-decoration-color:var(--person-link-text-decoration-color)]\" href=\"https:\/\/www.is.fi\/haku\/?query=Ali%20Khamenei\" rel=\"nofollow noopener\" target=\"_blank\">Ali Khamenei<\/a> on kutsunut mielenosoittajia \u201dvandaalien joukoksi\u201d, jotka haluavat \u201dmiellytt\u00e4\u00e4\u201d Yhdysvaltain presidentti <a class=\"font-bold underline-offset-[0.12em] [text-decoration:var(--person-link-text-decoration)] ![text-decoration-color:var(--person-link-text-decoration-color)]\" href=\"https:\/\/www.is.fi\/haku\/?query=Donald%20Trumpia\" rel=\"nofollow noopener\" target=\"_blank\">Donald Trumpia<\/a>.<\/p>\n<p class=\"article-body mb-nof-24 px-nof-16\">BBC:n mukaan Trump on uhannut iskev\u00e4ns\u00e4 Iraniin, jos maan hallinto \u201dalkaa tappaa ihmisi\u00e4\u201d. Lauantaina Trump <a class=\"underline underline-offset-[0.12em] [text-decoration-thickness:var(--generic-link-underline-thickness)] [text-decoration-color:var(--generic-link-underline-color)] [text-decoration-skip-ink:var(--generic-link-underline-skip-ink)] break-words\" href=\"https:\/\/truthsocial.com\/@realDonaldTrump\/posts\/115872214156165257\" rel=\"nofollow noopener\" target=\"_blank\">sanoi<\/a> viestipalvelu Truth Socialissa Yhdysvaltojen olevan \u201dvalmiina auttamaan\u201d Iranin \u201dkatsellessa vapautta\u201d.<\/p>\n<p><img decoding=\"async\" src=\"https:\/\/www.europesays.com\/fi\/wp-content\/uploads\/2026\/01\/1768161790_724_468.jpg\" alt=\"Trump on uhannut Yhdysvaltojen iskev\u00e4n Iraniin, mik\u00e4li maan hallinto alkaa tappaa kansalaisia.\" class=\"_Img_1rerz_1\" style=\"aspect-ratio:1.3296398891966759\" loading=\"eager\"\/><\/p>\n<p class=\"article-picture-caption\">Trump on uhannut Yhdysvaltojen iskev\u00e4n Iraniin, mik\u00e4li maan hallinto alkaa tappaa kansalaisia. Kuva:\u00a0Kevin Lamarque \/ Reuters<\/p>\n<p class=\"article-body mb-nof-24 px-nof-16\">Hannu Juusola uskoo, ett\u00e4 Yhdysvaltojen v\u00e4liintulo Iranissa on mahdollinen.<\/p>\n<p class=\"article-body mb-nof-24 px-nof-16\">\u2013\u2009[Iranin] regiimin k\u00e4ytt\u00e4m\u00e4 v\u00e4kivalta on kasvanut selv\u00e4sti sen j\u00e4lkeen, kun Trump ensimm\u00e4isen kerran t\u00e4ll\u00e4 uhkasi. Trump ajaa itse\u00e4\u00e4n siihen suuntaan, ett\u00e4 uskottavuuden kannalta on pakko tehd\u00e4 jotain, Juusola arvioi.<\/p>\n<p class=\"article-body mb-nof-24 px-nof-16\">Professorin mukaan Iranin tilanteeseen puuttumisessa on kuitenkin Yhdysvalloille my\u00f6s riskins\u00e4. Jos Yhdysvaltojen interventio ep\u00e4onnistuisi jollain tavalla, voisi se vahvistaa Iranin hallinnon narratiivia mielenosoituksista ulkovaltojen masinoimana ja p\u00e4\u00e4ty\u00e4 jopa vahvistamaan hallintoa.<\/p>\n<p class=\"article-body mb-nof-24 px-nof-16\">\u2013\u2009Luultavasti [Yhdysvalloissa] nyt pohditaan, onko puuttuminen j\u00e4rkev\u00e4\u00e4, Juusola arvelee.<\/p>\n<p class=\"article-body mb-nof-24 px-nof-16\">Juusola uskoo Yhdysvaltojen ohella my\u00f6s Israelin pyrkiv\u00e4n vaikuttamaan Iranin tilanteeseen jakamalla tiedustelutietoaan liittolaisilleen sek\u00e4 osalle Iranin oppositiota.<\/p>\n<p class=\"article-body mb-nof-24 px-nof-16\">Iranin oppositio on sis\u00e4isesti moninainen, Juusola muistuttaa. Osa suhtautuu Israelin osallistumiseen hallinnon kaatamiseen my\u00f6nteisemmin, osa kielteisemmin.<\/p>\n<p class=\"article-body mb-nof-24 px-nof-16\">Esimerkiksi Iranin entisen shaahin maanpaossa el\u00e4v\u00e4ll\u00e4 pojalla <a class=\"font-bold underline-offset-[0.12em] [text-decoration:var(--person-link-text-decoration)] ![text-decoration-color:var(--person-link-text-decoration-color)]\" href=\"https:\/\/www.is.fi\/haku\/?query=Reza%20Pahlavilla\" rel=\"nofollow noopener\" target=\"_blank\">Reza Pahlavilla<\/a>, jota maan mielenosoituksissa on vaadittu maan johtoon, on hyv\u00e4t v\u00e4lit Israeliin, Juusola sanoo.<\/p>\n<p>Miten Iranin mielenosoitukset vertautuvat aiempaan?<img decoding=\"async\" src=\"https:\/\/www.europesays.com\/fi\/wp-content\/uploads\/2026\/01\/1768161790_898_468.jpg\" alt=\"Ihmiset polttivat poliisimoottoripy\u00f6r\u00e4n Teheranissa Mahsa Aminin kuoleman j\u00e4lkeisess\u00e4 mielenosoituksessa.\" class=\"_Img_1rerz_1\" style=\"aspect-ratio:1.3333333333333333\" loading=\"eager\"\/><\/p>\n<p class=\"article-picture-caption\">Ihmiset polttivat poliisimoottoripy\u00f6r\u00e4n Teheranissa Mahsa Aminin kuoleman j\u00e4lkeisess\u00e4 mielenosoituksessa. Kuva:\u00a0WANA \/ Reuters<\/p>\n<p class=\"article-body mb-nof-24 px-nof-16\">Iranissa n\u00e4htiin laajoja mielenosoituksia my\u00f6s vuonna 2022, kun nuori <a class=\"font-bold underline-offset-[0.12em] [text-decoration:var(--person-link-text-decoration)] ![text-decoration-color:var(--person-link-text-decoration-color)]\" href=\"https:\/\/www.is.fi\/haku\/?query=Mahsa%20Amini\" rel=\"nofollow noopener\" target=\"_blank\">Mahsa Amini<\/a> kuoli poliisin k\u00e4siss\u00e4. Mielenosoitusten iskulause \u201dnainen, el\u00e4m\u00e4, vapaus\u201d levisi laajasti kansainv\u00e4lisiss\u00e4 medioissa. Tuolloin Iranin hallinto onnistui kuitenkin tukahduttamaan mielenosoitukset ja pysym\u00e4\u00e4n vallassa.<\/p>\n<p class=\"article-body mb-nof-24 px-nof-16\">Helsingin yliopiston L\u00e4hi-id\u00e4n tutkimuksen professori <a class=\"font-bold underline-offset-[0.12em] [text-decoration:var(--person-link-text-decoration)] ![text-decoration-color:var(--person-link-text-decoration-color)]\" href=\"https:\/\/www.is.fi\/haku\/?query=Hannu%20Juusola\" rel=\"nofollow noopener\" target=\"_blank\">Hannu Juusola<\/a> n\u00e4kee Iranin nykyisiss\u00e4 mielenosoituksissa paljon samaa esimerkiksi mielenosoittajien demokratiavaateiden osalta. Kuitenkin nyt mielenosoituksen sytykkeen\u00e4 toimivat Iranin talous- ja korruptiotilanne. Juusolan mukaan t\u00e4m\u00e4 yhdist\u00e4\u00e4 iranilaisia ehk\u00e4 viel\u00e4 enemm\u00e4n kuin vuonna 2022 keski\u00f6ss\u00e4 olleet naisten oikeuksiin liittyv\u00e4t vaatimukset.<\/p>\n<p class=\"article-body mb-nof-24 px-nof-16\">\u2013\u2009Iranin valuutan arvo on yht\u00e4kki\u00e4 pudonnut kauheasti. Merkitt\u00e4v\u00e4 osa iranilaisista el\u00e4\u00e4 toivottomassa taloudellisessa tilanteessa, Juusola sanoo lis\u00e4ten Iranin taloudellisten ongelmien joukkoon viel\u00e4 voimakkaan inflaation.<\/p>\n<p class=\"article-body mb-nof-24 px-nof-16\">\u2013\u2009Olennaista on, ett\u00e4, ett\u00e4 vuosia jatkuneista lupauksista huolimatta mik\u00e4\u00e4n ei ole muuttunut. Iranilaisilla ei ole en\u00e4\u00e4 uskoa siihen, ett\u00e4 regiimi pystyisi parantamaan asioita.<\/p>\n","protected":false},"excerpt":{"rendered":"Laajoja mielenosoituksia todistavan Iranin hallinnolla on l\u00e4heiset v\u00e4lit Ven\u00e4j\u00e4\u00e4n. Mielenosoitukset Iranissa jatkuvat. Laajat hallinnon vastaiset mielenosoitukset Iranissa jatkuvat.&hellip;\n","protected":false},"author":2,"featured_media":139798,"comment_status":"","ping_status":"","sticky":false,"template":"","format":"standard","meta":{"footnotes":""},"categories":[14],"tags":[22,23,26,27,33,31,30,17,34,24,25,28,29,15,18,21,32,19,20,56,16,59,60,61],"class_list":{"0":"post-139797","1":"post","2":"type-post","3":"status-publish","4":"format-standard","5":"has-post-thumbnail","7":"category-ulkomaat","8":"tag-breaking-news","9":"tag-breakingnews","10":"tag-featured-news","11":"tag-featurednews","12":"tag-fi","13":"tag-finland","14":"tag-finnish","15":"tag-headlines","16":"tag-ilta-sanomat","17":"tag-latest-news","18":"tag-latestnews","19":"tag-main-news","20":"tag-mainnews","21":"tag-news","22":"tag-otsikot","23":"tag-paauutiset","24":"tag-suomi","25":"tag-top-stories","26":"tag-topstories","27":"tag-ulkomaat","28":"tag-uutiset","29":"tag-world","30":"tag-world-news","31":"tag-worldnews"},"share_on_mastodon":{"url":"https:\/\/pubeurope.com\/@fi\/115878258489528228","error":""},"_links":{"self":[{"href":"https:\/\/www.europesays.com\/fi\/wp-json\/wp\/v2\/posts\/139797","targetHints":{"allow":["GET"]}}],"collection":[{"href":"https:\/\/www.europesays.com\/fi\/wp-json\/wp\/v2\/posts"}],"about":[{"href":"https:\/\/www.europesays.com\/fi\/wp-json\/wp\/v2\/types\/post"}],"author":[{"embeddable":true,"href":"https:\/\/www.europesays.com\/fi\/wp-json\/wp\/v2\/users\/2"}],"replies":[{"embeddable":true,"href":"https:\/\/www.europesays.com\/fi\/wp-json\/wp\/v2\/comments?post=139797"}],"version-history":[{"count":0,"href":"https:\/\/www.europesays.com\/fi\/wp-json\/wp\/v2\/posts\/139797\/revisions"}],"wp:featuredmedia":[{"embeddable":true,"href":"https:\/\/www.europesays.com\/fi\/wp-json\/wp\/v2\/media\/139798"}],"wp:attachment":[{"href":"https:\/\/www.europesays.com\/fi\/wp-json\/wp\/v2\/media?parent=139797"}],"wp:term":[{"taxonomy":"category","embeddable":true,"href":"https:\/\/www.europesays.com\/fi\/wp-json\/wp\/v2\/categories?post=139797"},{"taxonomy":"post_tag","embeddable":true,"href":"https:\/\/www.europesays.com\/fi\/wp-json\/wp\/v2\/tags?post=139797"}],"curies":[{"name":"wp","href":"https:\/\/api.w.org\/{rel}","templated":true}]}}