{"id":139803,"date":"2026-01-11T20:17:09","date_gmt":"2026-01-11T20:17:09","guid":{"rendered":"https:\/\/www.europesays.com\/fi\/139803\/"},"modified":"2026-01-11T20:17:09","modified_gmt":"2026-01-11T20:17:09","slug":"rakastetun-saippuasarjan-tahti-on-kuollut","status":"publish","type":"post","link":"https:\/\/www.europesays.com\/fi\/139803\/","title":{"rendered":"Rakastetun saippuasarjan t\u00e4hti on kuollut"},"content":{"rendered":"<p>EastEnders-sarjasta tunnettu Derek Martin oli kuollessaan 92-vuotias. <\/p>\n<p><img decoding=\"async\" class=\"image image-show image-preview\" src=\"https:\/\/www.europesays.com\/fi\/wp-content\/uploads\/2026\/01\/61b362f9ff474a5616bbf7ebff70d60d0de5c82cd11e6cebc1c681c6f753c0cf.jpg\" alt=\"\"\/><img decoding=\"async\" class=\"image image-show\" src=\"https:\/\/www.europesays.com\/fi\/wp-content\/uploads\/2026\/01\/1768162629_217_61b362f9ff474a5616bbf7ebff70d60d0de5c82cd11e6cebc1c681c6f753c0cf.jpg\" alt=\"\"\/><\/p>\n<p>Derek Martin on poissa. AOP<\/p>\n<p class=\"paragraph\">N\u00e4yttelij\u00e4 <a href=\"https:\/\/www.iltalehti.fi\/henkilot\/Derek Martin\" class=\"article-link-person-page\" rel=\"nofollow noopener\" target=\"_blank\">Derek Martin<\/a> on kuollut, uutisoi <a href=\"https:\/\/www.theguardian.com\/tv-and-radio\/2026\/jan\/11\/derek-martin-who-played-charlie-slater-in-eastenders-dies-aged-92\" target=\"_blank\" rel=\"noopener nofollow\">The Guardian<\/a>. Martin oli kuollessaan 92-vuotias.<\/p>\n<p class=\"paragraph\">Martin kuoli lauantaina 10. tammikuuta. Kuolinsyyt\u00e4 ei ole kerrottu julkisuuteen.<\/p>\n<p class=\"paragraph\">Suru-uutisen Guardianille vahvistaa Martinin perhe, joka pyyt\u00e4\u00e4 yksityisyytt\u00e4 vaikeana aikana.<\/p>\n<p class=\"paragraph\">\u2013 Derek ei ollut meille vain is\u00e4. H\u00e4n oli yst\u00e4v\u00e4 ja tuki meit\u00e4 yl\u00e4- ja alam\u00e4iss\u00e4mme. H\u00e4n ei koskaan lakannut oppimasta, h\u00e4n rakasti ihmisten tapaamista ja oli aina antelias ajallaan. Kaipaamme h\u00e4nt\u00e4 kovasti, perhe toteaa lausunnossaan.<\/p>\n<p class=\"paragraph\">Martin muistetaan parhaiten EastEnders-sarjan Charlie Slaterina. Martin n\u00e4ytteli is\u00e4\u00e4 ja taksikuskia BBC:n saippuasarjassa vuosina 2000\u20132011 ja vieraili sarjassa aina silloin t\u00e4ll\u00f6in vuoteen 2016 asti.<\/p>\n<p class=\"paragraph\">\u2013 Charlie olisi tehnyt mit\u00e4 tahansa perheens\u00e4 eteen, ja aivan kuten roolihahmonsa, Derek tekisi samoin l\u00e4hipiirilleen. Kaikki EastEndersiss\u00e4 Derekin kanssa ty\u00f6skennelleet rakastivat h\u00e4nt\u00e4 syv\u00e4sti, ja h\u00e4nt\u00e4 tullaan aina muistelemaan suurella l\u00e4mm\u00f6ll\u00e4. Rakkautemme ja ajatuksemme ovat h\u00e4nen perheens\u00e4 ja yst\u00e4viens\u00e4 luona, EastEndersin tiedottaja sanoo.<\/p>\n<p class=\"paragraph\">EastEndersin lis\u00e4kis Martin muistetaan muun muassa Kova laki -sarjasta.<\/p>\n","protected":false},"excerpt":{"rendered":"EastEnders-sarjasta tunnettu Derek Martin oli kuollessaan 92-vuotias. Derek Martin on poissa. AOP N\u00e4yttelij\u00e4 Derek Martin on kuollut, uutisoi&hellip;\n","protected":false},"author":2,"featured_media":139804,"comment_status":"","ping_status":"","sticky":false,"template":"","format":"standard","meta":{"footnotes":""},"categories":[136],"tags":[35,153,407,137,33,31,30,101,408,98,103,32,140,109],"class_list":{"0":"post-139803","1":"post","2":"type-post","3":"status-publish","4":"format-standard","5":"has-post-thumbnail","7":"category-julkkikset","8":"tag-24h","9":"tag-audiovisuaalinen-media","10":"tag-celebrities","11":"tag-entertainment","12":"tag-fi","13":"tag-finland","14":"tag-finnish","15":"tag-ihmissuhteet","16":"tag-julkkikset","17":"tag-perhe","18":"tag-sosiaalikysymykset","19":"tag-suomi","20":"tag-tv-ja-elokuvat","21":"tag-viihde"},"share_on_mastodon":{"url":"https:\/\/pubeurope.com\/@fi\/115878313527885844","error":""},"_links":{"self":[{"href":"https:\/\/www.europesays.com\/fi\/wp-json\/wp\/v2\/posts\/139803","targetHints":{"allow":["GET"]}}],"collection":[{"href":"https:\/\/www.europesays.com\/fi\/wp-json\/wp\/v2\/posts"}],"about":[{"href":"https:\/\/www.europesays.com\/fi\/wp-json\/wp\/v2\/types\/post"}],"author":[{"embeddable":true,"href":"https:\/\/www.europesays.com\/fi\/wp-json\/wp\/v2\/users\/2"}],"replies":[{"embeddable":true,"href":"https:\/\/www.europesays.com\/fi\/wp-json\/wp\/v2\/comments?post=139803"}],"version-history":[{"count":0,"href":"https:\/\/www.europesays.com\/fi\/wp-json\/wp\/v2\/posts\/139803\/revisions"}],"wp:featuredmedia":[{"embeddable":true,"href":"https:\/\/www.europesays.com\/fi\/wp-json\/wp\/v2\/media\/139804"}],"wp:attachment":[{"href":"https:\/\/www.europesays.com\/fi\/wp-json\/wp\/v2\/media?parent=139803"}],"wp:term":[{"taxonomy":"category","embeddable":true,"href":"https:\/\/www.europesays.com\/fi\/wp-json\/wp\/v2\/categories?post=139803"},{"taxonomy":"post_tag","embeddable":true,"href":"https:\/\/www.europesays.com\/fi\/wp-json\/wp\/v2\/tags?post=139803"}],"curies":[{"name":"wp","href":"https:\/\/api.w.org\/{rel}","templated":true}]}}