{"id":139825,"date":"2026-01-11T20:51:10","date_gmt":"2026-01-11T20:51:10","guid":{"rendered":"https:\/\/www.europesays.com\/fi\/139825\/"},"modified":"2026-01-11T20:51:10","modified_gmt":"2026-01-11T20:51:10","slug":"han-on-jenni-kokanderin-harvoin-nahty-puoliso-katso-kuva","status":"publish","type":"post","link":"https:\/\/www.europesays.com\/fi\/139825\/","title":{"rendered":"H\u00e4n on Jenni Kokanderin harvoin n\u00e4hty puoliso \u2013 katso kuva"},"content":{"rendered":"<p>N\u00e4yttelij\u00e4 <strong>Jenni Kokanderia<\/strong> n\u00e4htiin ennen enemm\u00e4n televisiossa. H\u00e4nen miest\u00e4\u00e4n <strong>Jukka Kokanderia<\/strong> on n\u00e4hty viel\u00e4 v\u00e4hemm\u00e4n miss\u00e4\u00e4n julkisessa tilanteessa. Nyt h\u00e4net voi n\u00e4hd\u00e4 vaimonsa julkaisussa.<\/p>\n<p>Jenni on julkaissut sometililleen harvinaisen kuvan. H\u00e4n poseeraa siin\u00e4 yhdess\u00e4 Jukan kanssa. Jos on n\u00e4hnyt Jukan kuvia ennenkin tai h\u00e4nt\u00e4 jopa liven\u00e4, tiet\u00e4\u00e4 ett\u00e4 h\u00e4n on pit\u00e4nyt kiinni pitk\u00e4st\u00e4 parrastaan. Se on nyt ihan harmaa.<\/p>\n<p>Pariskunnalla on molemmilla p\u00e4\u00e4ll\u00e4\u00e4n tyylikk\u00e4\u00e4t vaatteet. Jenni on pukeutunut mustaan juhlamekkoon ja Jukka mustaan pukuun. Jukalla on p\u00e4\u00e4ss\u00e4\u00e4n harmaa hattu.<\/p>\n<p>\u2013 Oltiin n\u00e4ttein\u00e4, toteaa Jenni itsekin.<\/p>\n<p>Moni Jennin someseuraaja kehuu tyylik\u00e4st\u00e4 pariskuntaa.<\/p>\n<p>\u2013 No v\u00e4h\u00e4nk\u00f6 ootte n\u00e4ttein\u00e4, kehuu joku.<\/p>\n<p>\u2013 Vau mik\u00e4 upea pari, toteaa joku.<\/p>\n<p>Jenni haluaa kertoa viel\u00e4 kuvaan liittyv\u00e4n toisen asian.<\/p>\n<p>\u2013 Kuvassa my\u00f6s rikkalapio tasoittamassa glamouria, toteaa Jenni.<\/p>\n<p>Lue my\u00f6s: <a href=\"https:\/\/www.voice.fi\/viihde\/sanna-ukkola-tapasi-63-vuotiaan-miehen-on-keholtaan-38-vuotias\" title=\"Sanna Ukkola tapasi 63-vuotiaan miehen \u2013 on keholtaan 38-vuotias\" class=\"underline-custom !font-montserrat !font-bold !underline-offset-4 !decoration-4 !decoration-tilt-light !text-md\" rel=\"nofollow noopener\" target=\"_blank\">Sanna Ukkola tapasi 63-vuotiaan miehen \u2013 on keholtaan 38-vuotias<\/a><\/p>\n<p>Tyylikk\u00e4\u00e4sti pukeutuvalla pariskunnalla on kaksi lasta. He ovat 18- ja 13-vuotiaita. Jenni on itse 46-vuotias. Monet muistavat h\u00e4net esimerkiksi viihdeohjelma Putouksesta.<\/p>\n<p>Kuva <a href=\"https:\/\/www.instagram.com\/p\/DTLp5XhDqHz\/?utm_source=ig_web_copy_link&amp;igsh=MzRlODBiNWFlZA==\" target=\"_blank\" rel=\"noreferrer noopener nofollow\">tyylikk\u00e4\u00e4st\u00e4 parista n\u00e4kyy t\u00e4\u00e4lt\u00e4<\/a> tai t\u00e4st\u00e4 alta.<\/p>\n<p>\t\t\t\t\t<script async src=\"\/\/www.instagram.com\/embed.js\"><\/script><\/p>\n","protected":false},"excerpt":{"rendered":"N\u00e4yttelij\u00e4 Jenni Kokanderia n\u00e4htiin ennen enemm\u00e4n televisiossa. H\u00e4nen miest\u00e4\u00e4n Jukka Kokanderia on n\u00e4hty viel\u00e4 v\u00e4hemm\u00e4n miss\u00e4\u00e4n julkisessa tilanteessa.&hellip;\n","protected":false},"author":2,"featured_media":139826,"comment_status":"","ping_status":"","sticky":false,"template":"","format":"standard","meta":{"footnotes":""},"categories":[130],"tags":[137,33,31,30,23155,32,109],"class_list":{"0":"post-139825","1":"post","2":"type-post","3":"status-publish","4":"format-standard","5":"has-post-thumbnail","7":"category-viihde","8":"tag-entertainment","9":"tag-fi","10":"tag-finland","11":"tag-finnish","12":"tag-jenni-kokander","13":"tag-suomi","14":"tag-viihde"},"share_on_mastodon":{"url":"https:\/\/pubeurope.com\/@fi\/115878447205911733","error":""},"_links":{"self":[{"href":"https:\/\/www.europesays.com\/fi\/wp-json\/wp\/v2\/posts\/139825","targetHints":{"allow":["GET"]}}],"collection":[{"href":"https:\/\/www.europesays.com\/fi\/wp-json\/wp\/v2\/posts"}],"about":[{"href":"https:\/\/www.europesays.com\/fi\/wp-json\/wp\/v2\/types\/post"}],"author":[{"embeddable":true,"href":"https:\/\/www.europesays.com\/fi\/wp-json\/wp\/v2\/users\/2"}],"replies":[{"embeddable":true,"href":"https:\/\/www.europesays.com\/fi\/wp-json\/wp\/v2\/comments?post=139825"}],"version-history":[{"count":0,"href":"https:\/\/www.europesays.com\/fi\/wp-json\/wp\/v2\/posts\/139825\/revisions"}],"wp:featuredmedia":[{"embeddable":true,"href":"https:\/\/www.europesays.com\/fi\/wp-json\/wp\/v2\/media\/139826"}],"wp:attachment":[{"href":"https:\/\/www.europesays.com\/fi\/wp-json\/wp\/v2\/media?parent=139825"}],"wp:term":[{"taxonomy":"category","embeddable":true,"href":"https:\/\/www.europesays.com\/fi\/wp-json\/wp\/v2\/categories?post=139825"},{"taxonomy":"post_tag","embeddable":true,"href":"https:\/\/www.europesays.com\/fi\/wp-json\/wp\/v2\/tags?post=139825"}],"curies":[{"name":"wp","href":"https:\/\/api.w.org\/{rel}","templated":true}]}}