{"id":139829,"date":"2026-01-11T20:55:08","date_gmt":"2026-01-11T20:55:08","guid":{"rendered":"https:\/\/www.europesays.com\/fi\/139829\/"},"modified":"2026-01-11T20:55:08","modified_gmt":"2026-01-11T20:55:08","slug":"lahteet-suuri-nato-maa-vastaa-trumpin-gronlanti-puheisiin-iltalehti","status":"publish","type":"post","link":"https:\/\/www.europesays.com\/fi\/139829\/","title":{"rendered":"L\u00e4hteet: Suuri Nato-maa vastaa Trumpin Gr\u00f6nlanti-puheisiin &#8211; Iltalehti"},"content":{"rendered":"<ol>\n<li><a href=\"https:\/\/news.google.com\/rss\/articles\/CBMifEFVX3lxTFBtYVpBVV9pYm1ubTZIdklLaWRaWHpjYzhhcm5LcUxOSTRCeWpVSzE2RG9GNHVYUGZNcDhRV0toTUJESk1ucVJZc1hzdXM3dkpOelFGU0dJSFlTTXJuaUFEVkJySGpzREFMNjZzWXg4N0RSTk9LdVg3c0NURU8?oc=5\" target=\"_blank\" rel=\"nofollow noopener\">L\u00e4hteet: Suuri Nato-maa vastaa Trumpin Gr\u00f6nlanti-puheisiin<\/a>&nbsp;&nbsp;Iltalehti<\/li>\n<li><a href=\"https:\/\/news.google.com\/rss\/articles\/CBMiXkFVX3lxTE0wNHJYVU9uSVhmWU4wYWdiQUFycUlvN0ZYcFRQUGFvNVd6bEIzeTNXSWpnZUlKUktnUlU1eElVSjVSYWNCdTdTRjR6ZG5Ua2NzSF80M2d6c2MwNXFhaEE?oc=5\" target=\"_blank\" rel=\"nofollow noopener\">Britannia valmistelee joukkojen l\u00e4hett\u00e4mist\u00e4 Gr\u00f6nlantiin<\/a>&nbsp;&nbsp;Ilta-Sanomat<\/li>\n<li><a href=\"https:\/\/news.google.com\/rss\/articles\/CBMiaEFVX3lxTE1WNDFyRW45ZGNndmEwOWVpWWZXbmRDLWJQUVJYLWtxOElyWFl1YTUtMlUyaGtOQzBMYVpheE9EMVZFZVFhdTlCSm9rVEgzZ3VfQ0wyRjhUMXNMOUZDc2g5dkdwTjdSSW5Z?oc=5\" target=\"_blank\" rel=\"nofollow noopener\">Amerikkalaiset kertovat, mit\u00e4 he ajattelevat Gr\u00f6nlannin kaappaamisesta: \u201dSit\u00e4 suuret imperiumit tekev\u00e4t\u201d<\/a>&nbsp;&nbsp;HS.fi<\/li>\n<li><a href=\"https:\/\/news.google.com\/rss\/articles\/CBMiqwFBVV95cUxPSGg4dXZuaEhUaF9iaUI3ZG5YbnJSTW5NWmVJb2w2TURFSjFmZER5UzFFM1RHTU5SQWVOX3NBLUxWaUJia21CMDVBZDdwOTRObVFFQ3ZoSVJXeDRQTC1zOUdvSGJaZ0x0VlpUQm1Xb1EtSEpDcEZDZS1rVnc5NXVxbUtmaW42MmhwSmJ3bzN3NGU5Z0ZnVVRYZWFydTZiT0pGOFM3bG9FQ2ViVlE?oc=5\" target=\"_blank\" rel=\"nofollow noopener\">Donald Trump on m\u00e4\u00e4r\u00e4nnyt tekem\u00e4\u00e4n suunnitelman Gr\u00f6nlannin valloittamiseksi<\/a>&nbsp;&nbsp;Verkkouutiset<\/li>\n<li><a href=\"https:\/\/news.google.com\/rss\/articles\/CBMiQkFVX3lxTE1fZVR6Ry1fM0QyVTJIckliWXJ3aDVYVzVPZUhTdlNCTXJpWHFsOTA3ZlF0ZG5BMG8tUjYyTGkycGU1Zw?oc=5\" target=\"_blank\" rel=\"nofollow noopener\">Analyysi: Trumpin-pelko iski nyt tosissaan Eurooppaan<\/a>&nbsp;&nbsp;Yle<\/li>\n<\/ol>\n","protected":false},"excerpt":{"rendered":"L\u00e4hteet: Suuri Nato-maa vastaa Trumpin Gr\u00f6nlanti-puheisiin&nbsp;&nbsp;Iltalehti Britannia valmistelee joukkojen l\u00e4hett\u00e4mist\u00e4 Gr\u00f6nlantiin&nbsp;&nbsp;Ilta-Sanomat Amerikkalaiset kertovat, mit\u00e4 he ajattelevat Gr\u00f6nlannin kaappaamisesta:&hellip;\n","protected":false},"author":2,"featured_media":139830,"comment_status":"","ping_status":"","sticky":false,"template":"","format":"standard","meta":{"footnotes":""},"categories":[14],"tags":[35,22,23,26,27,33,31,30,17,24,25,28,29,15,18,21,142,637,144,32,19,20,56,16,638,59,60,61,143],"class_list":{"0":"post-139829","1":"post","2":"type-post","3":"status-publish","4":"format-standard","5":"has-post-thumbnail","7":"category-ulkomaat","8":"tag-24h","9":"tag-breaking-news","10":"tag-breakingnews","11":"tag-featured-news","12":"tag-featurednews","13":"tag-fi","14":"tag-finland","15":"tag-finnish","16":"tag-headlines","17":"tag-latest-news","18":"tag-latestnews","19":"tag-main-news","20":"tag-mainnews","21":"tag-news","22":"tag-otsikot","23":"tag-paauutiset","24":"tag-poliitikot","25":"tag-politiikka","26":"tag-presidentti","27":"tag-suomi","28":"tag-top-stories","29":"tag-topstories","30":"tag-ulkomaat","31":"tag-uutiset","32":"tag-valtiovalta","33":"tag-world","34":"tag-world-news","35":"tag-worldnews","36":"tag-yhdysvaltain-politiikka"},"share_on_mastodon":{"url":"https:\/\/pubeurope.com\/@fi\/115878462913112790","error":""},"_links":{"self":[{"href":"https:\/\/www.europesays.com\/fi\/wp-json\/wp\/v2\/posts\/139829","targetHints":{"allow":["GET"]}}],"collection":[{"href":"https:\/\/www.europesays.com\/fi\/wp-json\/wp\/v2\/posts"}],"about":[{"href":"https:\/\/www.europesays.com\/fi\/wp-json\/wp\/v2\/types\/post"}],"author":[{"embeddable":true,"href":"https:\/\/www.europesays.com\/fi\/wp-json\/wp\/v2\/users\/2"}],"replies":[{"embeddable":true,"href":"https:\/\/www.europesays.com\/fi\/wp-json\/wp\/v2\/comments?post=139829"}],"version-history":[{"count":0,"href":"https:\/\/www.europesays.com\/fi\/wp-json\/wp\/v2\/posts\/139829\/revisions"}],"wp:featuredmedia":[{"embeddable":true,"href":"https:\/\/www.europesays.com\/fi\/wp-json\/wp\/v2\/media\/139830"}],"wp:attachment":[{"href":"https:\/\/www.europesays.com\/fi\/wp-json\/wp\/v2\/media?parent=139829"}],"wp:term":[{"taxonomy":"category","embeddable":true,"href":"https:\/\/www.europesays.com\/fi\/wp-json\/wp\/v2\/categories?post=139829"},{"taxonomy":"post_tag","embeddable":true,"href":"https:\/\/www.europesays.com\/fi\/wp-json\/wp\/v2\/tags?post=139829"}],"curies":[{"name":"wp","href":"https:\/\/api.w.org\/{rel}","templated":true}]}}