{"id":139831,"date":"2026-01-11T20:56:08","date_gmt":"2026-01-11T20:56:08","guid":{"rendered":"https:\/\/www.europesays.com\/fi\/139831\/"},"modified":"2026-01-11T20:56:08","modified_gmt":"2026-01-11T20:56:08","slug":"arktinen-alue-demokratian-tila-tekoaly-ja-lihaskunto-puhuttavat-jyvaskylan-ikaantyvien-yliopiston-kevatkaudella-keski-suomi","status":"publish","type":"post","link":"https:\/\/www.europesays.com\/fi\/139831\/","title":{"rendered":"Arktinen alue, demokratian tila, teko\u00e4ly ja lihaskunto puhuttavat Jyv\u00e4skyl\u00e4n Ik\u00e4\u00e4ntyvien yliopiston kev\u00e4tkaudella | Keski-Suomi"},"content":{"rendered":"<p>Jyv\u00e4skyl\u00e4n Ik\u00e4\u00e4ntyvien yliopiston kev\u00e4tkausi k\u00e4ynnistyy keskiviikkona 14.1. Luentokauden aikana kuullaan muun muassa <strong>Janne Saarikiven<\/strong> ajatuksia suomen kielest\u00e4, suurl\u00e4hettil\u00e4s <strong>Kimmo L\u00e4hdevirran<\/strong> n\u00e4kemyksi\u00e4 kasvavan Intian haasteista, akatemiatutkija <strong>Timo Miettisen<\/strong> analyysej\u00e4 demokratian tilasta, professori <strong>Taina Rantasta<\/strong> aktiivisesta vanhenemisesta, professori <strong>Juha Hulmia<\/strong> lihasten voimaharjoittelun merkityksest\u00e4 sek\u00e4 <strong>Eva-Riitta Siitosta<\/strong> el\u00e4m\u00e4nmenosta toisesta maailmansodasta nykyp\u00e4iv\u00e4\u00e4n.<\/p>\n<p><strong class=\"diks-storyline__impact\">Ik\u00e4\u00e4ntyvien yliopiston<\/strong> ohjelmassa on my\u00f6s seminaareja ja kursseja, joilla opiskellaan esimerkiksi kieli\u00e4, kuvataidetta, klassista musiikkia, luovaa kirjoittamista, filosofiaa, sukututkimusta sek\u00e4 digitaitoja.<\/p>\n<p>Moniin seminaareihin voi osallistua oman valinnan mukaan joko verkossa tai paikan p\u00e4\u00e4ll\u00e4.<\/p>\n<p>Opintok\u00e4ynnit suuntautuvat sek\u00e4 l\u00e4helle ett\u00e4 kauas: ohjelmassa on esimerkiksi museok\u00e4yntej\u00e4, Saimaan kierros ja opintomatka Islantiin.<\/p>\n","protected":false},"excerpt":{"rendered":"Jyv\u00e4skyl\u00e4n Ik\u00e4\u00e4ntyvien yliopiston kev\u00e4tkausi k\u00e4ynnistyy keskiviikkona 14.1. Luentokauden aikana kuullaan muun muassa Janne Saarikiven ajatuksia suomen kielest\u00e4, suurl\u00e4hettil\u00e4s&hellip;\n","protected":false},"author":2,"featured_media":139832,"comment_status":"","ping_status":"","sticky":false,"template":"","format":"standard","meta":{"footnotes":""},"categories":[12],"tags":[22,23,26,27,33,31,30,17,425,8683,426,603,24,25,28,29,2600,15,18,21,15504,32,2590,19,20,16],"class_list":{"0":"post-139831","1":"post","2":"type-post","3":"status-publish","4":"format-standard","5":"has-post-thumbnail","7":"category-suomi","8":"tag-breaking-news","9":"tag-breakingnews","10":"tag-featured-news","11":"tag-featurednews","12":"tag-fi","13":"tag-finland","14":"tag-finnish","15":"tag-headlines","16":"tag-jyvaskyla","17":"tag-jyvaskylan-kaupunki","18":"tag-jyvaskylan-yliopisto","19":"tag-korkeakoulu","20":"tag-latest-news","21":"tag-latestnews","22":"tag-main-news","23":"tag-mainnews","24":"tag-mannerheim","25":"tag-news","26":"tag-otsikot","27":"tag-paauutiset","28":"tag-professori","29":"tag-suomi","30":"tag-tanaan","31":"tag-top-stories","32":"tag-topstories","33":"tag-uutiset"},"share_on_mastodon":{"url":"https:\/\/pubeurope.com\/@fi\/115878467012913773","error":""},"_links":{"self":[{"href":"https:\/\/www.europesays.com\/fi\/wp-json\/wp\/v2\/posts\/139831","targetHints":{"allow":["GET"]}}],"collection":[{"href":"https:\/\/www.europesays.com\/fi\/wp-json\/wp\/v2\/posts"}],"about":[{"href":"https:\/\/www.europesays.com\/fi\/wp-json\/wp\/v2\/types\/post"}],"author":[{"embeddable":true,"href":"https:\/\/www.europesays.com\/fi\/wp-json\/wp\/v2\/users\/2"}],"replies":[{"embeddable":true,"href":"https:\/\/www.europesays.com\/fi\/wp-json\/wp\/v2\/comments?post=139831"}],"version-history":[{"count":0,"href":"https:\/\/www.europesays.com\/fi\/wp-json\/wp\/v2\/posts\/139831\/revisions"}],"wp:featuredmedia":[{"embeddable":true,"href":"https:\/\/www.europesays.com\/fi\/wp-json\/wp\/v2\/media\/139832"}],"wp:attachment":[{"href":"https:\/\/www.europesays.com\/fi\/wp-json\/wp\/v2\/media?parent=139831"}],"wp:term":[{"taxonomy":"category","embeddable":true,"href":"https:\/\/www.europesays.com\/fi\/wp-json\/wp\/v2\/categories?post=139831"},{"taxonomy":"post_tag","embeddable":true,"href":"https:\/\/www.europesays.com\/fi\/wp-json\/wp\/v2\/tags?post=139831"}],"curies":[{"name":"wp","href":"https:\/\/api.w.org\/{rel}","templated":true}]}}