{"id":139839,"date":"2026-01-11T21:16:07","date_gmt":"2026-01-11T21:16:07","guid":{"rendered":"https:\/\/www.europesays.com\/fi\/139839\/"},"modified":"2026-01-11T21:16:07","modified_gmt":"2026-01-11T21:16:07","slug":"ranskassa-kuusi-ihmista-kuoli-lumivyoryissa-viikonloppuna","status":"publish","type":"post","link":"https:\/\/www.europesays.com\/fi\/139839\/","title":{"rendered":"Ranskassa kuusi ihmist\u00e4 kuoli lumivy\u00f6ryiss\u00e4 viikonloppuna"},"content":{"rendered":"<p>Lumivy\u00f6rykoiratkaan eiv\u00e4t enn\u00e4tt\u00e4neet pelastamaan 50-vuotiasta brittihiiht\u00e4j\u00e4\u00e4.<\/p>\n<p class=\"article-body mb-nof-24 px-nof-16\">Yhteens\u00e4 kuusi ihmist\u00e4 on kuollut viikonlopun aikana lumivy\u00f6ryiss\u00e4 Ranskan Alpeilla. Asiasta kertoo ranskalainen uutismedia <a class=\"underline underline-offset-[0.12em] [text-decoration-thickness:var(--generic-link-underline-thickness)] [text-decoration-color:var(--generic-link-underline-color)] [text-decoration-skip-ink:var(--generic-link-underline-skip-ink)] break-words\" href=\"https:\/\/www.bfmtv.com\/police-justice\/faits-divers\/deux-nouveaux-skieurs-morts-dans-deux-avalanches-distinctes-en-savoie_AN-202601110258.html\" rel=\"nofollow noopener\" target=\"_blank\">BFM<\/a>.<\/p>\n<p class=\"article-body mb-nof-24 px-nof-16\">Sunnuntaina kolme hiiht\u00e4j\u00e4\u00e4 kuoli kolmessa eri lumivy\u00f6ryss\u00e4. Yksi heist\u00e4 oli 50-vuotias brittil\u00e4inen, joka j\u00e4i lumivy\u00f6ryn alle iltap\u00e4iv\u00e4ll\u00e4 La Plagnen hiihtokeskuksessa, lehti kertoo hiihtokeskuksen tiedottaneen.<\/p>\n<p class=\"article-body mb-nof-24 px-nof-16\">Paikalle h\u00e4lytettiin 52 pelastajaa, lumivy\u00f6rykoiria ja helikopteri. Hiiht\u00e4j\u00e4 oli hautautunut lumen alle 2,5 metrin syvyyteen ja kesti 50 minuuttia, kunnes h\u00e4net l\u00f6ydettiin. Hiiht\u00e4j\u00e4\u00e4 ei saatu en\u00e4\u00e4 elvytetty\u00e4.<\/p>\n<p class=\"article-body mb-nof-24 px-nof-16\">Toinen hiiht\u00e4j\u00e4 l\u00f6ydettiin sunnuntaiaamuna lumivy\u00f6ryn alta kuolleena Courchevelin hiihtokeskuksessa.<\/p>\n<p class=\"article-body mb-nof-24 px-nof-16\">Kolmas sunnuntain kuolonuhri l\u00f6ytyi Vallorcinesta. Merkittyjen reittien ulkopuolella laskenut 32-vuotias mies ajautui lumivy\u00f6ryn mukana puuta p\u00e4in. Mies kuoli vammoihinsa.<\/p>\n<p class=\"article-body mb-nof-24 px-nof-16\">Lauantaina alueella kuoli lumivy\u00f6ryiss\u00e4 kolme laskettelijaa, jotka olivat olleet laskemassa rinteiden ulkopuolella. Lumivy\u00f6ryt tapahtuivat Val d\u2019Is\u00e8ressa ja Ar\u00eaches-Beaufortissa.<\/p>\n<p class=\"article-body mb-nof-24 px-nof-16\">Ar\u00eaches-Beaufortissa kuoli lehden mukaan mies, joka oli ollut liikkeell\u00e4 toisen henkil\u00f6n seurassa. Seuralainen sai tilanteessa vakavia vammoja p\u00e4\u00e4h\u00e4ns\u00e4.<\/p>\n<p class=\"article-body mb-nof-24 px-nof-16\">Ranskan kansallinen ilmatieteen laitos M\u00e9t\u00e9o-France on kehottanut varovaisuuteen l\u00e4hes kaikilla Ranskan Alppien vuoristoalueilla.<\/p>\n","protected":false},"excerpt":{"rendered":"Lumivy\u00f6rykoiratkaan eiv\u00e4t enn\u00e4tt\u00e4neet pelastamaan 50-vuotiasta brittihiiht\u00e4j\u00e4\u00e4. Yhteens\u00e4 kuusi ihmist\u00e4 on kuollut viikonlopun aikana lumivy\u00f6ryiss\u00e4 Ranskan Alpeilla. Asiasta kertoo&hellip;\n","protected":false},"author":2,"featured_media":139840,"comment_status":"","ping_status":"","sticky":false,"template":"","format":"standard","meta":{"footnotes":""},"categories":[158],"tags":[33,31,30,34,159,32,160],"class_list":{"0":"post-139839","1":"post","2":"type-post","3":"status-publish","4":"format-standard","5":"has-post-thumbnail","7":"category-urheilu","8":"tag-fi","9":"tag-finland","10":"tag-finnish","11":"tag-ilta-sanomat","12":"tag-sports","13":"tag-suomi","14":"tag-urheilu"},"share_on_mastodon":{"url":"https:\/\/pubeurope.com\/@fi\/115878545600920168","error":""},"_links":{"self":[{"href":"https:\/\/www.europesays.com\/fi\/wp-json\/wp\/v2\/posts\/139839","targetHints":{"allow":["GET"]}}],"collection":[{"href":"https:\/\/www.europesays.com\/fi\/wp-json\/wp\/v2\/posts"}],"about":[{"href":"https:\/\/www.europesays.com\/fi\/wp-json\/wp\/v2\/types\/post"}],"author":[{"embeddable":true,"href":"https:\/\/www.europesays.com\/fi\/wp-json\/wp\/v2\/users\/2"}],"replies":[{"embeddable":true,"href":"https:\/\/www.europesays.com\/fi\/wp-json\/wp\/v2\/comments?post=139839"}],"version-history":[{"count":0,"href":"https:\/\/www.europesays.com\/fi\/wp-json\/wp\/v2\/posts\/139839\/revisions"}],"wp:featuredmedia":[{"embeddable":true,"href":"https:\/\/www.europesays.com\/fi\/wp-json\/wp\/v2\/media\/139840"}],"wp:attachment":[{"href":"https:\/\/www.europesays.com\/fi\/wp-json\/wp\/v2\/media?parent=139839"}],"wp:term":[{"taxonomy":"category","embeddable":true,"href":"https:\/\/www.europesays.com\/fi\/wp-json\/wp\/v2\/categories?post=139839"},{"taxonomy":"post_tag","embeddable":true,"href":"https:\/\/www.europesays.com\/fi\/wp-json\/wp\/v2\/tags?post=139839"}],"curies":[{"name":"wp","href":"https:\/\/api.w.org\/{rel}","templated":true}]}}